{"id":3648,"date":"2013-11-22T19:00:42","date_gmt":"2013-11-22T22:00:42","guid":{"rendered":"http:\/\/www.atecordoba.org\/?p=3648"},"modified":"2013-11-22T19:00:42","modified_gmt":"2013-11-22T22:00:42","slug":"el-departamento-de-salud-laboral-participo-de-un-encuentro-de-capacitacion-en-capital-federal","status":"publish","type":"post","link":"https:\/\/atecordoba.org\/?p=3648","title":{"rendered":"El departamento de Salud Laboral particip\u00f3 de un encuentro de capacitaci\u00f3n en Capital Federal"},"content":{"rendered":"<p><em>El encuentro, dividido en dos jornadas, se focaliz\u00f3 en capacitar a compa\u00f1eros del \u00e1rea de salud laboral de distintas provincias del pa\u00eds en los riesgos psicosociales y de violencia laboral que deben afrontarse en el en el lugar de trabajo.<\/em><\/p>\n<p style=\"text-align: center;\"><a href=\"http:\/\/www.atecordoba.org\/wp-content\/uploads\/2013\/11\/taller-violencia-institucional.jpg\"><img loading=\"lazy\" decoding=\"async\" class=\"size-full wp-image-3649 aligncenter\" alt=\"taller violencia institucional\" src=\"http:\/\/www.atecordoba.org\/wp-content\/uploads\/2013\/11\/taller-violencia-institucional.jpg\" width=\"300\" height=\"225\" \/><\/a><\/p>\n<p>En representaci\u00f3n del CDP de C\u00f3rdoba, el compa\u00f1ero Daniel Fenoglio, integrante del Departamento de Salud Laboral, particip\u00f3 del encuentro organizado por la CTA Capital Federal. Se trat\u00f3 de dos encuentros, bajo el t\u00edtulo &#8220;Violencia institucional como riesgo psico-social&#8221;. En primero se llev\u00f3 a cabo el 9 de octubre y el segundo el 12 de noviembre. En ambos estuvieron presentes integrantes de los\u00a0equipos de salud laboral de distintos gremios, colaboradores, delegados y activistas.<\/p>\n<p>La primera jornada trat\u00f3, b\u00e1sicamente, de los riesgos psicosociales como aquellos que est\u00e1n adquiriendo cada vez mayor influencia en la salud del trabajador, a partir del crecimiento de la precarizaci\u00f3n laboral, con su impronta de trabajo no registrado; del sostenimiento y aumento de la tercerizaci\u00f3n de tareas y de la no discusi\u00f3n paritaria y convencional de las condiciones y seguridad laborales.<\/p>\n<p>La realidad es que la presi\u00f3n psicosocial aparece con gran intensidad en el trabajador que no sabe si le van a renovar el contrato, que su sueldo no le alcanza para llegar a fin de mes, que le asignan tarea sin brindarle los elementos para poder afrontarla , que es discriminado, humillado, etc.<\/p>\n<p>Y est\u00e1 claro que esta presi\u00f3n psicosocial no causa s\u00f3lo &#8220;problemas nerviosos&#8221;. Este estr\u00e9s, literalmente, mata a trav\u00e9s de la provocaci\u00f3n de ACV, infartos, c\u00e1nceres y otras enfermedades.<\/p>\n<p>Aunque el sujeto de esta presi\u00f3n, que se vuelve violencia, se suele personificar en un jefe o patr\u00f3n, lo cierto es que el origen de la violencia es, la mayor\u00eda de las veces institucional y, m\u00e1s profundamente reside en el propio sistema de producci\u00f3n. Hay grandes esfuerzos hechos por las empresas y a\u00fan organismos estatales, para demostrar que la violencia laboral es &#8220;culpa&#8221; de personajes inadaptados socialmente, que cada tanto llegan a jefe y se dedican a violentar a sus subordinados.<\/p>\n<p>De este modo se quiere llevar al plano de las relaciones interpersonales, lo que es un riesgo laboral, con el objeto de liberarse de responsabilidades y, de paso, utilizar como &#8220;fusible&#8221; al jefe violento, cuando tienen que enfrentar una resistencia gremial.<\/p>\n<h2>Violencia laboral<\/h2>\n<p>El segundo encuentro se trat\u00f3 de la violencia laboral como un proceso que tiene su estructura, sus etapas predecibles y sus actores, entre los cuales debe estar el delegado o representante gremial, con una serie de conocimientos y herramientas para poder intervenir de modo estrat\u00e9gico y eficaz en el problema. El primer punto es tratar de definir o conceptualizar el problema que se debe resolver, es decir, poner en palabras y, concretamente, describir el problema. Una correcta y precisa definici\u00f3n del problema, es un buen punto de partida, porque evita ambig\u00fcedades, y sobre todo dispersi\u00f3n de esfuerzos, al no saber, espec\u00edficamente contra qu\u00e9 estamos luchando.<\/p>\n<p>A trav\u00e9s de la investigaci\u00f3n y la acci\u00f3n sindical, se ha podido definir la violencia laboral del siguiente modo: &#8220;es el conjunto de \u00a0conductas <a href=\"http:\/\/www.atecordoba.org\/wp-content\/uploads\/2013\/11\/violencia-laboral.jpg\"><img loading=\"lazy\" decoding=\"async\" class=\"alignright size-full wp-image-3650\" alt=\"violencia laboral\" src=\"http:\/\/www.atecordoba.org\/wp-content\/uploads\/2013\/11\/violencia-laboral.jpg\" width=\"400\" height=\"300\" \/><\/a>desplegadas por el\/los responsables de un lugar de trabajo, que destruye por su repetici\u00f3n e impunidad, la capacidad laboral y la integridad f\u00edsica y ps\u00edquica de los empleados de la misma, degrad\u00e1ndolos como trabajadores y degradando el rendimiento del grupo en el cumplimiento de su tarea&#8221;.<\/p>\n<p>Por otro lado, la violencia laboral tiene una naturaleza estructural y pol\u00edtica; estructural porque es cr\u00f3nica, se mantiene en el tiempo y toma la forma de un proceso; y es pol\u00edtica porque es la \u00fanica manera de imponer un sistema de relaciones laborales precarizadas, producto de decisiones tomadas en niveles superiores.<\/p>\n<p>Las conclusiones del encuentro sumaron herramientas para el trabajo de capacitaci\u00f3n y apoyo que el Concejo Directivo Provincial tendr\u00e1 a su disposici\u00f3n para avanzar en la formaci\u00f3n de delegados y activistas de ATE en C\u00f3rdoba para prevenir y contrarrestar situaciones de violencia laboral. Ese es uno de los principales objetivos del departamento que integran Fenoglio, junto a Susana Juarez, Mart\u00edn Stibel y otros compa\u00f1eros.<\/p>\n","protected":false},"excerpt":{"rendered":"<p>El encuentro, dividido en dos jornadas, se focaliz\u00f3 en capacitar a compa\u00f1eros del \u00e1rea de salud laboral de distintas provincias del pa\u00eds en los riesgos psicosociales y de violencia laboral que deben afrontarse en el en el lugar de trabajo. En representaci\u00f3n del CDP de C\u00f3rdoba, el compa\u00f1ero Daniel Fenoglio, integrante del Departamento de Salud [&hellip;]<\/p>\n","protected":false},"author":1,"featured_media":19220,"comment_status":"open","ping_status":"open","sticky":false,"template":"","format":"standard","meta":{"_exactmetrics_skip_tracking":false,"_exactmetrics_sitenote_active":false,"_exactmetrics_sitenote_note":"","_exactmetrics_sitenote_category":0,"jnews-multi-image_gallery":[],"jnews_single_post":[],"jnews_primary_category":[],"jnews_social_meta":[],"jnews_review":[],"enable_review":"","type":"","name":"","summary":"","brand":"","sku":"","good":[],"bad":[],"score_override":"","override_value":"","rating":[],"price":[],"jnews_override_counter":[],"jnews_post_split":[],"footnotes":""},"categories":[94],"tags":[],"class_list":["post-3648","post","type-post","status-publish","format-standard","has-post-thumbnail","hentry","category-salud-laboral"],"jetpack_featured_media_url":"https:\/\/atecordoba.org\/wp-content\/uploads\/2020\/05\/logo-nuevochico-e1561581322808.png","_links":{"self":[{"href":"https:\/\/atecordoba.org\/index.php?rest_route=\/wp\/v2\/posts\/3648","targetHints":{"allow":["GET"]}}],"collection":[{"href":"https:\/\/atecordoba.org\/index.php?rest_route=\/wp\/v2\/posts"}],"about":[{"href":"https:\/\/atecordoba.org\/index.php?rest_route=\/wp\/v2\/types\/post"}],"author":[{"embeddable":true,"href":"https:\/\/atecordoba.org\/index.php?rest_route=\/wp\/v2\/users\/1"}],"replies":[{"embeddable":true,"href":"https:\/\/atecordoba.org\/index.php?rest_route=%2Fwp%2Fv2%2Fcomments&post=3648"}],"version-history":[{"count":0,"href":"https:\/\/atecordoba.org\/index.php?rest_route=\/wp\/v2\/posts\/3648\/revisions"}],"wp:featuredmedia":[{"embeddable":true,"href":"https:\/\/atecordoba.org\/index.php?rest_route=\/wp\/v2\/media\/19220"}],"wp:attachment":[{"href":"https:\/\/atecordoba.org\/index.php?rest_route=%2Fwp%2Fv2%2Fmedia&parent=3648"}],"wp:term":[{"taxonomy":"category","embeddable":true,"href":"https:\/\/atecordoba.org\/index.php?rest_route=%2Fwp%2Fv2%2Fcategories&post=3648"},{"taxonomy":"post_tag","embeddable":true,"href":"https:\/\/atecordoba.org\/index.php?rest_route=%2Fwp%2Fv2%2Ftags&post=3648"}],"curies":[{"name":"wp","href":"https:\/\/api.w.org\/{rel}","templated":true}]}}