{"id":36470,"date":"2023-04-10T14:07:18","date_gmt":"2023-04-10T17:07:18","guid":{"rendered":"https:\/\/atecordoba.org\/?p=36470"},"modified":"2023-04-11T11:47:37","modified_gmt":"2023-04-11T14:47:37","slug":"hospitales-ate-reclama-nombramientos-en-mina-clavero-para-cubrir-guardias","status":"publish","type":"post","link":"https:\/\/atecordoba.org\/?p=36470","title":{"rendered":"Hospitales: ATE reclama nombramientos en Mina Clavero para cubrir guardias"},"content":{"rendered":"\n<div class=\"wp-block-image\"><figure class=\"aligncenter size-large is-resized\"><img loading=\"lazy\" decoding=\"async\" src=\"https:\/\/atecordoba.org\/wp-content\/uploads\/2023\/04\/WhatsApp-Image-2023-04-10-at-13.33.28-1024x766.jpeg\" alt=\"\" class=\"wp-image-36471\" width=\"768\" height=\"575\" \/><\/figure><\/div>\n\n\n\n<p>La falta de personal en los hospitales provinciales tiene una expresi\u00f3n evidente en la situaci\u00f3n del Hospital de Mina Clavero donde la Guardia carece del personal necesario para cubrir la demanda. <\/p>\n\n\n\n<p>El cuerpo de delegados de ATE est\u00e1 reclamando que el Ministerio de Salud recomponga el plantel que se vio afectado desde fin de marzo, cuando no se renovaron los contratos a plazo LAR, destinados para cubrir la demanda estival, donde la concurrencia se triplica o cuatriplica con el aluvi\u00f3n de turistas que arriba cada veranos al Valle de Traslasierra. <\/p>\n\n\n\n<figure class=\"wp-block-gallery has-nested-images columns-default is-cropped wp-block-gallery-1 is-layout-flex wp-block-gallery-is-layout-flex\">\n<figure class=\"wp-block-image size-large\"><img loading=\"lazy\" decoding=\"async\" width=\"1024\" height=\"532\" data-id=\"36473\" src=\"https:\/\/atecordoba.org\/wp-content\/uploads\/2023\/04\/WhatsApp-Image-2023-04-10-at-13.36.04-1024x532.jpeg\" alt=\"\" class=\"wp-image-36473\" srcset=\"https:\/\/atecordoba.org\/wp-content\/uploads\/2023\/04\/WhatsApp-Image-2023-04-10-at-13.36.04-1024x532.jpeg 1024w, https:\/\/atecordoba.org\/wp-content\/uploads\/2023\/04\/WhatsApp-Image-2023-04-10-at-13.36.04-300x156.jpeg 300w, https:\/\/atecordoba.org\/wp-content\/uploads\/2023\/04\/WhatsApp-Image-2023-04-10-at-13.36.04-768x399.jpeg 768w, https:\/\/atecordoba.org\/wp-content\/uploads\/2023\/04\/WhatsApp-Image-2023-04-10-at-13.36.04-750x390.jpeg 750w, https:\/\/atecordoba.org\/wp-content\/uploads\/2023\/04\/WhatsApp-Image-2023-04-10-at-13.36.04-1140x592.jpeg 1140w, https:\/\/atecordoba.org\/wp-content\/uploads\/2023\/04\/WhatsApp-Image-2023-04-10-at-13.36.04.jpeg 1280w\" sizes=\"auto, (max-width: 1024px) 100vw, 1024px\" \/><\/figure>\n\n\n\n<figure class=\"wp-block-image size-large\"><img loading=\"lazy\" decoding=\"async\" width=\"1024\" height=\"768\" data-id=\"36474\" src=\"https:\/\/atecordoba.org\/wp-content\/uploads\/2023\/04\/WhatsApp-Image-2023-04-10-at-13.40.08-1024x768.jpeg\" alt=\"\" class=\"wp-image-36474\" srcset=\"https:\/\/atecordoba.org\/wp-content\/uploads\/2023\/04\/WhatsApp-Image-2023-04-10-at-13.40.08-1024x768.jpeg 1024w, https:\/\/atecordoba.org\/wp-content\/uploads\/2023\/04\/WhatsApp-Image-2023-04-10-at-13.40.08-300x225.jpeg 300w, https:\/\/atecordoba.org\/wp-content\/uploads\/2023\/04\/WhatsApp-Image-2023-04-10-at-13.40.08-768x576.jpeg 768w, https:\/\/atecordoba.org\/wp-content\/uploads\/2023\/04\/WhatsApp-Image-2023-04-10-at-13.40.08-750x563.jpeg 750w, https:\/\/atecordoba.org\/wp-content\/uploads\/2023\/04\/WhatsApp-Image-2023-04-10-at-13.40.08-1140x855.jpeg 1140w, https:\/\/atecordoba.org\/wp-content\/uploads\/2023\/04\/WhatsApp-Image-2023-04-10-at-13.40.08.jpeg 1280w\" sizes=\"auto, (max-width: 1024px) 100vw, 1024px\" \/><\/figure>\n\n\n\n<figure class=\"wp-block-image size-large\"><img loading=\"lazy\" decoding=\"async\" width=\"1024\" height=\"768\" data-id=\"36472\" src=\"https:\/\/atecordoba.org\/wp-content\/uploads\/2023\/04\/WhatsApp-Image-2023-04-10-at-13.33.27-1024x768.jpeg\" alt=\"\" class=\"wp-image-36472\" srcset=\"https:\/\/atecordoba.org\/wp-content\/uploads\/2023\/04\/WhatsApp-Image-2023-04-10-at-13.33.27-1024x768.jpeg 1024w, https:\/\/atecordoba.org\/wp-content\/uploads\/2023\/04\/WhatsApp-Image-2023-04-10-at-13.33.27-300x225.jpeg 300w, https:\/\/atecordoba.org\/wp-content\/uploads\/2023\/04\/WhatsApp-Image-2023-04-10-at-13.33.27-768x576.jpeg 768w, https:\/\/atecordoba.org\/wp-content\/uploads\/2023\/04\/WhatsApp-Image-2023-04-10-at-13.33.27-1536x1152.jpeg 1536w, https:\/\/atecordoba.org\/wp-content\/uploads\/2023\/04\/WhatsApp-Image-2023-04-10-at-13.33.27-750x563.jpeg 750w, https:\/\/atecordoba.org\/wp-content\/uploads\/2023\/04\/WhatsApp-Image-2023-04-10-at-13.33.27-1140x855.jpeg 1140w, https:\/\/atecordoba.org\/wp-content\/uploads\/2023\/04\/WhatsApp-Image-2023-04-10-at-13.33.27.jpeg 1600w\" sizes=\"auto, (max-width: 1024px) 100vw, 1024px\" \/><\/figure>\n<\/figure>\n\n\n\n<p>&#8220;En este hospital no te tomas vacaciones en el verano pero se refuerza la Guardia con estos contratos&#8221;, explica la delegada de ATE Milagros Sozzi.<\/p>\n\n\n\n<p>&#8220;Ahora se terminaron los contratos y esa gente no est\u00e1. Los lunes qued\u00f3 la Guardia desierta porque de dos m\u00e9dicos, uno estuvo derivado y otro tiene una dolencia que le impide cubrir la Guardia de 24 horas. As\u00ed, la gente se queda sin atenci\u00f3n. Los mi\u00e9rcoles tambi\u00e9n falta personal, al igual los jueves. Ante las falencias, los m\u00e9dicos rotan para intentar cubrir las ausencias pero es tan poco el personal que quedan huecos sin abarcar&#8221;, agrega.<\/p>\n\n\n\n<p>Para que el dato se aun m\u00e1s claro cuenta que el pasado s\u00e1bado de Pascua hubo solo dos m\u00e9dicos de Guardia. &#8220;Por eso hubo que derivar pacientes a Villa Dolores. Adem\u00e1s, est\u00e1n los radi\u00f3logos que piden los chalecos plomados desde el a\u00f1o pasado porque los que tienen est\u00e1n rotos. La direcci\u00f3n anuncia su llegada que nunca se concreta. Y se suma el sistema el\u00e9ctrico con problemas por falta de luces&#8221;, enumera Sozzi.<\/p>\n\n\n\n<figure class=\"wp-block-gallery has-nested-images columns-default is-cropped wp-block-gallery-2 is-layout-flex wp-block-gallery-is-layout-flex\">\n<figure class=\"wp-block-image size-large\"><img loading=\"lazy\" decoding=\"async\" width=\"1024\" height=\"576\" data-id=\"36475\" src=\"https:\/\/atecordoba.org\/wp-content\/uploads\/2023\/04\/WhatsApp-Image-2023-04-10-at-13.40.08-1-1024x576.jpeg\" alt=\"\" class=\"wp-image-36475\" srcset=\"https:\/\/atecordoba.org\/wp-content\/uploads\/2023\/04\/WhatsApp-Image-2023-04-10-at-13.40.08-1-1024x576.jpeg 1024w, https:\/\/atecordoba.org\/wp-content\/uploads\/2023\/04\/WhatsApp-Image-2023-04-10-at-13.40.08-1-300x169.jpeg 300w, https:\/\/atecordoba.org\/wp-content\/uploads\/2023\/04\/WhatsApp-Image-2023-04-10-at-13.40.08-1-768x432.jpeg 768w, https:\/\/atecordoba.org\/wp-content\/uploads\/2023\/04\/WhatsApp-Image-2023-04-10-at-13.40.08-1-750x422.jpeg 750w, https:\/\/atecordoba.org\/wp-content\/uploads\/2023\/04\/WhatsApp-Image-2023-04-10-at-13.40.08-1-1140x641.jpeg 1140w, https:\/\/atecordoba.org\/wp-content\/uploads\/2023\/04\/WhatsApp-Image-2023-04-10-at-13.40.08-1.jpeg 1280w\" sizes=\"auto, (max-width: 1024px) 100vw, 1024px\" \/><\/figure>\n\n\n\n<figure class=\"wp-block-image size-large\"><img loading=\"lazy\" decoding=\"async\" width=\"1024\" height=\"768\" data-id=\"36477\" src=\"https:\/\/atecordoba.org\/wp-content\/uploads\/2023\/04\/WhatsApp-Image-2023-04-10-at-13.33.27-1-1024x768.jpeg\" alt=\"\" class=\"wp-image-36477\" srcset=\"https:\/\/atecordoba.org\/wp-content\/uploads\/2023\/04\/WhatsApp-Image-2023-04-10-at-13.33.27-1-1024x768.jpeg 1024w, https:\/\/atecordoba.org\/wp-content\/uploads\/2023\/04\/WhatsApp-Image-2023-04-10-at-13.33.27-1-300x225.jpeg 300w, https:\/\/atecordoba.org\/wp-content\/uploads\/2023\/04\/WhatsApp-Image-2023-04-10-at-13.33.27-1-768x576.jpeg 768w, https:\/\/atecordoba.org\/wp-content\/uploads\/2023\/04\/WhatsApp-Image-2023-04-10-at-13.33.27-1-1536x1152.jpeg 1536w, https:\/\/atecordoba.org\/wp-content\/uploads\/2023\/04\/WhatsApp-Image-2023-04-10-at-13.33.27-1-750x563.jpeg 750w, https:\/\/atecordoba.org\/wp-content\/uploads\/2023\/04\/WhatsApp-Image-2023-04-10-at-13.33.27-1-1140x855.jpeg 1140w, https:\/\/atecordoba.org\/wp-content\/uploads\/2023\/04\/WhatsApp-Image-2023-04-10-at-13.33.27-1.jpeg 1600w\" sizes=\"auto, (max-width: 1024px) 100vw, 1024px\" \/><\/figure>\n\n\n\n<figure class=\"wp-block-image size-large\"><img loading=\"lazy\" decoding=\"async\" width=\"1024\" height=\"558\" data-id=\"36476\" src=\"https:\/\/atecordoba.org\/wp-content\/uploads\/2023\/04\/WhatsApp-Image-2023-04-10-at-13.40.09-1024x558.jpeg\" alt=\"\" class=\"wp-image-36476\" srcset=\"https:\/\/atecordoba.org\/wp-content\/uploads\/2023\/04\/WhatsApp-Image-2023-04-10-at-13.40.09-1024x558.jpeg 1024w, https:\/\/atecordoba.org\/wp-content\/uploads\/2023\/04\/WhatsApp-Image-2023-04-10-at-13.40.09-300x163.jpeg 300w, https:\/\/atecordoba.org\/wp-content\/uploads\/2023\/04\/WhatsApp-Image-2023-04-10-at-13.40.09-768x418.jpeg 768w, https:\/\/atecordoba.org\/wp-content\/uploads\/2023\/04\/WhatsApp-Image-2023-04-10-at-13.40.09-750x408.jpeg 750w, https:\/\/atecordoba.org\/wp-content\/uploads\/2023\/04\/WhatsApp-Image-2023-04-10-at-13.40.09-1140x621.jpeg 1140w, https:\/\/atecordoba.org\/wp-content\/uploads\/2023\/04\/WhatsApp-Image-2023-04-10-at-13.40.09.jpeg 1280w\" sizes=\"auto, (max-width: 1024px) 100vw, 1024px\" \/><\/figure>\n<\/figure>\n\n\n\n<p>Al tiempo que remarca que &#8220;lo urgente es renovar esos contratos Lar para que se vuelva a completar el equipo de la Guardia. Este es un hospital derivador porque hay muchas especialidades que no se atienden. Y cada traslado debe estar acompa\u00f1ado por un m\u00e9dico, lo que deja a la Guardia aun con menos personal&#8221;, concluye. <\/p>\n\n\n\n<p>La Direcci\u00f3n de nosocomio est\u00e1 informada de la situaci\u00f3n pero no tom\u00f3 ninguna medida hasta el momento. El Hospital de Mina Clavero se encuentra en cruce  entre la ruta 34, conocida como El Camino de las Altas Cumbres, y la ruta 14 que recorre de punta a punta el valle, a escasos kil\u00f3metros de donde el a\u00f1o pasado el legislador y ex ministro de Salud Oscar Gonz\u00e1lez atropell\u00f3 de frente, en un sobrepaso prohibido,  a un auto donde est\u00e1 una docente con su hijita de 15 a\u00f1os y una amiga de la misma edad. El hospital es un punto neur\u00e1lgico para atender accidentes en la zona. <\/p>\n\n\n\n<p><\/p>\n","protected":false},"excerpt":{"rendered":"<p>La falta de personal en los hospitales provinciales tiene una expresi\u00f3n evidente en la situaci\u00f3n del Hospital de Mina Clavero donde la Guardia carece del personal necesario para cubrir la demanda. El cuerpo de delegados de ATE est\u00e1 reclamando que el Ministerio de Salud recomponga el plantel que se vio afectado desde fin de marzo, [&hellip;]<\/p>\n","protected":false},"author":7,"featured_media":36471,"comment_status":"open","ping_status":"open","sticky":false,"template":"","format":"standard","meta":{"_exactmetrics_skip_tracking":false,"_exactmetrics_sitenote_active":false,"_exactmetrics_sitenote_note":"","_exactmetrics_sitenote_category":0,"jnews-multi-image_gallery":[],"jnews_single_post":{"subtitle":"El cuerpo de delegados de ATE est\u00e1 reclamando que el Ministerio de Salud recomponga el plantel que se vio afectado desde fin de marzo, cuando no se renovaron los contratos a plazo LAR, explic\u00f3 la delegada de ATE en el centro de salud, Milagros Sozzi.","format":"standard","video":"","gallery":"","source_name":"","source_url":"","via_name":"","via_url":"","override_template":"0","override":[{"template":"1","single_blog_custom":"","parallax":"1","fullscreen":"1","layout":"right-sidebar","sidebar":"default-sidebar","second_sidebar":"default-sidebar","sticky_sidebar":"1","share_position":"top","share_float_style":"share-monocrhome","show_share_counter":"1","show_view_counter":"1","show_featured":"1","show_post_meta":"1","show_post_author":"1","show_post_author_image":"1","show_post_date":"1","post_date_format":"default","post_date_format_custom":"Y\/m\/d","show_post_category":"1","show_post_reading_time":"0","post_reading_time_wpm":"300","show_zoom_button":"0","zoom_button_out_step":"2","zoom_button_in_step":"3","show_post_tag":"1","show_prev_next_post":"1","show_popup_post":"1","number_popup_post":"1","show_author_box":"0","show_post_related":"0","show_inline_post_related":"0"}],"override_image_size":"0","image_override":[{"single_post_thumbnail_size":"crop-500","single_post_gallery_size":"crop-500"}],"trending_post":"0","trending_post_position":"meta","trending_post_label":"Trending","sponsored_post":"0","sponsored_post_label":"Sponsored by","sponsored_post_name":"","sponsored_post_url":"","sponsored_post_logo_enable":"0","sponsored_post_logo":"","sponsored_post_desc":"","disable_ad":"0"},"jnews_primary_category":{"id":""},"jnews_social_meta":{"fb_title":"","fb_description":"","fb_image":"","twitter_title":"","twitter_description":"","twitter_image":""},"jnews_review":[],"enable_review":"0","type":"percentage","name":"","summary":"","brand":"","sku":"","good":[{"good_text":""}],"bad":[{"bad_text":""}],"score_override":"","override_value":"","rating":[{"rating_text":"","rating_number":"10"}],"price":[{"shop":"","price":"","link":"","icon":""}],"jnews_override_counter":{"override_view_counter":"0","view_counter_number":"0","override_share_counter":"0","share_counter_number":"0","override_like_counter":"0","like_counter_number":"0","override_dislike_counter":"0","dislike_counter_number":"0"},"jnews_post_split":{"enable_post_split":"0","post_split":[{"template":"1","tag":"h2","numbering":"asc","mode":"normal","first":"0","enable_toc":"0","toc_type":"normal"}]},"footnotes":""},"categories":[1056,8],"tags":[],"class_list":["post-36470","post","type-post","status-publish","format-standard","has-post-thumbnail","hentry","category-traslasierra","category-provinciales"],"jetpack_featured_media_url":"https:\/\/atecordoba.org\/wp-content\/uploads\/2023\/04\/WhatsApp-Image-2023-04-10-at-13.33.28-e1681146302626.jpeg","_links":{"self":[{"href":"https:\/\/atecordoba.org\/index.php?rest_route=\/wp\/v2\/posts\/36470","targetHints":{"allow":["GET"]}}],"collection":[{"href":"https:\/\/atecordoba.org\/index.php?rest_route=\/wp\/v2\/posts"}],"about":[{"href":"https:\/\/atecordoba.org\/index.php?rest_route=\/wp\/v2\/types\/post"}],"author":[{"embeddable":true,"href":"https:\/\/atecordoba.org\/index.php?rest_route=\/wp\/v2\/users\/7"}],"replies":[{"embeddable":true,"href":"https:\/\/atecordoba.org\/index.php?rest_route=%2Fwp%2Fv2%2Fcomments&post=36470"}],"version-history":[{"count":3,"href":"https:\/\/atecordoba.org\/index.php?rest_route=\/wp\/v2\/posts\/36470\/revisions"}],"predecessor-version":[{"id":36493,"href":"https:\/\/atecordoba.org\/index.php?rest_route=\/wp\/v2\/posts\/36470\/revisions\/36493"}],"wp:featuredmedia":[{"embeddable":true,"href":"https:\/\/atecordoba.org\/index.php?rest_route=\/wp\/v2\/media\/36471"}],"wp:attachment":[{"href":"https:\/\/atecordoba.org\/index.php?rest_route=%2Fwp%2Fv2%2Fmedia&parent=36470"}],"wp:term":[{"taxonomy":"category","embeddable":true,"href":"https:\/\/atecordoba.org\/index.php?rest_route=%2Fwp%2Fv2%2Fcategories&post=36470"},{"taxonomy":"post_tag","embeddable":true,"href":"https:\/\/atecordoba.org\/index.php?rest_route=%2Fwp%2Fv2%2Ftags&post=36470"}],"curies":[{"name":"wp","href":"https:\/\/api.w.org\/{rel}","templated":true}]}}