{"id":36467,"date":"2023-04-10T12:24:08","date_gmt":"2023-04-10T15:24:08","guid":{"rendered":"https:\/\/atecordoba.org\/?p=36467"},"modified":"2023-04-10T12:24:09","modified_gmt":"2023-04-10T15:24:09","slug":"traslasierra-ate-avanza-con-la-paritaria-municipal-en-cura-brochero","status":"publish","type":"post","link":"https:\/\/atecordoba.org\/?p=36467","title":{"rendered":"Traslasierra: ATE avanza con la paritaria municipal en Cura Brochero"},"content":{"rendered":"\n<div class=\"wp-block-image\"><figure class=\"aligncenter size-large is-resized\"><img loading=\"lazy\" decoding=\"async\" src=\"https:\/\/atecordoba.org\/wp-content\/uploads\/2023\/04\/WhatsApp-Image-2023-04-10-at-10.59.28-1024x576.jpeg\" alt=\"\" class=\"wp-image-36468\" width=\"768\" height=\"432\" \/><\/figure><\/div>\n\n\n\n<p>En una audiencia realizada hoy ATE Traslasierra alcanz\u00f3 un acuerdo con la Municipalidad de Villa Cura Brochero para que implica el otorgamiento de una recomposici\u00f3n salarial del 35% para el primer semestre del 2023. <\/p>\n\n\n\n<p>En la oportunidad estuvieron presentes en la representaci\u00f3n estatal la secretaria de Prensa del Consejo Directivo Provincial, Julia Giuliani, el referente de ATE Traslasierra, Hugo Galaburri, y los delegados Jos\u00e9 Tapia y Gustavo Cohen. El propio intendente Carlos Mar\u00eda Oviedo firm\u00f3 el acta acuerdo en representaci\u00f3n del Ejecutivo municipal.<\/p>\n\n\n\n<p>El aumento tendr\u00e1 impacto pleno en los b\u00e1sicos salariales y se pagar\u00e1 a trav\u00e9s de un 10% en mayo, 15% en junio -con efecto sobre el medio aguinaldo- y 10 en julio.<\/p>\n\n\n\n<p>Cabe se\u00f1alar que la Direcci\u00f3n de Estad\u00edsticas de la Provincia inform\u00f3 que en el primer bimestre del a\u00f1o C\u00f3rdoba sufri\u00f3 casi 13 puntos de inflaci\u00f3n, superando la media nacional. Para esta semana se espera la difusi\u00f3n de n\u00famero del marzo, que rondar\u00e1 el 7% en el pa\u00eds. <\/p>\n\n\n\n<p>Por otro lado, qued\u00f3 fijada la fecha del 14 de abril para que comience a funcionar el Mesa de Relaciones Laborales, donde ATE y el Estado empleador abordar\u00e1n la agenda de recategorizaciones, items salariales, y se inicie en tratamiento del nuevo Estatuto del empleado municipal donde se reflejen los derechos y obligaciones del plantel de personal dependiente de la Municipalidad de Villa Cura Brochero. <\/p>\n","protected":false},"excerpt":{"rendered":"<p>En una audiencia realizada hoy ATE Traslasierra alcanz\u00f3 un acuerdo con la Municipalidad de Villa Cura Brochero para que implica el otorgamiento de una recomposici\u00f3n salarial del 35% para el primer semestre del 2023. En la oportunidad estuvieron presentes en la representaci\u00f3n estatal la secretaria de Prensa del Consejo Directivo Provincial, Julia Giuliani, el referente [&hellip;]<\/p>\n","protected":false},"author":7,"featured_media":36468,"comment_status":"open","ping_status":"open","sticky":false,"template":"","format":"standard","meta":{"_exactmetrics_skip_tracking":false,"_exactmetrics_sitenote_active":false,"_exactmetrics_sitenote_note":"","_exactmetrics_sitenote_category":0,"jnews-multi-image_gallery":[],"jnews_single_post":{"subtitle":"Durante la audiencia celebrada hoy se acord\u00f3 un aumento de haberes del 35% para el primer semestre del a\u00f1o. Esta semana comienzan a discutirse recategorizaciones e items pendientes de pago, junto al tratamiento del nuevo Estatuto del empleado municipal, en el marco del funcionamiento de la Mesa de Relaciones Laborales.","format":"standard","video":"","gallery":"","source_name":"","source_url":"","via_name":"","via_url":"","override_template":"0","override":[{"template":"1","single_blog_custom":"","parallax":"1","fullscreen":"1","layout":"right-sidebar","sidebar":"default-sidebar","second_sidebar":"default-sidebar","sticky_sidebar":"1","share_position":"top","share_float_style":"share-monocrhome","show_share_counter":"1","show_view_counter":"1","show_featured":"1","show_post_meta":"1","show_post_author":"1","show_post_author_image":"1","show_post_date":"1","post_date_format":"default","post_date_format_custom":"Y\/m\/d","show_post_category":"1","show_post_reading_time":"0","post_reading_time_wpm":"300","show_zoom_button":"0","zoom_button_out_step":"2","zoom_button_in_step":"3","show_post_tag":"1","show_prev_next_post":"1","show_popup_post":"1","number_popup_post":"1","show_author_box":"0","show_post_related":"0","show_inline_post_related":"0"}],"override_image_size":"0","image_override":[{"single_post_thumbnail_size":"crop-500","single_post_gallery_size":"crop-500"}],"trending_post":"0","trending_post_position":"meta","trending_post_label":"Trending","sponsored_post":"0","sponsored_post_label":"Sponsored by","sponsored_post_name":"","sponsored_post_url":"","sponsored_post_logo_enable":"0","sponsored_post_logo":"","sponsored_post_desc":"","disable_ad":"0"},"jnews_primary_category":{"id":""},"jnews_social_meta":{"fb_title":"","fb_description":"","fb_image":"","twitter_title":"","twitter_description":"","twitter_image":""},"jnews_review":[],"enable_review":"0","type":"percentage","name":"","summary":"","brand":"","sku":"","good":[{"good_text":""}],"bad":[{"bad_text":""}],"score_override":"","override_value":"","rating":[{"rating_text":"","rating_number":"10"}],"price":[{"shop":"","price":"","link":"","icon":""}],"jnews_override_counter":{"override_view_counter":"0","view_counter_number":"0","override_share_counter":"0","share_counter_number":"0","override_like_counter":"0","like_counter_number":"0","override_dislike_counter":"0","dislike_counter_number":"0"},"jnews_post_split":{"enable_post_split":"0","post_split":[{"template":"1","tag":"h2","numbering":"asc","mode":"normal","first":"0","enable_toc":"0","toc_type":"normal"}]},"footnotes":""},"categories":[20],"tags":[],"class_list":["post-36467","post","type-post","status-publish","format-standard","has-post-thumbnail","hentry","category-municipales"],"jetpack_featured_media_url":"https:\/\/atecordoba.org\/wp-content\/uploads\/2023\/04\/WhatsApp-Image-2023-04-10-at-10.59.28-e1681140239990.jpeg","_links":{"self":[{"href":"https:\/\/atecordoba.org\/index.php?rest_route=\/wp\/v2\/posts\/36467","targetHints":{"allow":["GET"]}}],"collection":[{"href":"https:\/\/atecordoba.org\/index.php?rest_route=\/wp\/v2\/posts"}],"about":[{"href":"https:\/\/atecordoba.org\/index.php?rest_route=\/wp\/v2\/types\/post"}],"author":[{"embeddable":true,"href":"https:\/\/atecordoba.org\/index.php?rest_route=\/wp\/v2\/users\/7"}],"replies":[{"embeddable":true,"href":"https:\/\/atecordoba.org\/index.php?rest_route=%2Fwp%2Fv2%2Fcomments&post=36467"}],"version-history":[{"count":1,"href":"https:\/\/atecordoba.org\/index.php?rest_route=\/wp\/v2\/posts\/36467\/revisions"}],"predecessor-version":[{"id":36469,"href":"https:\/\/atecordoba.org\/index.php?rest_route=\/wp\/v2\/posts\/36467\/revisions\/36469"}],"wp:featuredmedia":[{"embeddable":true,"href":"https:\/\/atecordoba.org\/index.php?rest_route=\/wp\/v2\/media\/36468"}],"wp:attachment":[{"href":"https:\/\/atecordoba.org\/index.php?rest_route=%2Fwp%2Fv2%2Fmedia&parent=36467"}],"wp:term":[{"taxonomy":"category","embeddable":true,"href":"https:\/\/atecordoba.org\/index.php?rest_route=%2Fwp%2Fv2%2Fcategories&post=36467"},{"taxonomy":"post_tag","embeddable":true,"href":"https:\/\/atecordoba.org\/index.php?rest_route=%2Fwp%2Fv2%2Ftags&post=36467"}],"curies":[{"name":"wp","href":"https:\/\/api.w.org\/{rel}","templated":true}]}}