{"id":36464,"date":"2023-04-05T13:15:47","date_gmt":"2023-04-05T16:15:47","guid":{"rendered":"https:\/\/atecordoba.org\/?p=36464"},"modified":"2023-04-05T13:16:32","modified_gmt":"2023-04-05T16:16:32","slug":"holmberg-ate-rio-cuarto-acordo-33-de-aumento-salarial-para-el-primer-semestre-del-ano","status":"publish","type":"post","link":"https:\/\/atecordoba.org\/?p=36464","title":{"rendered":"Holmberg: ATE R\u00edo Cuarto acord\u00f3 33% de aumento salarial para el primer semestre del a\u00f1o"},"content":{"rendered":"\n<div class=\"wp-block-image\"><figure class=\"aligncenter size-full\"><img decoding=\"async\" src=\"https:\/\/atecordoba.org\/wp-content\/uploads\/2023\/04\/holmberg-rafaela-intendente.png\" alt=\"\" class=\"wp-image-36465\" \/><\/figure><\/div>\n\n\n\n<p class=\"has-text-align-left\">La seccional ATE R\u00edo Cuarto alcanz\u00f3 un acuerdo salarial con la Municipalidad de Holmberg que significar\u00e1 un incremento salarial de 33% para los haberes de las y los trabajadores municipales de la localidad. <\/p>\n\n\n\n<p>La recomposici\u00f3n se aplicar\u00e1 en tres cuotas de 10% en los meses de abril, mayo y junio, y alcanza el 33% por tratarse de incrementos acumulativos con el salario del mes anterior. <\/p>\n\n\n\n<p>En representaci\u00f3n de la seccional estuvo presente la secretaria General de ATE R\u00edo Cuarto, Rafaela Alcoba, acompa\u00f1ada por el delegado Sergio De Haes y la integrante de la Comisi\u00f3n Directiva Ana Savini. En tanto, por el Ejecutivo municipal rubric\u00f3 el acuerdo el Intendente Miguel Negro.<\/p>\n\n\n\n<p>Por otra parte, qued\u00f3 establecida mediante acta acuerdo, la reapertura de paritarias para el mes de junio pr\u00f3ximo.<\/p>\n","protected":false},"excerpt":{"rendered":"<p>La seccional ATE R\u00edo Cuarto alcanz\u00f3 un acuerdo salarial con la Municipalidad de Holmberg que significar\u00e1 un incremento salarial de 33% para los haberes de las y los trabajadores municipales de la localidad. La recomposici\u00f3n se aplicar\u00e1 en tres cuotas de 10% en los meses de abril, mayo y junio, y alcanza el 33% por [&hellip;]<\/p>\n","protected":false},"author":7,"featured_media":36465,"comment_status":"open","ping_status":"open","sticky":false,"template":"","format":"standard","meta":{"_exactmetrics_skip_tracking":false,"_exactmetrics_sitenote_active":false,"_exactmetrics_sitenote_note":"","_exactmetrics_sitenote_category":0,"jnews-multi-image_gallery":[],"jnews_single_post":{"subtitle":"El incremento de haberes se pagar\u00e1 en tres cuotas y qued\u00f3 establecida la reapertura de las paritarias para el mes de junio.","format":"standard","video":"","gallery":"","source_name":"","source_url":"","via_name":"","via_url":"","override_template":"0","override":[{"template":"1","single_blog_custom":"","parallax":"1","fullscreen":"1","layout":"right-sidebar","sidebar":"default-sidebar","second_sidebar":"default-sidebar","sticky_sidebar":"1","share_position":"top","share_float_style":"share-monocrhome","show_share_counter":"1","show_view_counter":"1","show_featured":"1","show_post_meta":"1","show_post_author":"1","show_post_author_image":"1","show_post_date":"1","post_date_format":"default","post_date_format_custom":"Y\/m\/d","show_post_category":"1","show_post_reading_time":"0","post_reading_time_wpm":"300","show_zoom_button":"0","zoom_button_out_step":"2","zoom_button_in_step":"3","show_post_tag":"1","show_prev_next_post":"1","show_popup_post":"1","number_popup_post":"1","show_author_box":"0","show_post_related":"0","show_inline_post_related":"0"}],"override_image_size":"0","image_override":[{"single_post_thumbnail_size":"crop-500","single_post_gallery_size":"crop-500"}],"trending_post":"0","trending_post_position":"meta","trending_post_label":"Trending","sponsored_post":"0","sponsored_post_label":"Sponsored by","sponsored_post_name":"","sponsored_post_url":"","sponsored_post_logo_enable":"0","sponsored_post_logo":"","sponsored_post_desc":"","disable_ad":"0"},"jnews_primary_category":{"id":""},"jnews_social_meta":{"fb_title":"","fb_description":"","fb_image":"","twitter_title":"","twitter_description":"","twitter_image":""},"jnews_review":[],"enable_review":"0","type":"percentage","name":"","summary":"","brand":"","sku":"","good":[{"good_text":""}],"bad":[{"bad_text":""}],"score_override":"","override_value":"","rating":[{"rating_text":"","rating_number":"10"}],"price":[{"shop":"","price":"","link":"","icon":""}],"jnews_override_counter":{"override_view_counter":"0","view_counter_number":"0","override_share_counter":"0","share_counter_number":"0","override_like_counter":"0","like_counter_number":"0","override_dislike_counter":"0","dislike_counter_number":"0"},"jnews_post_split":{"enable_post_split":"0","post_split":[{"template":"1","tag":"h2","numbering":"asc","mode":"normal","first":"0","enable_toc":"0","toc_type":"normal"}]},"footnotes":""},"categories":[20],"tags":[],"class_list":["post-36464","post","type-post","status-publish","format-standard","has-post-thumbnail","hentry","category-municipales"],"jetpack_featured_media_url":"https:\/\/atecordoba.org\/wp-content\/uploads\/2023\/04\/holmberg-rafaela-intendente-e1680711338276.png","_links":{"self":[{"href":"https:\/\/atecordoba.org\/index.php?rest_route=\/wp\/v2\/posts\/36464","targetHints":{"allow":["GET"]}}],"collection":[{"href":"https:\/\/atecordoba.org\/index.php?rest_route=\/wp\/v2\/posts"}],"about":[{"href":"https:\/\/atecordoba.org\/index.php?rest_route=\/wp\/v2\/types\/post"}],"author":[{"embeddable":true,"href":"https:\/\/atecordoba.org\/index.php?rest_route=\/wp\/v2\/users\/7"}],"replies":[{"embeddable":true,"href":"https:\/\/atecordoba.org\/index.php?rest_route=%2Fwp%2Fv2%2Fcomments&post=36464"}],"version-history":[{"count":1,"href":"https:\/\/atecordoba.org\/index.php?rest_route=\/wp\/v2\/posts\/36464\/revisions"}],"predecessor-version":[{"id":36466,"href":"https:\/\/atecordoba.org\/index.php?rest_route=\/wp\/v2\/posts\/36464\/revisions\/36466"}],"wp:featuredmedia":[{"embeddable":true,"href":"https:\/\/atecordoba.org\/index.php?rest_route=\/wp\/v2\/media\/36465"}],"wp:attachment":[{"href":"https:\/\/atecordoba.org\/index.php?rest_route=%2Fwp%2Fv2%2Fmedia&parent=36464"}],"wp:term":[{"taxonomy":"category","embeddable":true,"href":"https:\/\/atecordoba.org\/index.php?rest_route=%2Fwp%2Fv2%2Fcategories&post=36464"},{"taxonomy":"post_tag","embeddable":true,"href":"https:\/\/atecordoba.org\/index.php?rest_route=%2Fwp%2Fv2%2Ftags&post=36464"}],"curies":[{"name":"wp","href":"https:\/\/api.w.org\/{rel}","templated":true}]}}