{"id":3646,"date":"2013-11-22T15:19:52","date_gmt":"2013-11-22T18:19:52","guid":{"rendered":"http:\/\/www.atecordoba.org\/?p=3646"},"modified":"2013-11-22T15:19:52","modified_gmt":"2013-11-22T18:19:52","slug":"elecciones-de-delegados-en-la-provincia","status":"publish","type":"post","link":"https:\/\/atecordoba.org\/?p=3646","title":{"rendered":"Elecciones de delegados en la Provincia"},"content":{"rendered":"<div><em>Con la participaci\u00f3n del 94% del padr\u00f3n habilitado, se realiz\u00f3 hoy la elecci\u00f3n de delegados gremiales en la Casa del joven de la Provincia, que consagr\u00f3 a los compa\u00f1eros Claudia C\u00e1ceres y Jos\u00e9 Miguel Pesuto para representar el sector por los pr\u00f3ximos dos a\u00f1os. Los compa\u00f1eros de la Casa del Joven se sumaron este a\u00f1o a nuestro gremio, en el marco del conflicto hospitalario.<\/em><\/div>\n<div><\/div>\n<div>Por otro lado, est\u00e1 previsto que el pr\u00f3ximo martes 26 de noviembre se lleve a cabo la elecci\u00f3n complementaria de dos nuevos delegados en el hospital Tr\u00e1nsito C\u00e1ceres de Allende para que se complete el cuerpo de representantes que se encuentra en funcionamiento. El sufragio se realizar\u00e1 desde las 6 de la ma\u00f1ana y hasta las 16 horas y est\u00e1n propuestos los compa\u00f1eros M\u00f3nica Haber y Walter Aban.<\/div>\n<p>&nbsp;<\/p>\n","protected":false},"excerpt":{"rendered":"<p>Con la participaci\u00f3n del 94% del padr\u00f3n habilitado, se realiz\u00f3 hoy la elecci\u00f3n de delegados gremiales en la Casa del joven de la Provincia, que consagr\u00f3 a los compa\u00f1eros Claudia C\u00e1ceres y Jos\u00e9 Miguel Pesuto para representar el sector por los pr\u00f3ximos dos a\u00f1os. Los compa\u00f1eros de la Casa del Joven se sumaron este a\u00f1o [&hellip;]<\/p>\n","protected":false},"author":1,"featured_media":19220,"comment_status":"open","ping_status":"open","sticky":false,"template":"","format":"standard","meta":{"_exactmetrics_skip_tracking":false,"_exactmetrics_sitenote_active":false,"_exactmetrics_sitenote_note":"","_exactmetrics_sitenote_category":0,"jnews-multi-image_gallery":[],"jnews_single_post":[],"jnews_primary_category":[],"jnews_social_meta":[],"jnews_review":[],"enable_review":"","type":"","name":"","summary":"","brand":"","sku":"","good":[],"bad":[],"score_override":"","override_value":"","rating":[],"price":[],"jnews_override_counter":[],"jnews_post_split":[],"footnotes":""},"categories":[53,7,8],"tags":[],"class_list":["post-3646","post","type-post","status-publish","format-standard","has-post-thumbnail","hentry","category-comunicados-de-prensa","category-hospitales","category-provinciales"],"jetpack_featured_media_url":"https:\/\/atecordoba.org\/wp-content\/uploads\/2020\/05\/logo-nuevochico-e1561581322808.png","_links":{"self":[{"href":"https:\/\/atecordoba.org\/index.php?rest_route=\/wp\/v2\/posts\/3646","targetHints":{"allow":["GET"]}}],"collection":[{"href":"https:\/\/atecordoba.org\/index.php?rest_route=\/wp\/v2\/posts"}],"about":[{"href":"https:\/\/atecordoba.org\/index.php?rest_route=\/wp\/v2\/types\/post"}],"author":[{"embeddable":true,"href":"https:\/\/atecordoba.org\/index.php?rest_route=\/wp\/v2\/users\/1"}],"replies":[{"embeddable":true,"href":"https:\/\/atecordoba.org\/index.php?rest_route=%2Fwp%2Fv2%2Fcomments&post=3646"}],"version-history":[{"count":0,"href":"https:\/\/atecordoba.org\/index.php?rest_route=\/wp\/v2\/posts\/3646\/revisions"}],"wp:featuredmedia":[{"embeddable":true,"href":"https:\/\/atecordoba.org\/index.php?rest_route=\/wp\/v2\/media\/19220"}],"wp:attachment":[{"href":"https:\/\/atecordoba.org\/index.php?rest_route=%2Fwp%2Fv2%2Fmedia&parent=3646"}],"wp:term":[{"taxonomy":"category","embeddable":true,"href":"https:\/\/atecordoba.org\/index.php?rest_route=%2Fwp%2Fv2%2Fcategories&post=3646"},{"taxonomy":"post_tag","embeddable":true,"href":"https:\/\/atecordoba.org\/index.php?rest_route=%2Fwp%2Fv2%2Ftags&post=3646"}],"curies":[{"name":"wp","href":"https:\/\/api.w.org\/{rel}","templated":true}]}}