{"id":36449,"date":"2023-04-03T14:24:19","date_gmt":"2023-04-03T17:24:19","guid":{"rendered":"https:\/\/atecordoba.org\/?p=36449"},"modified":"2023-04-03T14:24:20","modified_gmt":"2023-04-03T17:24:20","slug":"senaf-repudio-a-la-persecucion-antisindical-a-companeras-jefas-de-hogar","status":"publish","type":"post","link":"https:\/\/atecordoba.org\/?p=36449","title":{"rendered":"SENAF: repudio a la persecuci\u00f3n antisindical a compa\u00f1eras jefas de hogar"},"content":{"rendered":"\n<div class=\"wp-block-image\"><figure class=\"aligncenter size-large is-resized\"><img loading=\"lazy\" decoding=\"async\" src=\"https:\/\/atecordoba.org\/wp-content\/uploads\/2023\/04\/WhatsApp-Image-2023-04-03-at-14.09.38-1024x1024.jpeg\" alt=\"\" class=\"wp-image-36450\" width=\"768\" height=\"768\" srcset=\"https:\/\/atecordoba.org\/wp-content\/uploads\/2023\/04\/WhatsApp-Image-2023-04-03-at-14.09.38-1024x1024.jpeg 1024w, https:\/\/atecordoba.org\/wp-content\/uploads\/2023\/04\/WhatsApp-Image-2023-04-03-at-14.09.38-300x300.jpeg 300w, https:\/\/atecordoba.org\/wp-content\/uploads\/2023\/04\/WhatsApp-Image-2023-04-03-at-14.09.38-150x150.jpeg 150w, https:\/\/atecordoba.org\/wp-content\/uploads\/2023\/04\/WhatsApp-Image-2023-04-03-at-14.09.38-768x768.jpeg 768w, https:\/\/atecordoba.org\/wp-content\/uploads\/2023\/04\/WhatsApp-Image-2023-04-03-at-14.09.38-560x560.jpeg 560w, https:\/\/atecordoba.org\/wp-content\/uploads\/2023\/04\/WhatsApp-Image-2023-04-03-at-14.09.38-75x75.jpeg 75w, https:\/\/atecordoba.org\/wp-content\/uploads\/2023\/04\/WhatsApp-Image-2023-04-03-at-14.09.38-350x350.jpeg 350w, https:\/\/atecordoba.org\/wp-content\/uploads\/2023\/04\/WhatsApp-Image-2023-04-03-at-14.09.38-750x750.jpeg 750w, https:\/\/atecordoba.org\/wp-content\/uploads\/2023\/04\/WhatsApp-Image-2023-04-03-at-14.09.38.jpeg 1080w\" sizes=\"auto, (max-width: 768px) 100vw, 768px\" \/><\/figure><\/div>\n\n\n\n<p>El Departamento de G\u00e9nero y Diversidades de ATE C\u00f3rdoba repudia los actos de persecuci\u00f3n y de acoso laboral perpetrados por funcionarios del Gobierno de C\u00f3rdoba hacia nuestras compa\u00f1eras delegadas y trabajadoras de las residencias de SENAF, mayoritariamente mujeres jefas de hogar, de familias monomarentales y precarizadas. <\/p>\n\n\n\n<p>Se trata de compa\u00f1eras que realizan un trabajo de cuidado y acompa\u00f1amiento a j\u00f3venes en situaci\u00f3n de vulnerabilidad social, sin ning\u00fan tipo de encuadre profesional, poniendo toda su voluntad y compromiso con los chicos. <\/p>\n\n\n\n<p>En este marco, donde no existe ninguna medida de cuidado por parte de la patronal, cuando las trabajadoras deciden organizarse la respuesta es el amedrentamiento y la persecuci\u00f3n por ser parte de un gremio como ATE. <\/p>\n\n\n\n<p>A pesar de este panorama, en este \u00faltimo tiempo aumentaron el n\u00famero de afiliaciones a causa de las p\u00e9simas condiciones laborales, por ser un trabajo de riesgo, mal pago y precarizado. <\/p>\n\n\n\n<p>Desde ATE no vamos a admitir el destrato hacia nuestras compa\u00f1eras, con la certeza de que no estamos m\u00e1s solas y que vamos a seguir como estatales peleando por nuestra dignidad y los derechos de las personas con las que trabajamos.<\/p>\n","protected":false},"excerpt":{"rendered":"<p>El Departamento de G\u00e9nero y Diversidades de ATE C\u00f3rdoba repudia los actos de persecuci\u00f3n y de acoso laboral perpetrados por funcionarios del Gobierno de C\u00f3rdoba hacia nuestras compa\u00f1eras delegadas y trabajadoras de las residencias de SENAF, mayoritariamente mujeres jefas de hogar, de familias monomarentales y precarizadas. Se trata de compa\u00f1eras que realizan un trabajo de [&hellip;]<\/p>\n","protected":false},"author":7,"featured_media":36451,"comment_status":"open","ping_status":"open","sticky":false,"template":"","format":"standard","meta":{"_exactmetrics_skip_tracking":false,"_exactmetrics_sitenote_active":false,"_exactmetrics_sitenote_note":"","_exactmetrics_sitenote_category":0,"jnews-multi-image_gallery":[],"jnews_single_post":{"subtitle":"Se trata de compa\u00f1eras que realizan un trabajo de cuidado y acompa\u00f1amiento a j\u00f3venes en situaci\u00f3n de vulnerabilidad social, sin ning\u00fan tipo de encuadre profesional, poniendo toda su voluntad y compromiso con los chicos. En este marco, donde no existe ninguna medida de cuidado por parte de la patronal, cuando las trabajadoras deciden organizarse la respuesta es el amedrentamiento y la persecuci\u00f3n por ser parte de un gremio como ATE. ","format":"standard","video":"","gallery":"","source_name":"","source_url":"","via_name":"","via_url":"","override_template":"0","override":[{"template":"1","single_blog_custom":"","parallax":"1","fullscreen":"1","layout":"right-sidebar","sidebar":"default-sidebar","second_sidebar":"default-sidebar","sticky_sidebar":"1","share_position":"top","share_float_style":"share-monocrhome","show_share_counter":"1","show_view_counter":"1","show_featured":"1","show_post_meta":"1","show_post_author":"1","show_post_author_image":"1","show_post_date":"1","post_date_format":"default","post_date_format_custom":"Y\/m\/d","show_post_category":"1","show_post_reading_time":"0","post_reading_time_wpm":"300","show_zoom_button":"0","zoom_button_out_step":"2","zoom_button_in_step":"3","show_post_tag":"1","show_prev_next_post":"1","show_popup_post":"1","number_popup_post":"1","show_author_box":"0","show_post_related":"0","show_inline_post_related":"0"}],"override_image_size":"0","image_override":[{"single_post_thumbnail_size":"crop-500","single_post_gallery_size":"crop-500"}],"trending_post":"0","trending_post_position":"meta","trending_post_label":"Trending","sponsored_post":"0","sponsored_post_label":"Sponsored by","sponsored_post_name":"","sponsored_post_url":"","sponsored_post_logo_enable":"0","sponsored_post_logo":"","sponsored_post_desc":"","disable_ad":"0"},"jnews_primary_category":{"id":""},"jnews_social_meta":{"fb_title":"","fb_description":"","fb_image":"","twitter_title":"","twitter_description":"","twitter_image":""},"jnews_review":[],"enable_review":"0","type":"percentage","name":"","summary":"","brand":"","sku":"","good":[{"good_text":""}],"bad":[{"bad_text":""}],"score_override":"","override_value":"","rating":[{"rating_text":"","rating_number":"10"}],"price":[{"shop":"","price":"","link":"","icon":""}],"jnews_override_counter":{"override_view_counter":"0","view_counter_number":"0","override_share_counter":"0","share_counter_number":"0","override_like_counter":"0","like_counter_number":"0","override_dislike_counter":"0","dislike_counter_number":"0"},"jnews_post_split":{"enable_post_split":"0","post_split":[{"template":"1","tag":"h2","numbering":"asc","mode":"normal","first":"0","enable_toc":"0","toc_type":"normal"}]},"footnotes":""},"categories":[104],"tags":[],"class_list":["post-36449","post","type-post","status-publish","format-standard","has-post-thumbnail","hentry","category-departamento-de-salud"],"jetpack_featured_media_url":"https:\/\/atecordoba.org\/wp-content\/uploads\/2023\/04\/senafportada-e1680542538635.jpeg","_links":{"self":[{"href":"https:\/\/atecordoba.org\/index.php?rest_route=\/wp\/v2\/posts\/36449","targetHints":{"allow":["GET"]}}],"collection":[{"href":"https:\/\/atecordoba.org\/index.php?rest_route=\/wp\/v2\/posts"}],"about":[{"href":"https:\/\/atecordoba.org\/index.php?rest_route=\/wp\/v2\/types\/post"}],"author":[{"embeddable":true,"href":"https:\/\/atecordoba.org\/index.php?rest_route=\/wp\/v2\/users\/7"}],"replies":[{"embeddable":true,"href":"https:\/\/atecordoba.org\/index.php?rest_route=%2Fwp%2Fv2%2Fcomments&post=36449"}],"version-history":[{"count":1,"href":"https:\/\/atecordoba.org\/index.php?rest_route=\/wp\/v2\/posts\/36449\/revisions"}],"predecessor-version":[{"id":36452,"href":"https:\/\/atecordoba.org\/index.php?rest_route=\/wp\/v2\/posts\/36449\/revisions\/36452"}],"wp:featuredmedia":[{"embeddable":true,"href":"https:\/\/atecordoba.org\/index.php?rest_route=\/wp\/v2\/media\/36451"}],"wp:attachment":[{"href":"https:\/\/atecordoba.org\/index.php?rest_route=%2Fwp%2Fv2%2Fmedia&parent=36449"}],"wp:term":[{"taxonomy":"category","embeddable":true,"href":"https:\/\/atecordoba.org\/index.php?rest_route=%2Fwp%2Fv2%2Fcategories&post=36449"},{"taxonomy":"post_tag","embeddable":true,"href":"https:\/\/atecordoba.org\/index.php?rest_route=%2Fwp%2Fv2%2Ftags&post=36449"}],"curies":[{"name":"wp","href":"https:\/\/api.w.org\/{rel}","templated":true}]}}