{"id":36422,"date":"2023-03-31T11:36:44","date_gmt":"2023-03-31T14:36:44","guid":{"rendered":"https:\/\/atecordoba.org\/?p=36422"},"modified":"2023-03-31T12:16:09","modified_gmt":"2023-03-31T15:16:09","slug":"la-nacion-volvio-a-senalizar-el-hospital-santa-maria-de-punilla-como-sitio-de-memoria-del-terrorismo-de-estado","status":"publish","type":"post","link":"https:\/\/atecordoba.org\/?p=36422","title":{"rendered":"La Naci\u00f3n volvi\u00f3 a se\u00f1alizar el Hospital Santa Mar\u00eda de Punilla como Sitio de Memoria del terrorismo de Estado"},"content":{"rendered":"\n<div class=\"wp-block-image\"><figure class=\"aligncenter size-large is-resized\"><img loading=\"lazy\" decoding=\"async\" src=\"https:\/\/atecordoba.org\/wp-content\/uploads\/2023\/03\/senalizacion-stamaria-1024x683.jpeg\" alt=\"\" class=\"wp-image-36423\" width=\"768\" height=\"512\" \/><\/figure><\/div>\n\n\n\n<p>Ayer por la ma\u00f1ana se llev\u00f3 a cabo una nueva se\u00f1alizaci\u00f3n del Hospital Santa Mar\u00eda, para reinstalar un cartel vandalizado y reforzar el compromiso con la vigencia democr\u00e1tica de los DDHH tal como lo iniciara ATE, hace ya m\u00e1s de una d\u00e9cada a partir de la iniciativa de las y los compa\u00f1eros que integraron la seccional Santa Mar\u00eda y cuya comisi\u00f3n directiva fue secuestrada por una horda de la Aeron\u00e1utica el 26 de mayo de 1976.<\/p>\n\n\n\n<p>Ayer se rubric\u00f3 ese compromiso con la iniciativa de la Secretar\u00eda de DDHH del Estado nacional, que env\u00edo un grupo de funcionarios para la ocasi\u00f3n. Tampoco estuvo ausente el intendente de la localidad, Dar\u00edo Zanotti, dando cuenta de la dimensi\u00f3n institucional que tiene este reivindicaci\u00f3n para la regi\u00f3n. <\/p>\n\n\n\n<div class=\"wp-block-image\"><figure class=\"alignright size-large is-resized\"><img loading=\"lazy\" decoding=\"async\" src=\"https:\/\/atecordoba.org\/wp-content\/uploads\/2023\/03\/WhatsApp-Image-2023-03-30-at-14.27.16-1024x768.jpeg\" alt=\"\" class=\"wp-image-36425\" width=\"512\" height=\"384\" srcset=\"https:\/\/atecordoba.org\/wp-content\/uploads\/2023\/03\/WhatsApp-Image-2023-03-30-at-14.27.16-1024x768.jpeg 1024w, https:\/\/atecordoba.org\/wp-content\/uploads\/2023\/03\/WhatsApp-Image-2023-03-30-at-14.27.16-300x225.jpeg 300w, https:\/\/atecordoba.org\/wp-content\/uploads\/2023\/03\/WhatsApp-Image-2023-03-30-at-14.27.16-768x576.jpeg 768w, https:\/\/atecordoba.org\/wp-content\/uploads\/2023\/03\/WhatsApp-Image-2023-03-30-at-14.27.16-1536x1152.jpeg 1536w, https:\/\/atecordoba.org\/wp-content\/uploads\/2023\/03\/WhatsApp-Image-2023-03-30-at-14.27.16-750x563.jpeg 750w, https:\/\/atecordoba.org\/wp-content\/uploads\/2023\/03\/WhatsApp-Image-2023-03-30-at-14.27.16-1140x855.jpeg 1140w, https:\/\/atecordoba.org\/wp-content\/uploads\/2023\/03\/WhatsApp-Image-2023-03-30-at-14.27.16.jpeg 1600w\" sizes=\"auto, (max-width: 512px) 100vw, 512px\" \/><figcaption>Julia Giuliani, junto al referente de los DDHH Luis Miguel Vitin Baronetto.<\/figcaption><\/figure><\/div>\n\n\n\n<p>Una delegaci\u00f3n de ATE particip\u00f3 del acto, encabezada por nuestro secretario General, Federico Giuliani, e integrada por la secretaria de Prensa, Julia Giuliani, el director del Departamento de Culturas del Consejo Directivo Provincial, Mart\u00edn Cagnani, el secretario de Formaci\u00f3n y director del Departamento de DDHH, C\u00e9sar Theaux, y el compa\u00f1ero delegado de ANAC, juan Jos\u00e9 Ju\u00e1rez. Tambi\u00e9n se destac\u00f3 la presencia del referente de la CTA Punilla juan Pablo Pozzi. <\/p>\n\n\n\n<p>Vali\u00f3 la oportunidad para reivindicar a compa\u00f1eros y compa\u00f1eras, como Carlos Alberto &#8216;Lito&#8217; Carranza, Nora Cendra, Marta Fontana, el Negro Albornoz, integrantes de aquella CD de Santa Mar\u00eda que protagoniz\u00f3 no solo un proceso de \u00edndole gremial muy importante en la d\u00e9cada del &#8217;70, sino tambi\u00e9n de car\u00e1cter terap\u00e9utico para la atenci\u00f3n de las y los pacientes que padecen enfermedades psiqui\u00e1tricas y que estaban internados en el centro de salud. <\/p>\n\n\n\n<p>Al menos un pabell\u00f3n del complejo estatal fue utilizado para secuestros y torturas durante el terrorismo estatal, rescat\u00f3 la cr\u00f3nica period\u00edstica para la fecha. &#8220;La se\u00f1alizaci\u00f3n de este centro clandestino de detenci\u00f3n la venimos trabajando junto al Archivo Provincial de la Memoria y la Direcci\u00f3n Nacional de Sitios de Memoria, y es el pago de una deuda pendiente para con los compa\u00f1eros que permanecieron secuestrados all\u00ed durante un a\u00f1o o un a\u00f1o y medio, seg\u00fan los testimonios&#8221;, se\u00f1al\u00f3 la activista Cristina Bustamante. <\/p>\n\n\n\n<p>Vale se\u00f1alar que el cartel se\u00f1alizado est\u00e1 ubicado en Costanera y Cetr\u00e1ngolo, en el ingreso al que en ese momento era el Hospital-Colonia.<\/p>\n\n\n\n<p><strong>Giuliani: aquellos luchadores nos siguen inspirando<\/strong><\/p>\n\n\n\n<p>A la hora de los discursos, Federico Giuliani reivindic\u00f3 la lucha de Carranza y de el activismo de ATE de la d\u00e9cada del &#8217;70, en el marco de la lucha social que se llev\u00f3 a cabo entonces, donde el movimiento obrero ten\u00eda un rol central para construir una patria socialista, justa, libre y soberana. <\/p>\n\n\n\n<div class=\"wp-block-image\"><figure class=\"alignleft size-large is-resized\"><img loading=\"lazy\" decoding=\"async\" src=\"https:\/\/atecordoba.org\/wp-content\/uploads\/2023\/03\/WhatsApp-Image-2023-03-30-at-14.27.17-1024x768.jpeg\" alt=\"\" class=\"wp-image-36427\" width=\"512\" height=\"384\" srcset=\"https:\/\/atecordoba.org\/wp-content\/uploads\/2023\/03\/WhatsApp-Image-2023-03-30-at-14.27.17-1024x768.jpeg 1024w, https:\/\/atecordoba.org\/wp-content\/uploads\/2023\/03\/WhatsApp-Image-2023-03-30-at-14.27.17-300x225.jpeg 300w, https:\/\/atecordoba.org\/wp-content\/uploads\/2023\/03\/WhatsApp-Image-2023-03-30-at-14.27.17-768x576.jpeg 768w, https:\/\/atecordoba.org\/wp-content\/uploads\/2023\/03\/WhatsApp-Image-2023-03-30-at-14.27.17-1536x1152.jpeg 1536w, https:\/\/atecordoba.org\/wp-content\/uploads\/2023\/03\/WhatsApp-Image-2023-03-30-at-14.27.17-750x563.jpeg 750w, https:\/\/atecordoba.org\/wp-content\/uploads\/2023\/03\/WhatsApp-Image-2023-03-30-at-14.27.17-1140x855.jpeg 1140w, https:\/\/atecordoba.org\/wp-content\/uploads\/2023\/03\/WhatsApp-Image-2023-03-30-at-14.27.17.jpeg 1600w\" sizes=\"auto, (max-width: 512px) 100vw, 512px\" \/><figcaption>La delegaci\u00f3n de ATE, presente en el acto.<\/figcaption><\/figure><\/div>\n\n\n\n<p>El dirigente destac\u00f3 &#8220;la trascendencia de marcar este sitio como lugar de tortura, la importancia de homenajear a los protagonistas que dieron su vida por un pa\u00eds distintos, por una patria socialista, y entender que ac\u00e1 no solo se tortur\u00f3 sino que, como venimos planteando desde hace mucho tiempo de ATE, el reconocimiento a este hospital como trinchera de lucha, como refugio de sue\u00f1os y construcci\u00f3n de v\u00ednculos, amores&nbsp; y solidaridad&#8221; <\/p>\n\n\n\n<p>&#8220;Hubo una comisi\u00f3n directiva de nuestra ATE que sufri\u00f3 la persecuci\u00f3n, el secuestro, la tortura, la c\u00e1rcel, el oprobio en las mazmorras de la dictadura c\u00edvico-militar-eclesi\u00e1stica y olig\u00e1rquica. A nuestra sede sindical que estaba muy cerquita fue dinamitada por las 3 A, nuestra Comisi\u00f3n Directiva secuestrada el 26 de mayo del \u201976. Pero debemos entender que la dictadura genocida dio el golpe en la columna vertebral del proyecto de la patria socialista que era el movimiento obrero. Por eso 70% de las y los presos pol\u00edticos, desaparecidos, ca\u00eddos en combate, exiliados eran miembros de comisiones internas, delegados, de comisiones directivas, porque el ataque no fue contra las personas individuales, los militantes en particular. Fue a la organizaci\u00f3n sindical&#8221;, remarc\u00f3 Giuliani.<\/p>\n\n\n\n<p>Y record\u00f3 que &#8220;en este hospital no solo se planteaban mejores convenios colectivos de trabajo, salarios o condiciones de laburo, sino que nuestra ATE promov\u00eda un nuevo modelo de salud mental, pionero en Latinoam\u00e9rica y evidentemente nuestras compa\u00f1eras y compa\u00f1eros hoy presentes, como Lito Carranza, Nora Cendra, Marta Fontana, el Gringo Sassatelli, el negro Albornoz, que son nuestros mejores exponentes sobrevivientes de esta \u00e9poca, no dejaron su vida para tener un capitalismo m\u00e1s serio, no para un capitalismo humano, no para que paguemos la deuda externa al FMI, sino para construir una patria socialista inclusiva, emancipada, liberada para todos y todas&#8221;.<\/p>\n\n\n\n<p>Giuliani cerr\u00f3 su alocuci\u00f3n remarcando que &#8220;a pesar de los golpes, de la tortura, del miedo, de los ca\u00eddos, como dice el canto, no nos han vencido, las alas siguen intactas&#8221;.<\/p>\n","protected":false},"excerpt":{"rendered":"<p>Ayer por la ma\u00f1ana se llev\u00f3 a cabo una nueva se\u00f1alizaci\u00f3n del Hospital Santa Mar\u00eda, para reinstalar un cartel vandalizado y reforzar el compromiso con la vigencia democr\u00e1tica de los DDHH tal como lo iniciara ATE, hace ya m\u00e1s de una d\u00e9cada a partir de la iniciativa de las y los compa\u00f1eros que integraron la [&hellip;]<\/p>\n","protected":false},"author":7,"featured_media":36423,"comment_status":"open","ping_status":"open","sticky":false,"template":"","format":"standard","meta":{"_exactmetrics_skip_tracking":false,"_exactmetrics_sitenote_active":false,"_exactmetrics_sitenote_note":"","_exactmetrics_sitenote_category":0,"jnews-multi-image_gallery":[],"jnews_single_post":{"subtitle":"\"La dictadura genocida dio el golpe en la columna vertebral del proyecto de la patria socialista que era el movimiento obrero. Por eso 70% de las y los presos pol\u00edticos, desaparecidos, ca\u00eddos en combate, exiliados eran miembros de comisiones internas, delegados, de comisiones directivas, porque el ataque no fue contra las personas individuales, los militantes en particular. Fue a la organizaci\u00f3n sindical\", remarc\u00f3 Federico Giuliani.","format":"standard","video":"","gallery":"","source_name":"","source_url":"","via_name":"","via_url":"","override_template":"0","override":[{"template":"1","single_blog_custom":"","parallax":"1","fullscreen":"1","layout":"right-sidebar","sidebar":"default-sidebar","second_sidebar":"default-sidebar","sticky_sidebar":"1","share_position":"top","share_float_style":"share-monocrhome","show_share_counter":"1","show_view_counter":"1","show_featured":"1","show_post_meta":"1","show_post_author":"1","show_post_author_image":"1","show_post_date":"1","post_date_format":"default","post_date_format_custom":"Y\/m\/d","show_post_category":"1","show_post_reading_time":"0","post_reading_time_wpm":"300","show_zoom_button":"0","zoom_button_out_step":"2","zoom_button_in_step":"3","show_post_tag":"1","show_prev_next_post":"1","show_popup_post":"1","number_popup_post":"1","show_author_box":"0","show_post_related":"0","show_inline_post_related":"0"}],"override_image_size":"0","image_override":[{"single_post_thumbnail_size":"crop-500","single_post_gallery_size":"crop-500"}],"trending_post":"0","trending_post_position":"meta","trending_post_label":"Trending","sponsored_post":"0","sponsored_post_label":"Sponsored by","sponsored_post_name":"","sponsored_post_url":"","sponsored_post_logo_enable":"0","sponsored_post_logo":"","sponsored_post_desc":"","disable_ad":"0"},"jnews_primary_category":{"id":""},"jnews_social_meta":{"fb_title":"","fb_description":"","fb_image":"","twitter_title":"","twitter_description":"","twitter_image":""},"jnews_review":[],"enable_review":"0","type":"percentage","name":"","summary":"","brand":"","sku":"","good":[{"good_text":""}],"bad":[{"bad_text":""}],"score_override":"","override_value":"","rating":[{"rating_text":"","rating_number":"10"}],"price":[{"shop":"","price":"","link":"","icon":""}],"jnews_override_counter":{"override_view_counter":"0","view_counter_number":"0","override_share_counter":"0","share_counter_number":"0","override_like_counter":"0","like_counter_number":"0","override_dislike_counter":"0","dislike_counter_number":"0"},"jnews_post_split":{"enable_post_split":"0","post_split":[{"template":"1","tag":"h2","numbering":"asc","mode":"normal","first":"0","enable_toc":"0","toc_type":"normal"}]},"footnotes":""},"categories":[122],"tags":[],"class_list":["post-36422","post","type-post","status-publish","format-standard","has-post-thumbnail","hentry","category-ddhh"],"jetpack_featured_media_url":"https:\/\/atecordoba.org\/wp-content\/uploads\/2023\/03\/senalizacion-stamaria-e1680273379565.jpeg","_links":{"self":[{"href":"https:\/\/atecordoba.org\/index.php?rest_route=\/wp\/v2\/posts\/36422","targetHints":{"allow":["GET"]}}],"collection":[{"href":"https:\/\/atecordoba.org\/index.php?rest_route=\/wp\/v2\/posts"}],"about":[{"href":"https:\/\/atecordoba.org\/index.php?rest_route=\/wp\/v2\/types\/post"}],"author":[{"embeddable":true,"href":"https:\/\/atecordoba.org\/index.php?rest_route=\/wp\/v2\/users\/7"}],"replies":[{"embeddable":true,"href":"https:\/\/atecordoba.org\/index.php?rest_route=%2Fwp%2Fv2%2Fcomments&post=36422"}],"version-history":[{"count":5,"href":"https:\/\/atecordoba.org\/index.php?rest_route=\/wp\/v2\/posts\/36422\/revisions"}],"predecessor-version":[{"id":36433,"href":"https:\/\/atecordoba.org\/index.php?rest_route=\/wp\/v2\/posts\/36422\/revisions\/36433"}],"wp:featuredmedia":[{"embeddable":true,"href":"https:\/\/atecordoba.org\/index.php?rest_route=\/wp\/v2\/media\/36423"}],"wp:attachment":[{"href":"https:\/\/atecordoba.org\/index.php?rest_route=%2Fwp%2Fv2%2Fmedia&parent=36422"}],"wp:term":[{"taxonomy":"category","embeddable":true,"href":"https:\/\/atecordoba.org\/index.php?rest_route=%2Fwp%2Fv2%2Fcategories&post=36422"},{"taxonomy":"post_tag","embeddable":true,"href":"https:\/\/atecordoba.org\/index.php?rest_route=%2Fwp%2Fv2%2Ftags&post=36422"}],"curies":[{"name":"wp","href":"https:\/\/api.w.org\/{rel}","templated":true}]}}