{"id":36379,"date":"2023-03-28T14:14:07","date_gmt":"2023-03-28T17:14:07","guid":{"rendered":"https:\/\/atecordoba.org\/?p=36379"},"modified":"2023-03-28T14:16:12","modified_gmt":"2023-03-28T17:16:12","slug":"ate-repudia-amenaza-armada-libertaria-contra-local-de-izquierda-socialista-en-la-plata","status":"publish","type":"post","link":"https:\/\/atecordoba.org\/?p=36379","title":{"rendered":"ATE repudia amenaza armada libertaria contra local de Izquierda Socialista en La Plata"},"content":{"rendered":"\n<p><\/p>\n\n\n\n<div class=\"wp-block-image\"><figure class=\"alignleft size-full is-resized\"><img loading=\"lazy\" decoding=\"async\" src=\"https:\/\/atecordoba.org\/wp-content\/uploads\/2023\/03\/local.jpeg\" alt=\"\" class=\"wp-image-36380\" width=\"750\" height=\"750\" srcset=\"https:\/\/atecordoba.org\/wp-content\/uploads\/2023\/03\/local.jpeg 1000w, https:\/\/atecordoba.org\/wp-content\/uploads\/2023\/03\/local-300x300.jpeg 300w, https:\/\/atecordoba.org\/wp-content\/uploads\/2023\/03\/local-150x150.jpeg 150w, https:\/\/atecordoba.org\/wp-content\/uploads\/2023\/03\/local-768x768.jpeg 768w, https:\/\/atecordoba.org\/wp-content\/uploads\/2023\/03\/local-560x560.jpeg 560w, https:\/\/atecordoba.org\/wp-content\/uploads\/2023\/03\/local-75x75.jpeg 75w, https:\/\/atecordoba.org\/wp-content\/uploads\/2023\/03\/local-350x350.jpeg 350w, https:\/\/atecordoba.org\/wp-content\/uploads\/2023\/03\/local-750x750.jpeg 750w\" sizes=\"auto, (max-width: 750px) 100vw, 750px\" \/><figcaption>Captura de pantalla del video que difundi\u00f3 Izquierda Socialista. <\/figcaption><\/figure><\/div>\n\n\n\n<p>A pocos d\u00edas de cumplirse un nuevo aniversario del Golpe de Estado de 1976, las y los compa\u00f1eros del partido Izquierda Socialista recibieron un v\u00eddeo, donde un grupo de encapuchados amenaza con disparar un arma de fuego contra el local de la organizaci\u00f3n en la ciudad de La Plata.<\/p>\n\n\n\n<p>&#8220;En el v\u00eddeo se ve c\u00f3mo dos personas encapuchadas se ubican en la vereda del local, una de ellas saca un arma y hace el gesto de disparar a las personas que se encuentran adentro. El v\u00eddeo se corta inmediatamente y las personas que se encontraban en el local nunca se enteraron de tan grave acto de violencia y cobard\u00eda&#8221;, denunciaron desde Izquierda Socialista, que ya pidieron una audiencia con los ministros nacionales de Interior y Seguridad, Eduardo \u201cWado\u201d de Pedro y An\u00edbal Fern\u00e1ndez, a fin de \u201cque se tomen las medidas urgentes y necesarias contra los responsables de este nuevo y grav\u00edsimo hecho que atenta contra las m\u00e1s elementales libertades democr\u00e1ticas\u201d, quienes deber\u00edan ser detenidos inmediatamente y castigados ejemplarmente.<\/p>\n\n\n\n<p>El Consejo Directivo Provincial de ATE C\u00f3rdoba repudia el acto violento y re\u00f1ido con la normal convivencia democr\u00e1tica. Exigimos el r\u00e1pido esclarecimiento del hecho e instamos a la dirigencia libertaria, que enloda permanentemente el debate p\u00fablico, a que reflexionen sobre lo que sus dichos producen en sus propios seguidores.<\/p>\n\n\n\n<p>Por su parte, el diputado nacional Juan Carlos Giordano se\u00f1al\u00f3 que \u201cfilmaron su propia cruzada \u201ccontra los zurdos\u201d a trav\u00e9s de un video donde se los ve con un arma de fuego apuntando contra quienes estaban en el interior de nuestro local partidario. Es m\u00e1s, en el segundo 0,10 del video se escucha un ruido que podr\u00eda ser del arma gatillada. El video permite identificar a los encapuchados como un grupo de ultra derecha de CABA identificado como GPTV (&#8220;Gorda, puta, trola, vieja&#8221;), seguidores del liberfacho (Javier) Milei&#8221;.<\/p>\n\n\n\n<p>En esa l\u00ednea, Giordano finalizo insertando este acto violento con \u201cuna serie de atentados y vandalizaciones que vienen sufriendo locales de la izquierda, entre ellos Izquierda Socialista. A esto llevan los discursos de los liberfachos como Milei y Espert, contra los que luchan y la izquierda, envalentonando a distintos sectores a ejecutar acciones sumamente grav\u00edsimas y peligrosas. Hechos que no pueden quedar en la impunidad, contra los cuales ya hay importantes pronunciamientos. Llamamos a las organizaciones pol\u00edticas, sindicales, sociales, de derechos humanos y juveniles a pronunciarse&#8221;.<\/p>\n","protected":false},"excerpt":{"rendered":"<p>A pocos d\u00edas de cumplirse un nuevo aniversario del Golpe de Estado de 1976, las y los compa\u00f1eros del partido Izquierda Socialista recibieron un v\u00eddeo, donde un grupo de encapuchados amenaza con disparar un arma de fuego contra el local de la organizaci\u00f3n en la ciudad de La Plata. &#8220;En el v\u00eddeo se ve c\u00f3mo [&hellip;]<\/p>\n","protected":false},"author":7,"featured_media":36381,"comment_status":"open","ping_status":"open","sticky":false,"template":"","format":"standard","meta":{"_exactmetrics_skip_tracking":false,"_exactmetrics_sitenote_active":false,"_exactmetrics_sitenote_note":"","_exactmetrics_sitenote_category":0,"jnews-multi-image_gallery":[],"jnews_single_post":{"subtitle":"El Consejo Directivo Provincial repudia el acto violento y re\u00f1ido con la normal convivencia democr\u00e1tica. Exigimos el r\u00e1pido esclarecimiento del hecho e instamos a la dirigencia libertaria, que enloda permanentemente el debate p\u00fablico, a que reflexionen sobre lo que sus dichos producen en sus propios seguidores. ","format":"standard","video":"","gallery":"","source_name":"","source_url":"","via_name":"","via_url":"","override_template":"0","override":[{"template":"1","single_blog_custom":"","parallax":"1","fullscreen":"1","layout":"right-sidebar","sidebar":"default-sidebar","second_sidebar":"default-sidebar","sticky_sidebar":"1","share_position":"top","share_float_style":"share-monocrhome","show_share_counter":"1","show_view_counter":"1","show_featured":"1","show_post_meta":"1","show_post_author":"1","show_post_author_image":"1","show_post_date":"1","post_date_format":"default","post_date_format_custom":"Y\/m\/d","show_post_category":"1","show_post_reading_time":"0","post_reading_time_wpm":"300","show_zoom_button":"0","zoom_button_out_step":"2","zoom_button_in_step":"3","show_post_tag":"1","show_prev_next_post":"1","show_popup_post":"1","number_popup_post":"1","show_author_box":"0","show_post_related":"0","show_inline_post_related":"0"}],"override_image_size":"0","image_override":[{"single_post_thumbnail_size":"crop-500","single_post_gallery_size":"crop-500"}],"trending_post":"0","trending_post_position":"meta","trending_post_label":"Trending","sponsored_post":"0","sponsored_post_label":"Sponsored by","sponsored_post_name":"","sponsored_post_url":"","sponsored_post_logo_enable":"0","sponsored_post_logo":"","sponsored_post_desc":"","disable_ad":"0"},"jnews_primary_category":{"id":""},"jnews_social_meta":{"fb_title":"","fb_description":"","fb_image":"","twitter_title":"","twitter_description":"","twitter_image":""},"jnews_review":[],"enable_review":"0","type":"percentage","name":"","summary":"","brand":"","sku":"","good":[{"good_text":""}],"bad":[{"bad_text":""}],"score_override":"","override_value":"","rating":[{"rating_text":"","rating_number":"10"}],"price":[{"shop":"","price":"","link":"","icon":""}],"jnews_override_counter":{"override_view_counter":"0","view_counter_number":"0","override_share_counter":"0","share_counter_number":"0","override_like_counter":"0","like_counter_number":"0","override_dislike_counter":"0","dislike_counter_number":"0"},"jnews_post_split":{"enable_post_split":"0","post_split":[{"template":"1","tag":"h2","numbering":"asc","mode":"normal","first":"0","enable_toc":"0","toc_type":"normal"}]},"footnotes":""},"categories":[10],"tags":[],"class_list":["post-36379","post","type-post","status-publish","format-standard","has-post-thumbnail","hentry","category-accion-politica"],"jetpack_featured_media_url":"https:\/\/atecordoba.org\/wp-content\/uploads\/2023\/03\/localpistola-e1680023641901.jpeg","_links":{"self":[{"href":"https:\/\/atecordoba.org\/index.php?rest_route=\/wp\/v2\/posts\/36379","targetHints":{"allow":["GET"]}}],"collection":[{"href":"https:\/\/atecordoba.org\/index.php?rest_route=\/wp\/v2\/posts"}],"about":[{"href":"https:\/\/atecordoba.org\/index.php?rest_route=\/wp\/v2\/types\/post"}],"author":[{"embeddable":true,"href":"https:\/\/atecordoba.org\/index.php?rest_route=\/wp\/v2\/users\/7"}],"replies":[{"embeddable":true,"href":"https:\/\/atecordoba.org\/index.php?rest_route=%2Fwp%2Fv2%2Fcomments&post=36379"}],"version-history":[{"count":2,"href":"https:\/\/atecordoba.org\/index.php?rest_route=\/wp\/v2\/posts\/36379\/revisions"}],"predecessor-version":[{"id":36383,"href":"https:\/\/atecordoba.org\/index.php?rest_route=\/wp\/v2\/posts\/36379\/revisions\/36383"}],"wp:featuredmedia":[{"embeddable":true,"href":"https:\/\/atecordoba.org\/index.php?rest_route=\/wp\/v2\/media\/36381"}],"wp:attachment":[{"href":"https:\/\/atecordoba.org\/index.php?rest_route=%2Fwp%2Fv2%2Fmedia&parent=36379"}],"wp:term":[{"taxonomy":"category","embeddable":true,"href":"https:\/\/atecordoba.org\/index.php?rest_route=%2Fwp%2Fv2%2Fcategories&post=36379"},{"taxonomy":"post_tag","embeddable":true,"href":"https:\/\/atecordoba.org\/index.php?rest_route=%2Fwp%2Fv2%2Ftags&post=36379"}],"curies":[{"name":"wp","href":"https:\/\/api.w.org\/{rel}","templated":true}]}}