{"id":3635,"date":"2013-11-20T17:56:37","date_gmt":"2013-11-20T20:56:37","guid":{"rendered":"http:\/\/www.atecordoba.org\/?p=3635"},"modified":"2013-11-20T17:56:37","modified_gmt":"2013-11-20T20:56:37","slug":"el-ano-que-viene-se-profundizaran-los-conflictos","status":"publish","type":"post","link":"https:\/\/atecordoba.org\/?p=3635","title":{"rendered":"ATE llevo el conflicto hospitalario a la Legislatura mientras se discute el presupuesto 2014"},"content":{"rendered":"<p><i>ATE se moviliz\u00f3 a la Legislatura para reclamar que el gobierno aborde la grave crisis hospitalaria. Los trabajadores llevan tres meses de conflicto en reclamo de una recomposici\u00f3n salarial y por fondos para el funcionamiento de los centros de salud, en momentos que comienza el tratamiento del presupuesto 2014. La CTA particip\u00f3, con sus principales dirigentes de la capital, en el marco del 20N.<\/i><\/p>\n<p style=\"text-align: center;\"><img loading=\"lazy\" decoding=\"async\" class=\"ngg-singlepic ngg-center aligncenter\" alt=\"10\" src=\"http:\/\/www.atecordoba.org\/wp-content\/gallery\/marcha-hospitales-legislatura\/10.png\" width=\"560\" height=\"420\" \/><\/p>\n<p>La convocatoria a la Legislatura se dio en el marco del conflicto que los trabajadores de la salud provincial vienen desarrollando desde septiembre, y de acuerdo a lo resuelto en la asamblea general de delegados del sector realizada la semana pasada.<\/p>\n<p><img loading=\"lazy\" decoding=\"async\" class=\"ngg-singlepic ngg-none alignleft\" alt=\"2\" src=\"http:\/\/www.atecordoba.org\/wp-content\/gallery\/marcha-hospitales-legislatura\/2.png\" width=\"384\" height=\"288\" \/>Una columna de medio millar de compa\u00f1eros se concentr\u00f3 en la Plaza San Mart\u00edn para partir desde all\u00ed hasta la sede legislativa, encabezada por nuestra secretaria General, Mar\u00eda Teresa Romero, el secretariado del Concejo Directivo Provincial, y los principales dirigentes de la CTA, la secretaria Adjunta provincial Soledad Garc\u00eda y el secretario General de Capital, Guido Dreizik. Tambi\u00e9n estuvo presente el secretario General de ATE R\u00edo Tercero, Cristian Colman, junto a un grupo de compa\u00f1eros de esa seccional.<\/p>\n<p>En la oportunidad estuvieron presentes compa\u00f1eros de los hospitales: Tr\u00e1nsito C\u00e1ceres de Allende, San Roque Nuevo, Misericordia, Rawson, Neuropsiqui\u00e1trico, Neonatal, de Ni\u00f1os, C\u00f3rdoba, Pasteur (Villa Mar\u00eda), Vicente Ag\u00fcero (Jes\u00fas Mar\u00eda) y Santa Mar\u00eda (Punilla), conjuntamente con representantes de la Casa del Joven y el Instituto Provincial de Alcoholismo y Drogodependencia (IPAD).<\/p>\n<p>Durante el acto realizado alrededor de las 11 horas, Romero destac\u00f3 la fuerza de los trabajadores para sostener un conflicto tan largo y reclam\u00f3 que el gobierno provincial escuche las demandas del sector. \u201cEstamos pidiendo una recomposici\u00f3n salarial porque la inflaci\u00f3n nos come el bolsillo. Lo saben todos y por algo se fue el secretario de Comercio Guillermo Moreno. Pero as\u00ed como le pedimos a la Naci\u00f3n que cambie las pol\u00edticas, adem\u00e1s de los funcionarios, tambi\u00e9n le reclamamos a la Provincia que destine los fondos necesarios para la atenci\u00f3n sanitaria de los sectores m\u00e1s pobres, esos que se atienden en el hospital p\u00fablico\u201d, dijo la dirigente.<\/p>\n<p>\u201cLa dignidad de los trabajadores es fundamental para que el sistema de salud funcione \u00a0y es en ese marco que pedimos salarios dignos para los <img loading=\"lazy\" decoding=\"async\" class=\"ngg-singlepic ngg-none alignright\" alt=\"9\" src=\"http:\/\/www.atecordoba.org\/wp-content\/gallery\/marcha-hospitales-legislatura\/9.png\" width=\"384\" height=\"288\" \/>compa\u00f1eros, que eleven el b\u00e1sico inicial al nivel de la canasta familiar. Y no aceptamos las chicanas del gobierno, que si somos un gremio chico, que si el conflicto tiene origen kirchnerista, troskista o lo que se les ocurra. ATE es el gremio estatal m\u00e1s grande del pa\u00eds, 280 mil afiliados as\u00ed lo atestiguan. En C\u00f3rdoba hemos crecido mucho, y m\u00e1s este a\u00f1o, y si no ha sido m\u00e1s es debido a que el propio gobierno y alg\u00fan otro agrupamiento se encargaron de trabarlo en la justicia. Pero hoy estamos m\u00e1s fuertes que antes y si no nos escuchan el a\u00f1o que viene se profundizar\u00e1n los conflictos\u201d, dijo Romero con fondo de bombos y redoblantes, mientras los compa\u00f1eros agitaban las banderas.<\/p>\n<p>ATE viene reclamando una ampliaci\u00f3n del presupuesto de salud, pero sobre todo exige que dicho presupuesto se ejecute tal como se aprueba, porque los \u00faltimos a\u00f1os se subejecutaron las partidas destinadas al sistema sanitario. Seg\u00fan denunciaron legisladores opositores, el 40% del presupuesto no se hab\u00eda ejecutado.<\/p>\n<p>Esto se expresa en la falta de mantenimiento \u00a0de la aparatolog\u00eda, la carencia de insumos y medicamentos y, sobre todo la falta de cubertura de los planteles b\u00e1sicos para atender los distintos servicios.<\/p>\n<p>\u201cTambi\u00e9n tenemos el grave problema que son muchos los compa\u00f1eros precarizados. Por eso reclamamos el pase a planta de monotributos y contratos que afectan las condiciones de trabajo\u201d, remarc\u00f3 Julia Bobato, delegada normalizadora del Hospital Neuropsiqui\u00e1trico.<\/p>\n<p><img loading=\"lazy\" decoding=\"async\" class=\"ngg-singlepic ngg-right alignleft\" alt=\"8\" src=\"http:\/\/www.atecordoba.org\/wp-content\/gallery\/marcha-hospitales-legislatura\/8.png\" width=\"336\" height=\"252\" \/>La medida de fuerza de ATE se extendi\u00f3 a Villa Mar\u00eda, donde se realizaron dos cortes de calle. Uno frente al hospital Pasteur y el restante en el ingreso de la F\u00e1brica de P\u00f3lvora. En el Pasteur ATE viene experimentando un fuerte crecimiento que se expresa en grandes asambleas donde participa la mayor\u00eda del personal. El secretario Adjunto de la seccional, Arnaldo Molina, se\u00f1al\u00f3 a los medios locales que los trabajadores del centro de salud, en l\u00ednea con lo que sucede en C\u00f3rdoba\u00a0capital, reclaman por una falta de insumos cada vez m\u00e1s grave, la sangr\u00eda de profesionales que se retiran ante la falta de mejores condiciones y la carencia de presupuesto para materiales e infraestructura.<\/p>\n<p><b>La CTA por un bono de $2000 para estatales y privados.<\/b><\/p>\n<p>Distintas organizaciones de la Central participaron de la movilizaci\u00f3n ya que en C\u00f3rdoba se unieron los reclamos de los trabajadores de la salud con la jornada de paro, protesta y movilizaci\u00f3n en reclamo de un bono de fin de a\u00f1o de $2000.<\/p>\n<p>Estuvieron presentes compa\u00f1eros del CISPREN, la corriente sindical del MST, AMMAR, Mal\u00f3n, telef\u00f3nicos de Utatec, UTS, entre otras organizaciones.<\/p>\n<p>Soledad Garc\u00eda, a cargo de la Central en C\u00f3rdoba por ausencia del compa\u00f1ero Cacho Mengarelli \u2013que est\u00e1 en plena etapa de recuperaci\u00f3n despu\u00e9s <img loading=\"lazy\" decoding=\"async\" class=\"ngg-singlepic ngg-none alignright\" alt=\"5\" src=\"http:\/\/www.atecordoba.org\/wp-content\/gallery\/marcha-hospitales-legislatura\/5.png\" width=\"336\" height=\"252\" \/>del grave accidente que sufri\u00f3-, afirm\u00f3 que ese reclamo apunta a \u201cdar una mano a fin de a\u00f1o a las familias trabajadores en el camino de recuperar la distribuci\u00f3n de la riqueza\u201d. La Sole convoc\u00f3 a participar en la tarde a la S\u00e9ptima Marcha de la Gorra, donde miles de j\u00f3venes salen a repudiar en las calles cordobesas al C\u00f3digo de Faltas, instrumento que utiliza la polic\u00eda provincial para realizar miles de detenciones arbitrarias al a\u00f1o.<\/p>\n<p>Garc\u00eda tambi\u00e9n repudi\u00f3 las amenazas que sufri\u00f3 Sof\u00eda Gatica, integrante de las Madres de Ituzaing\u00f3 que participa activamente en el bloqueo a la planta de la trasnacional Monsanto en la localidad de Malvinas Argentinas.<\/p>\n<p>A su turno, Guido Dreizik, de la CTA C\u00f3rdoba capital, fundament\u00f3 el pedido de un bono de $2000 pesos porque \u201ces de estricta justicia. Todos sabemos que con 100 pesos no podemos comprar lo mismo que hace un a\u00f1o\u201d.<\/p>\n<p>Dreizik hizo referencia a que el 20 de noviembre es el D\u00eda de la Soberan\u00eda y reclam\u00f3 soberan\u00eda sobre los bienes comunes. El dirigente anunci\u00f3 el lanzamiento de la campa\u00f1a nacional para ir hacia un refer\u00e9ndum nacional sobre los bienes comunes \u201cpara que la soberan\u00eda sea nacional\u201d. En ese sentido, diferenci\u00f3 la propuesta de la Central de aquellos grupos ecologistas que se oponen a cualquier desarrollo y se\u00f1al\u00f3 que lo importante es que los argentinos decidan el futuro de los bienes comunes.<\/p>\n<p>En esa l\u00ednea, rescat\u00f3 la iniciativa de los compa\u00f1eros del sector nuclear de ATE, que instalaron una carpa en la Plaza San Mart\u00edn para informar a la comunidad sobre la verdadera actividad que realiza el sector, para contrarrestar un proyecto de ley que pretende designar a C\u00f3rdoba como provincia \u201clibre\u201d de actividad nuclear. \u201cHay que tener mucho cuidado en no terminar siendo funcional a los intereses del imperialismo que quiere detener el crecimiento aut\u00f3nomo de pa\u00edses como el nuestro y que por eso se oponen a la actividad nuclear con fines pac\u00edficos\u201d, finaliz\u00f3.<\/p>\n<p style=\"text-align: left;\"><img loading=\"lazy\" decoding=\"async\" class=\"ngg-singlepic ngg-none aligncenter\" alt=\"1\" src=\"http:\/\/www.atecordoba.org\/wp-content\/gallery\/marcha-hospitales-legislatura\/1.png\" width=\"576\" height=\"432\" \/>Por \u00faltimo, en R\u00edo Cuarto se realiz\u00f3 un corte ruta 8 a la altura de la obra donde Monsanto tiene el proyecto de instalar una planta de tratamiento de semillas transg\u00e9nicas del mismo estilo que en Malvinas Argentinas. \u201cEl ejecutivo municipal debe poner sobre el tapete acepta la instalaci\u00f3n de Monsanto o no, porque la planta se encuentra en el ejido municipal. Entendemos que contamina el medio ambiente y por eso proponemos que se realice una consulta popular para que la poblaci\u00f3n se exprese en ese sentido\u201d, dijo Federico Giuliani, secretario General de la seccional R\u00edo Cuarto.<\/p>\n<p>&nbsp;<\/p>\n","protected":false},"excerpt":{"rendered":"<p>ATE se moviliz\u00f3 a la Legislatura para reclamar que el gobierno aborde la grave crisis hospitalaria. Los trabajadores llevan tres meses de conflicto en reclamo de una recomposici\u00f3n salarial y por fondos para el funcionamiento de los centros de salud, en momentos que comienza el tratamiento del presupuesto 2014. La CTA particip\u00f3, con sus principales [&hellip;]<\/p>\n","protected":false},"author":1,"featured_media":19220,"comment_status":"open","ping_status":"open","sticky":false,"template":"","format":"standard","meta":{"_exactmetrics_skip_tracking":false,"_exactmetrics_sitenote_active":false,"_exactmetrics_sitenote_note":"","_exactmetrics_sitenote_category":0,"jnews-multi-image_gallery":[],"jnews_single_post":[],"jnews_primary_category":[],"jnews_social_meta":[],"jnews_review":[],"enable_review":"","type":"","name":"","summary":"","brand":"","sku":"","good":[],"bad":[],"score_override":"","override_value":"","rating":[],"price":[],"jnews_override_counter":[],"jnews_post_split":[],"footnotes":""},"categories":[92,7,8],"tags":[],"class_list":["post-3635","post","type-post","status-publish","format-standard","has-post-thumbnail","hentry","category-cta","category-hospitales","category-provinciales"],"jetpack_featured_media_url":"https:\/\/atecordoba.org\/wp-content\/uploads\/2020\/05\/logo-nuevochico-e1561581322808.png","_links":{"self":[{"href":"https:\/\/atecordoba.org\/index.php?rest_route=\/wp\/v2\/posts\/3635","targetHints":{"allow":["GET"]}}],"collection":[{"href":"https:\/\/atecordoba.org\/index.php?rest_route=\/wp\/v2\/posts"}],"about":[{"href":"https:\/\/atecordoba.org\/index.php?rest_route=\/wp\/v2\/types\/post"}],"author":[{"embeddable":true,"href":"https:\/\/atecordoba.org\/index.php?rest_route=\/wp\/v2\/users\/1"}],"replies":[{"embeddable":true,"href":"https:\/\/atecordoba.org\/index.php?rest_route=%2Fwp%2Fv2%2Fcomments&post=3635"}],"version-history":[{"count":0,"href":"https:\/\/atecordoba.org\/index.php?rest_route=\/wp\/v2\/posts\/3635\/revisions"}],"wp:featuredmedia":[{"embeddable":true,"href":"https:\/\/atecordoba.org\/index.php?rest_route=\/wp\/v2\/media\/19220"}],"wp:attachment":[{"href":"https:\/\/atecordoba.org\/index.php?rest_route=%2Fwp%2Fv2%2Fmedia&parent=3635"}],"wp:term":[{"taxonomy":"category","embeddable":true,"href":"https:\/\/atecordoba.org\/index.php?rest_route=%2Fwp%2Fv2%2Fcategories&post=3635"},{"taxonomy":"post_tag","embeddable":true,"href":"https:\/\/atecordoba.org\/index.php?rest_route=%2Fwp%2Fv2%2Ftags&post=3635"}],"curies":[{"name":"wp","href":"https:\/\/api.w.org\/{rel}","templated":true}]}}