{"id":3633,"date":"2013-11-19T17:46:32","date_gmt":"2013-11-19T20:46:32","guid":{"rendered":"http:\/\/www.atecordoba.org\/?p=3633"},"modified":"2013-11-19T17:46:32","modified_gmt":"2013-11-19T20:46:32","slug":"ate-moviliza-manana-a-la-legislatura-por-el-conflicto-hospitalario","status":"publish","type":"post","link":"https:\/\/atecordoba.org\/?p=3633","title":{"rendered":"ATE moviliza ma\u00f1ana a la Legislatura por el conflicto hospitalario"},"content":{"rendered":"<p><em>Los trabajadores provinciales del sistema de salud reclamar\u00e1n ma\u00f1ana un presupuesto acorde a las necesidades, que contemple aumento salarial, pase a planta de los compa\u00f1eros precarizados y financiamiento integral para revertir las carencias de la gesti\u00f3n hospitalaria.<\/em><\/p>\n<p><a href=\"http:\/\/www.atecordoba.org\/wp-content\/uploads\/2013\/10\/DSC03637-e1382039675522.jpg\"><img loading=\"lazy\" decoding=\"async\" class=\"aligncenter size-full wp-image-3432\" alt=\"DSC03637\" src=\"http:\/\/www.atecordoba.org\/wp-content\/uploads\/2013\/10\/DSC03637-e1382039675522.jpg\" width=\"300\" height=\"225\" \/><\/a><\/p>\n<p>El sistema sanitario p\u00fablico enfrenta una crisis sin precedentes. Los trabajadores salimos a la calle en defensa la salud p\u00fablica gratuita con la calidad que nos merecemos los cordobeses.<\/p>\n<p>Los trabajadores provinciales venimos sufriendo esta situaci\u00f3n, con una reducci\u00f3n del 50% en nuestra capacidad adquisitiva desde el 2008, a raz\u00f3n de un 10% anual. Pero la crisis no es s\u00f3lo salarial, tambi\u00e9n impacta en la falta de personal \u00a0ya que no se cubren los planteles b\u00e1sicos para funcionamiento del servicio; en la infraestructura hospitalaria deficiente, tal como puso en evidencia el Hospital C\u00f3rdoba donde se llueven los techos, revientan las cloacas, ascensores fuera de uso en el hospital Rawson, etc. Es generalizada la falta de camas en el Tr\u00e1nsito Caceres de Allende y Misericordia, aplic\u00e1ndose el sistema de cama caliente.<\/p>\n<p>Asimismo se suceden las denuncias por falta de funcionamiento de la aparatolog\u00eda porque hicieron negocios con las compras pero no realizan el mantenimiento; de la misma forma, se constatan servicios de terapias intensivas cerradas, que demoran meses en su reapertura, son una realidad de cada centro de salud para terminar derivando pacientes al subsidiado sistema privado. En esa l\u00ednea, abunda la falta de medicamentos e insumos. En el sistema de salud mental todo este cuadro se agrava de forma alarmante.<\/p>\n<p>Tal como es evidente durante el corriente a\u00f1o, el presupuesto provincial destina cifras millonarias al sistema de salud pero durante el a\u00f1o no se ejecutan las partidas. As\u00ed, en la pr\u00e1ctica el sistema colapsa por la falta de fondos para cubrir la demanda de la comunidad.<\/p>\n<p>En ese marco, ATE marchar\u00e1 ma\u00f1ana mi\u00e9rcoles 20 de noviembre a la Legislatura, en el marco de la movilizaci\u00f3n de toda la comunidad hospitalaria, para reclamar:<\/p>\n<ul>\n<li>Salario inicial igual a la canasta familiar.<\/li>\n<li>Nombramiento de personal para cubrir los planteles b\u00e1sicos.<\/li>\n<li>Pase a planta permanente de contratos y monotributos.<\/li>\n<li>Carrera administrativa y concursos transparentes.<\/li>\n<li>Reemplazo de bajas y licencias del personal.<\/li>\n<li>Infraestructura hospitalaria en condiciones de bioseguridad.<\/li>\n<li>Reparaci\u00f3n y mantenimiento de la aparatolog\u00eda.<\/li>\n<li>Insumos.<\/li>\n<li>Medicamentos.<\/li>\n<li>Que se cumpla un presupuesto acorde a las necesidades del sistema.<\/li>\n<\/ul>\n<p>La movilizaci\u00f3n se desarrollar\u00e1 tambi\u00e9n en el marco de la jornada nacional de protesta y movilizaci\u00f3n de la Central de Trabajadores de la Argentina, que marchar\u00e1 en C\u00f3rdoba y en todo el pa\u00eds por la reapertura de paritarias, un bono de fin de a\u00f1o de $2000 para todos los trabajadores, p\u00fablicos y privados, entre otras reivindicaciones.<\/p>\n<p>En consecuencia, ma\u00f1ana la jornada de protesta se iniciar\u00e1 con abandono de tareas a las 9 horas y concentraci\u00f3n a las 10 horas en la Plaza San Mart\u00edn para confluir frente a la Legislatura<\/p>\n<p style=\"text-align: right;\">Mar\u00eda Teresa Romero<\/p>\n<p style=\"text-align: right;\">Secretaria General<\/p>\n<p style=\"text-align: right;\">ATE C\u00f3rdoba<\/p>\n<p>&nbsp;<\/p>\n","protected":false},"excerpt":{"rendered":"<p>Los trabajadores provinciales del sistema de salud reclamar\u00e1n ma\u00f1ana un presupuesto acorde a las necesidades, que contemple aumento salarial, pase a planta de los compa\u00f1eros precarizados y financiamiento integral para revertir las carencias de la gesti\u00f3n hospitalaria. El sistema sanitario p\u00fablico enfrenta una crisis sin precedentes. Los trabajadores salimos a la calle en defensa la [&hellip;]<\/p>\n","protected":false},"author":1,"featured_media":19220,"comment_status":"open","ping_status":"open","sticky":false,"template":"","format":"standard","meta":{"_exactmetrics_skip_tracking":false,"_exactmetrics_sitenote_active":false,"_exactmetrics_sitenote_note":"","_exactmetrics_sitenote_category":0,"jnews-multi-image_gallery":[],"jnews_single_post":[],"jnews_primary_category":[],"jnews_social_meta":[],"jnews_review":[],"enable_review":"","type":"","name":"","summary":"","brand":"","sku":"","good":[],"bad":[],"score_override":"","override_value":"","rating":[],"price":[],"jnews_override_counter":[],"jnews_post_split":[],"footnotes":""},"categories":[53,7,8],"tags":[],"class_list":["post-3633","post","type-post","status-publish","format-standard","has-post-thumbnail","hentry","category-comunicados-de-prensa","category-hospitales","category-provinciales"],"jetpack_featured_media_url":"https:\/\/atecordoba.org\/wp-content\/uploads\/2020\/05\/logo-nuevochico-e1561581322808.png","_links":{"self":[{"href":"https:\/\/atecordoba.org\/index.php?rest_route=\/wp\/v2\/posts\/3633","targetHints":{"allow":["GET"]}}],"collection":[{"href":"https:\/\/atecordoba.org\/index.php?rest_route=\/wp\/v2\/posts"}],"about":[{"href":"https:\/\/atecordoba.org\/index.php?rest_route=\/wp\/v2\/types\/post"}],"author":[{"embeddable":true,"href":"https:\/\/atecordoba.org\/index.php?rest_route=\/wp\/v2\/users\/1"}],"replies":[{"embeddable":true,"href":"https:\/\/atecordoba.org\/index.php?rest_route=%2Fwp%2Fv2%2Fcomments&post=3633"}],"version-history":[{"count":0,"href":"https:\/\/atecordoba.org\/index.php?rest_route=\/wp\/v2\/posts\/3633\/revisions"}],"wp:featuredmedia":[{"embeddable":true,"href":"https:\/\/atecordoba.org\/index.php?rest_route=\/wp\/v2\/media\/19220"}],"wp:attachment":[{"href":"https:\/\/atecordoba.org\/index.php?rest_route=%2Fwp%2Fv2%2Fmedia&parent=3633"}],"wp:term":[{"taxonomy":"category","embeddable":true,"href":"https:\/\/atecordoba.org\/index.php?rest_route=%2Fwp%2Fv2%2Fcategories&post=3633"},{"taxonomy":"post_tag","embeddable":true,"href":"https:\/\/atecordoba.org\/index.php?rest_route=%2Fwp%2Fv2%2Ftags&post=3633"}],"curies":[{"name":"wp","href":"https:\/\/api.w.org\/{rel}","templated":true}]}}