{"id":36323,"date":"2023-03-22T09:55:32","date_gmt":"2023-03-22T12:55:32","guid":{"rendered":"https:\/\/atecordoba.org\/?p=36323"},"modified":"2023-03-22T09:55:33","modified_gmt":"2023-03-22T12:55:33","slug":"villa-maria-movilizacion-al-municipio-por-la-reincorporacion-de-los-despedidos-alimento-para-los-comedores-y-el-cese-de-la-violencia-laboral","status":"publish","type":"post","link":"https:\/\/atecordoba.org\/?p=36323","title":{"rendered":"Villa Mar\u00eda: movilizaci\u00f3n al Municipio por la reincorporaci\u00f3n de los despedidos, alimento para los comedores y el cese de la violencia laboral"},"content":{"rendered":"\n<div class=\"wp-block-image\"><figure class=\"aligncenter size-full is-resized\"><img loading=\"lazy\" decoding=\"async\" src=\"https:\/\/atecordoba.org\/wp-content\/uploads\/2023\/03\/cubiertas.jpg\" alt=\"\" class=\"wp-image-36324\" width=\"800\" height=\"450\" \/><\/figure><\/div>\n\n\n\n<p><sup>(Fuente ctacordoba.org)<\/sup><\/p>\n\n\n\n<p>Trabajadoras y trabajadores reclamaron este martes ante la oficina del Intendente de Villa Mar\u00eda, Mart\u00edn Gill. Desde hace meses vienen peticionando una mesa de di\u00e1logo para solucionar temas tan importante como la reincorporaci\u00f3n de trabajadores despedidos de manera arbitraria en el \u00e1rea salud municipal, aumento de sueldo para los municipales, el fin de la precarizaci\u00f3n laboral y cese de la violencia en los \u00e1mbitos laborales municipales.<\/p>\n\n\n\n<p>Al mismo tiempo, la FENAT-CTA reclam\u00f3 alimentos para comedores populares, urgidos para contener la demanda en aumento de vecinos que no alcanzan a cubrir las necesidades alimentarias diarias.<\/p>\n\n\n\n<div class=\"wp-block-image\"><figure class=\"alignleft size-full\"><img loading=\"lazy\" decoding=\"async\" width=\"225\" height=\"300\" src=\"https:\/\/atecordoba.org\/wp-content\/uploads\/2023\/03\/unnamed-2-1-225x300-1.jpg\" alt=\"\" class=\"wp-image-36325\" \/><\/figure><\/div>\n\n\n\n<p>Hasta el momento, desde el Ejecutivo no se hacen cargo de las demandas, con un intendente m\u00e1s preocupado por su destino electoral y las denuncias judiciales que pesan sobre su persona que por las obligaciones propias de su cargo. De esta forma, no se regulariza la entrega de alimento a los comedores populares, los despedidos siguen sin recuperar su trabajo, los sueldos municipales siguen siendo de hambre, la precarizaci\u00f3n de las relaciones laborales afecta a m\u00e1s de 800 trabajadores y el intendente arregl\u00f3 regularizar, mediante concurso cerrados, s\u00f3lo unos 100 puestos.<\/p>\n\n\n\n<p>Los sueldos municipales arrancan en poco m\u00e1s de cincuenta mil pesos en algunas trabajadoras de limpieza, profesionales de bibliotecolog\u00eda, personal de se\u00f1al\u00e9tica, agentes de salud, entre otros, cobran salarios que rondan setenta mil pesos, cuando la canasta familiar alcanza los 240 mil pesos seg\u00fan la Junta Interna de ATE Indec para la Regi\u00f3n Pampeana. <\/p>\n\n\n\n<p>Si a esto se le suma amenazas de ser despedidos si participan en manifestaciones, gritos de parte de funcionarios, pedidos para participar de actos pol\u00edticos, la violencia que se ejerce sobre los trabajadores y las trabajadoras es inusitada e intolerable. Esos sueldos son de precarizados, pero no est\u00e1n en mejores condiciones quienes pertenecen a planta permanente.<\/p>\n\n\n\n<p>El 7 de marzo pasado la CTA Aut\u00f3noma y ATE C\u00f3rdoba <a href=\"https:\/\/atecordoba.org\/?p=36099\">acompa\u00f1aron a la Regional Villa Mar\u00eda de la Central<\/a>, junto a la Federaci\u00f3n Nacional Territorial (FeNaT-CTAA) para reclamar una audiencia con Mart\u00edn Gill. El Secretario de Gobierno, Eduardo Rodr\u00edguez, prometi\u00f3 un encuentro, pero luego el Municipio desconoci\u00f3 ese acuerdo y se\u00f1alaron que no habr\u00eda reuni\u00f3n.<\/p>\n\n\n\n<p><strong>Nueva movilizaci\u00f3n<\/strong><\/p>\n\n\n\n<div class=\"wp-block-image\"><figure class=\"alignright size-full\"><img loading=\"lazy\" decoding=\"async\" width=\"300\" height=\"300\" src=\"https:\/\/atecordoba.org\/wp-content\/uploads\/2023\/03\/337303539_553854503397557_2215713740885688393_n-300x300-1.jpg\" alt=\"\" class=\"wp-image-36326\" srcset=\"https:\/\/atecordoba.org\/wp-content\/uploads\/2023\/03\/337303539_553854503397557_2215713740885688393_n-300x300-1.jpg 300w, https:\/\/atecordoba.org\/wp-content\/uploads\/2023\/03\/337303539_553854503397557_2215713740885688393_n-300x300-1-150x150.jpg 150w, https:\/\/atecordoba.org\/wp-content\/uploads\/2023\/03\/337303539_553854503397557_2215713740885688393_n-300x300-1-75x75.jpg 75w\" sizes=\"auto, (max-width: 300px) 100vw, 300px\" \/><\/figure><\/div>\n\n\n\n<p>Este martes regres\u00f3 la protesta de los trabajadores reclamando el di\u00e1logo, ahora acompa\u00f1ados por la FeNaT de R\u00edo Cuarto, CTA provincia y ATE C\u00f3rdoba. El Intendente, Mart\u00edn Gill, por estos d\u00edas imputado por Violencia de G\u00e9nero y lesiones leves, no abri\u00f3 un canal de di\u00e1logo para atender estos problemas relacionados con el hambre en los barrios, la dignidad en el trabajo, la violencia laboral y la reinstalaci\u00f3n de trabajadoras y trabajadores despedidos por solicitar mejor condiciones para ellos y sus compa\u00f1eros.<\/p>\n\n\n\n<p>Desde las diez de la ma\u00f1ana hasta pasado el mediod\u00eda de ayer, la protesta se adue\u00f1\u00f3 de la esquina frente a la sede municipal. Quienes tomaron la palabra dejaron en claro el pedido de di\u00e1logo y, tambi\u00e9n, aportaron interesantes conceptos. Alguien se\u00f1al\u00f3 que \u201ces triste que a 40 a\u00f1os de la recuperaci\u00f3n&nbsp; de la democracia tenemos un Intendente que se esconde neg\u00e1ndose al di\u00e1logo. Porque hace meses que le pasamos notas y no nos recibe. Ahora comenzamos con las manifestaciones callejeras, esta es la segunda \u00bfQu\u00e9 espera? Hablamos de hambre, de violencia, de sueldos dignos, de trabajadores despedidos por un secretario de salud acusados, en tribunales, de violento\u201d.<\/p>\n\n\n\n<p>Una compa\u00f1era que tom\u00f3 la palabra marc\u00f3: \u201cViene el 24 de marzo, realizar\u00e1n actos donde hablar\u00e1n de memoria\u201d y luego se pregunt\u00f3 si es una memoria real. \u00bfAcaso no se recuerda que fueron los trabajadores y las trabajadoras quienes m\u00e1s sufrieron la dictadura? \u00bfAcaso es una memoria que los lleva a hacer sufrir a quienes trabajan? \u00bfA que avalen la violencia laboral?\u201d.<\/p>\n\n\n\n<div class=\"wp-block-image\"><figure class=\"alignleft size-full\"><img loading=\"lazy\" decoding=\"async\" width=\"300\" height=\"185\" src=\"https:\/\/atecordoba.org\/wp-content\/uploads\/2023\/03\/337541688_532228658833767_2294239834153830682_n-300x185-1.jpg\" alt=\"\" class=\"wp-image-36327\" \/><\/figure><\/div>\n\n\n\n<p>Hicieron uso de la palabra trabajadoras y trabajadores de R\u00edo Tercero, R\u00edo Cuarto, C\u00f3rdoba, municipales de Villa Mar\u00eda y compa\u00f1eras del MST local, al igual que la dirigencia de CTA de la ciudad. Todos pidieron di\u00e1logo, lamentaron tener que gastar tanto esfuerzo para buscar espacios de debate y acuerdos con el Departamento Ejecutivo, cuando la historia ser\u00eda distinta si el Intendente se dispusiera a hablar con quienes tienen los problemas.<\/p>\n\n\n\n<p>Por otro lado, solicitaron que \u201clos gobiernos atiendan las demandas de los trabajadores del Hospital Pasteur y de la Secretar\u00eda de Salud del Municipio\u201d.<\/p>\n\n\n\n<p><strong>Secretario denunciado<\/strong><\/p>\n\n\n\n<p>En relaci\u00f3n a la Secretar\u00eda de Salud, cuyo titular ha sido denunciado por casos de Abuso y Violencia Laboral,&nbsp; demandaron nuevamente la reincorporaci\u00f3n de los tres empleados a quienes en el verano no les renovaron su trabajo como \u2018facturantes\u2019.<\/p>\n\n\n\n<p>Entre otros y otras participaron de la Jornada de Lucha frente al Municipio el Secretario General y la Secretaria Adjunta de la CTA-A Villa Mar\u00eda, Enrique \u201cTito\u201d Godoy y Thelma G\u00f3mez, respectivamente; el Secretario Gremial, Jes\u00fas Chirino; la integrante de la Comisi\u00f3n Ejecutiva Regional, Sonia Ramadori; el Secretario General de la CTA Aut\u00f3noma Regional C\u00f3rdoba Capital, Jorge Chalup; Javier Bracamonte, Irina Silberman y Juan Jos\u00e9 Ju\u00e1rez de ATE C\u00f3rdoba; y representantes del Sindicato de Personal de Industrias Qu\u00edmicas y Petroqu\u00edmicas de R\u00edo Tercero (SPIQyP).<\/p>\n\n\n\n<figure class=\"wp-block-gallery has-nested-images columns-default is-cropped wp-block-gallery-1 is-layout-flex wp-block-gallery-is-layout-flex\">\n<figure class=\"wp-block-image size-large\"><img loading=\"lazy\" decoding=\"async\" width=\"169\" height=\"300\" data-id=\"36328\" src=\"https:\/\/atecordoba.org\/wp-content\/uploads\/2023\/03\/unnamed-1-1-169x300-1.jpg\" alt=\"\" class=\"wp-image-36328\" \/><\/figure>\n\n\n\n<figure class=\"wp-block-image size-large\"><img loading=\"lazy\" decoding=\"async\" width=\"225\" height=\"300\" data-id=\"36331\" src=\"https:\/\/atecordoba.org\/wp-content\/uploads\/2023\/03\/unnamed-4-225x300-1.jpg\" alt=\"\" class=\"wp-image-36331\" \/><\/figure>\n\n\n\n<figure class=\"wp-block-image size-large\"><img loading=\"lazy\" decoding=\"async\" width=\"225\" height=\"300\" data-id=\"36332\" src=\"https:\/\/atecordoba.org\/wp-content\/uploads\/2023\/03\/3-1-225x300-1.jpg\" alt=\"\" class=\"wp-image-36332\" \/><\/figure>\n\n\n\n<figure class=\"wp-block-image size-large\"><img loading=\"lazy\" decoding=\"async\" width=\"300\" height=\"169\" data-id=\"36329\" src=\"https:\/\/atecordoba.org\/wp-content\/uploads\/2023\/03\/4-1-300x169-1.jpg\" alt=\"\" class=\"wp-image-36329\" \/><\/figure>\n\n\n\n<figure class=\"wp-block-image size-large\"><img loading=\"lazy\" decoding=\"async\" width=\"300\" height=\"300\" data-id=\"36330\" src=\"https:\/\/atecordoba.org\/wp-content\/uploads\/2023\/03\/337511834_1579354359210860_5153348379264717130_n-300x300-1.jpg\" alt=\"\" class=\"wp-image-36330\" srcset=\"https:\/\/atecordoba.org\/wp-content\/uploads\/2023\/03\/337511834_1579354359210860_5153348379264717130_n-300x300-1.jpg 300w, https:\/\/atecordoba.org\/wp-content\/uploads\/2023\/03\/337511834_1579354359210860_5153348379264717130_n-300x300-1-150x150.jpg 150w, https:\/\/atecordoba.org\/wp-content\/uploads\/2023\/03\/337511834_1579354359210860_5153348379264717130_n-300x300-1-75x75.jpg 75w\" sizes=\"auto, (max-width: 300px) 100vw, 300px\" \/><\/figure>\n<\/figure>\n","protected":false},"excerpt":{"rendered":"<p>(Fuente ctacordoba.org) Trabajadoras y trabajadores reclamaron este martes ante la oficina del Intendente de Villa Mar\u00eda, Mart\u00edn Gill. Desde hace meses vienen peticionando una mesa de di\u00e1logo para solucionar temas tan importante como la reincorporaci\u00f3n de trabajadores despedidos de manera arbitraria en el \u00e1rea salud municipal, aumento de sueldo para los municipales, el fin de [&hellip;]<\/p>\n","protected":false},"author":7,"featured_media":36324,"comment_status":"open","ping_status":"open","sticky":false,"template":"","format":"standard","meta":{"_exactmetrics_skip_tracking":false,"_exactmetrics_sitenote_active":false,"_exactmetrics_sitenote_note":"","_exactmetrics_sitenote_category":0,"jnews-multi-image_gallery":[],"jnews_single_post":{"subtitle":"El pasado 7 de marzo pasado la CTA Aut\u00f3noma y ATE C\u00f3rdoba acompa\u00f1aron a la Regional Villa Mar\u00eda de la Central, junto a la Federaci\u00f3n Nacional Territorial (FeNaT-CTAA) para reclamar una audiencia con Mart\u00edn Gill. El Secretario de Gobierno, Eduardo Rodr\u00edguez, prometi\u00f3 un encuentro, pero luego el Municipio desconoci\u00f3 ese acuerdo y se\u00f1alaron que no habr\u00eda reuni\u00f3n.","format":"standard","video":"","gallery":"","source_name":"","source_url":"","via_name":"","via_url":"","override_template":"0","override":[{"template":"1","single_blog_custom":"","parallax":"1","fullscreen":"1","layout":"right-sidebar","sidebar":"default-sidebar","second_sidebar":"default-sidebar","sticky_sidebar":"1","share_position":"top","share_float_style":"share-monocrhome","show_share_counter":"1","show_view_counter":"1","show_featured":"1","show_post_meta":"1","show_post_author":"1","show_post_author_image":"1","show_post_date":"1","post_date_format":"default","post_date_format_custom":"Y\/m\/d","show_post_category":"1","show_post_reading_time":"0","post_reading_time_wpm":"300","show_zoom_button":"0","zoom_button_out_step":"2","zoom_button_in_step":"3","show_post_tag":"1","show_prev_next_post":"1","show_popup_post":"1","number_popup_post":"1","show_author_box":"0","show_post_related":"0","show_inline_post_related":"0"}],"override_image_size":"0","image_override":[{"single_post_thumbnail_size":"crop-500","single_post_gallery_size":"crop-500"}],"trending_post":"0","trending_post_position":"meta","trending_post_label":"Trending","sponsored_post":"0","sponsored_post_label":"Sponsored by","sponsored_post_name":"","sponsored_post_url":"","sponsored_post_logo_enable":"0","sponsored_post_logo":"","sponsored_post_desc":"","disable_ad":"0"},"jnews_primary_category":{"id":""},"jnews_social_meta":{"fb_title":"","fb_description":"","fb_image":"","twitter_title":"","twitter_description":"","twitter_image":""},"jnews_review":[],"enable_review":"0","type":"percentage","name":"","summary":"","brand":"","sku":"","good":[{"good_text":""}],"bad":[{"bad_text":""}],"score_override":"","override_value":"","rating":[{"rating_text":"","rating_number":"10"}],"price":[{"shop":"","price":"","link":"","icon":""}],"jnews_override_counter":{"override_view_counter":"0","view_counter_number":"0","override_share_counter":"0","share_counter_number":"0","override_like_counter":"0","like_counter_number":"0","override_dislike_counter":"0","dislike_counter_number":"0"},"jnews_post_split":{"enable_post_split":"0","post_split":[{"template":"1","tag":"h2","numbering":"asc","mode":"normal","first":"0","enable_toc":"0","toc_type":"normal"}]},"footnotes":""},"categories":[20,14],"tags":[],"class_list":["post-36323","post","type-post","status-publish","format-standard","has-post-thumbnail","hentry","category-municipales","category-villa-maria"],"jetpack_featured_media_url":"https:\/\/atecordoba.org\/wp-content\/uploads\/2023\/03\/cubiertas-e1679489680162.jpg","_links":{"self":[{"href":"https:\/\/atecordoba.org\/index.php?rest_route=\/wp\/v2\/posts\/36323","targetHints":{"allow":["GET"]}}],"collection":[{"href":"https:\/\/atecordoba.org\/index.php?rest_route=\/wp\/v2\/posts"}],"about":[{"href":"https:\/\/atecordoba.org\/index.php?rest_route=\/wp\/v2\/types\/post"}],"author":[{"embeddable":true,"href":"https:\/\/atecordoba.org\/index.php?rest_route=\/wp\/v2\/users\/7"}],"replies":[{"embeddable":true,"href":"https:\/\/atecordoba.org\/index.php?rest_route=%2Fwp%2Fv2%2Fcomments&post=36323"}],"version-history":[{"count":1,"href":"https:\/\/atecordoba.org\/index.php?rest_route=\/wp\/v2\/posts\/36323\/revisions"}],"predecessor-version":[{"id":36333,"href":"https:\/\/atecordoba.org\/index.php?rest_route=\/wp\/v2\/posts\/36323\/revisions\/36333"}],"wp:featuredmedia":[{"embeddable":true,"href":"https:\/\/atecordoba.org\/index.php?rest_route=\/wp\/v2\/media\/36324"}],"wp:attachment":[{"href":"https:\/\/atecordoba.org\/index.php?rest_route=%2Fwp%2Fv2%2Fmedia&parent=36323"}],"wp:term":[{"taxonomy":"category","embeddable":true,"href":"https:\/\/atecordoba.org\/index.php?rest_route=%2Fwp%2Fv2%2Fcategories&post=36323"},{"taxonomy":"post_tag","embeddable":true,"href":"https:\/\/atecordoba.org\/index.php?rest_route=%2Fwp%2Fv2%2Ftags&post=36323"}],"curies":[{"name":"wp","href":"https:\/\/api.w.org\/{rel}","templated":true}]}}