{"id":36317,"date":"2023-03-21T15:26:42","date_gmt":"2023-03-21T18:26:42","guid":{"rendered":"https:\/\/atecordoba.org\/?p=36317"},"modified":"2023-03-21T15:29:19","modified_gmt":"2023-03-21T18:29:19","slug":"achiras-en-paritarias-ate-rio-cuarto-logro-un-40-de-recomposicion-para-el-primer-semestre","status":"publish","type":"post","link":"https:\/\/atecordoba.org\/?p=36317","title":{"rendered":"Achiras: en paritarias ATE R\u00edo Cuarto logr\u00f3 un 40% de recomposici\u00f3n para el primer semestre"},"content":{"rendered":"\n<div class=\"wp-block-image\"><figure class=\"alignleft size-large is-resized\"><img loading=\"lazy\" decoding=\"async\" src=\"https:\/\/atecordoba.org\/wp-content\/uploads\/2023\/03\/IMG-20230321-WA0060-768x1024.jpg\" alt=\"\" class=\"wp-image-36318\" width=\"576\" height=\"768\" srcset=\"https:\/\/atecordoba.org\/wp-content\/uploads\/2023\/03\/IMG-20230321-WA0060-768x1024.jpg 768w, https:\/\/atecordoba.org\/wp-content\/uploads\/2023\/03\/IMG-20230321-WA0060-225x300.jpg 225w, https:\/\/atecordoba.org\/wp-content\/uploads\/2023\/03\/IMG-20230321-WA0060-1152x1536.jpg 1152w, https:\/\/atecordoba.org\/wp-content\/uploads\/2023\/03\/IMG-20230321-WA0060-750x1000.jpg 750w, https:\/\/atecordoba.org\/wp-content\/uploads\/2023\/03\/IMG-20230321-WA0060-1140x1520.jpg 1140w, https:\/\/atecordoba.org\/wp-content\/uploads\/2023\/03\/IMG-20230321-WA0060.jpg 1200w\" sizes=\"auto, (max-width: 576px) 100vw, 576px\" \/><\/figure><\/div>\n\n\n\n<p>Hoy se llev\u00f3 a cabo una reuni\u00f3n paritaria en al localidad de Achiras, donde se defini\u00f3 un aument\u00f3 salarial para el personal municipal de un 40% para el primer semestre del corriente a\u00f1o.<\/p>\n\n\n\n<p>Se trata de una importante recompocisi\u00f3n salarial a aplicarse en tres cuotas de 20% en marzo, 10% en abril y 10% en mayo, siempre con aumentos acumulativos al b\u00e1sico del mes anterior.<\/p>\n\n\n\n<p>En la oportunidad estuvieron presentes en representaci\u00f3n de ATE R\u00edo Cuarto, la secretaria General de la Seccional, Rafaela Alcoba, el Progremial, Rodrigo Olguin, y la delegada local Natalia Garay, junto al delegado Claudio Lederhos.<\/p>\n\n\n\n<p>En el acta paritaria qued\u00f3 rubricado en compromiso que asumi\u00f3 el Ejecutivo municipal para entregar una muda de ropa de invierno a todo el personal a su cargo.<\/p>\n\n\n\n<p>As\u00ed tambi\u00e9n se acord\u00f3 la recategorizaci\u00f3n del personal de planta permanente que corresponda de acuerdo al plazo de dos a\u00f1os o m\u00e1s del \u00faltimo ascenso obtenido.<\/p>\n\n\n\n<p>ATE solicit\u00f3 tambi\u00e9n que se aplique el adicional salarial de responsabilidad t\u00e9cnica para el personal de maestranza que aun no lo recibe y aplicar ese porcentual al peresonal de turismo y cultura.<\/p>\n\n\n\n<p>De la misma forma, qued\u00f3 establecido en el acto que las partes volver\u00e1n a reunirse para definir la agenda paritaria del segundo semestre de 2023.<\/p>\n","protected":false},"excerpt":{"rendered":"<p>Hoy se llev\u00f3 a cabo una reuni\u00f3n paritaria en al localidad de Achiras, donde se defini\u00f3 un aument\u00f3 salarial para el personal municipal de un 40% para el primer semestre del corriente a\u00f1o. Se trata de una importante recompocisi\u00f3n salarial a aplicarse en tres cuotas de 20% en marzo, 10% en abril y 10% en [&hellip;]<\/p>\n","protected":false},"author":7,"featured_media":36321,"comment_status":"open","ping_status":"open","sticky":false,"template":"","format":"standard","meta":{"_exactmetrics_skip_tracking":false,"_exactmetrics_sitenote_active":false,"_exactmetrics_sitenote_note":"","_exactmetrics_sitenote_category":0,"jnews-multi-image_gallery":[],"jnews_single_post":{"subtitle":"el pago se realizar\u00e1 en tres cuotas, siempre de forma acumulativa con el b\u00e1sico salarial del mes anterior. ","format":"standard","video":"","gallery":"","source_name":"","source_url":"","via_name":"","via_url":"","override_template":"0","override":[{"template":"1","single_blog_custom":"","parallax":"1","fullscreen":"1","layout":"right-sidebar","sidebar":"default-sidebar","second_sidebar":"default-sidebar","sticky_sidebar":"1","share_position":"top","share_float_style":"share-monocrhome","show_share_counter":"1","show_view_counter":"1","show_featured":"1","show_post_meta":"1","show_post_author":"1","show_post_author_image":"1","show_post_date":"1","post_date_format":"default","post_date_format_custom":"Y\/m\/d","show_post_category":"1","show_post_reading_time":"0","post_reading_time_wpm":"300","show_zoom_button":"0","zoom_button_out_step":"2","zoom_button_in_step":"3","show_post_tag":"1","show_prev_next_post":"1","show_popup_post":"1","number_popup_post":"1","show_author_box":"0","show_post_related":"0","show_inline_post_related":"0"}],"override_image_size":"0","image_override":[{"single_post_thumbnail_size":"crop-500","single_post_gallery_size":"crop-500"}],"trending_post":"0","trending_post_position":"meta","trending_post_label":"Trending","sponsored_post":"0","sponsored_post_label":"Sponsored by","sponsored_post_name":"","sponsored_post_url":"","sponsored_post_logo_enable":"0","sponsored_post_logo":"","sponsored_post_desc":"","disable_ad":"0"},"jnews_primary_category":{"id":""},"jnews_social_meta":{"fb_title":"","fb_description":"","fb_image":"","twitter_title":"","twitter_description":"","twitter_image":""},"jnews_review":[],"enable_review":"0","type":"percentage","name":"","summary":"","brand":"","sku":"","good":[{"good_text":""}],"bad":[{"bad_text":""}],"score_override":"","override_value":"","rating":[{"rating_text":"","rating_number":"10"}],"price":[{"shop":"","price":"","link":"","icon":""}],"jnews_override_counter":{"override_view_counter":"0","view_counter_number":"0","override_share_counter":"0","share_counter_number":"0","override_like_counter":"0","like_counter_number":"0","override_dislike_counter":"0","dislike_counter_number":"0"},"jnews_post_split":{"enable_post_split":"0","post_split":[{"template":"1","tag":"h2","numbering":"asc","mode":"normal","first":"0","enable_toc":"0","toc_type":"normal"}]},"footnotes":""},"categories":[20],"tags":[],"class_list":["post-36317","post","type-post","status-publish","format-standard","has-post-thumbnail","hentry","category-municipales"],"jetpack_featured_media_url":"https:\/\/atecordoba.org\/wp-content\/uploads\/2023\/03\/achirasmuni-scaled-e1679423355470.jpg","_links":{"self":[{"href":"https:\/\/atecordoba.org\/index.php?rest_route=\/wp\/v2\/posts\/36317","targetHints":{"allow":["GET"]}}],"collection":[{"href":"https:\/\/atecordoba.org\/index.php?rest_route=\/wp\/v2\/posts"}],"about":[{"href":"https:\/\/atecordoba.org\/index.php?rest_route=\/wp\/v2\/types\/post"}],"author":[{"embeddable":true,"href":"https:\/\/atecordoba.org\/index.php?rest_route=\/wp\/v2\/users\/7"}],"replies":[{"embeddable":true,"href":"https:\/\/atecordoba.org\/index.php?rest_route=%2Fwp%2Fv2%2Fcomments&post=36317"}],"version-history":[{"count":1,"href":"https:\/\/atecordoba.org\/index.php?rest_route=\/wp\/v2\/posts\/36317\/revisions"}],"predecessor-version":[{"id":36320,"href":"https:\/\/atecordoba.org\/index.php?rest_route=\/wp\/v2\/posts\/36317\/revisions\/36320"}],"wp:featuredmedia":[{"embeddable":true,"href":"https:\/\/atecordoba.org\/index.php?rest_route=\/wp\/v2\/media\/36321"}],"wp:attachment":[{"href":"https:\/\/atecordoba.org\/index.php?rest_route=%2Fwp%2Fv2%2Fmedia&parent=36317"}],"wp:term":[{"taxonomy":"category","embeddable":true,"href":"https:\/\/atecordoba.org\/index.php?rest_route=%2Fwp%2Fv2%2Fcategories&post=36317"},{"taxonomy":"post_tag","embeddable":true,"href":"https:\/\/atecordoba.org\/index.php?rest_route=%2Fwp%2Fv2%2Ftags&post=36317"}],"curies":[{"name":"wp","href":"https:\/\/api.w.org\/{rel}","templated":true}]}}