{"id":36304,"date":"2023-03-21T15:06:24","date_gmt":"2023-03-21T18:06:24","guid":{"rendered":"https:\/\/atecordoba.org\/?p=36304"},"modified":"2023-03-22T09:28:02","modified_gmt":"2023-03-22T12:28:02","slug":"ate-cordoba-estuvo-presente-en-el-lanzamiento-de-la-ciot-2023","status":"publish","type":"post","link":"https:\/\/atecordoba.org\/?p=36304","title":{"rendered":"ATE C\u00f3rdoba estuvo presente en el lanzamiento de la CIOT 2023"},"content":{"rendered":"\n<figure class=\"wp-block-gallery has-nested-images columns-default is-cropped wp-block-gallery-1 is-layout-flex wp-block-gallery-is-layout-flex\">\n<figure class=\"wp-block-image size-large\"><img loading=\"lazy\" decoding=\"async\" width=\"1024\" height=\"576\" data-id=\"36309\" src=\"https:\/\/atecordoba.org\/wp-content\/uploads\/2023\/03\/IMG-20230321-WA0057-1024x576.jpg\" alt=\"\" class=\"wp-image-36309\" \/><\/figure>\n\n\n\n<figure class=\"wp-block-image size-large\"><img loading=\"lazy\" decoding=\"async\" width=\"1024\" height=\"576\" data-id=\"36308\" src=\"https:\/\/atecordoba.org\/wp-content\/uploads\/2023\/03\/IMG-20230321-WA0050-1-1024x576.jpg\" alt=\"\" class=\"wp-image-36308\" srcset=\"https:\/\/atecordoba.org\/wp-content\/uploads\/2023\/03\/IMG-20230321-WA0050-1-1024x576.jpg 1024w, https:\/\/atecordoba.org\/wp-content\/uploads\/2023\/03\/IMG-20230321-WA0050-1-300x169.jpg 300w, https:\/\/atecordoba.org\/wp-content\/uploads\/2023\/03\/IMG-20230321-WA0050-1-768x432.jpg 768w, https:\/\/atecordoba.org\/wp-content\/uploads\/2023\/03\/IMG-20230321-WA0050-1-750x422.jpg 750w, https:\/\/atecordoba.org\/wp-content\/uploads\/2023\/03\/IMG-20230321-WA0050-1-1140x641.jpg 1140w, https:\/\/atecordoba.org\/wp-content\/uploads\/2023\/03\/IMG-20230321-WA0050-1.jpg 1280w\" sizes=\"auto, (max-width: 1024px) 100vw, 1024px\" \/><\/figure>\n<\/figure>\n\n\n\n<p>La Comisi\u00f3n de Igualdad de Oportunidades y Trato (CIOT), que funciona en le marco de la Jefatura de Gabinete de la Naci\u00f3n, present\u00f3 hoy su plan de actividades para el 2023. <\/p>\n\n\n\n<p>La presentaci\u00f3n estuvo a cargo de la titular de la Oficina Nacional de Empleo, Ana Castellani, y cont\u00f3 con la participaci\u00f3n de una delegaci\u00f3n de ATE donde se destac\u00f3 la presencia de compa\u00f1eras de C\u00f3rdoba, que ya forman parte como delegadas paritarias de la CIOT en la Fuerza A\u00e9rea y el IOSFA, constituyendo un reconocimiento a la militancia en la provincia, a partir de las gestiones realizadas por el secretario General de ATE, Federico Giuliani. Se trata de las compa\u00f1eras Ivana Guevara y Lis Paz.<\/p>\n\n\n\n<div class=\"wp-block-image\"><figure class=\"aligncenter size-large is-resized\"><img loading=\"lazy\" decoding=\"async\" src=\"https:\/\/atecordoba.org\/wp-content\/uploads\/2023\/03\/IMG-20230321-WA0056-1024x576.jpg\" alt=\"\" class=\"wp-image-36310\" width=\"768\" height=\"432\" srcset=\"https:\/\/atecordoba.org\/wp-content\/uploads\/2023\/03\/IMG-20230321-WA0056-1024x576.jpg 1024w, https:\/\/atecordoba.org\/wp-content\/uploads\/2023\/03\/IMG-20230321-WA0056-300x169.jpg 300w, https:\/\/atecordoba.org\/wp-content\/uploads\/2023\/03\/IMG-20230321-WA0056-768x432.jpg 768w, https:\/\/atecordoba.org\/wp-content\/uploads\/2023\/03\/IMG-20230321-WA0056-750x422.jpg 750w, https:\/\/atecordoba.org\/wp-content\/uploads\/2023\/03\/IMG-20230321-WA0056-1140x641.jpg 1140w, https:\/\/atecordoba.org\/wp-content\/uploads\/2023\/03\/IMG-20230321-WA0056.jpg 1280w\" sizes=\"auto, (max-width: 768px) 100vw, 768px\" \/><\/figure><\/div>\n\n\n\n<p>En la oportunidad, Guevara cont\u00f3 que &#8220;se realiz\u00f3 una presentaci\u00f3n de las ditintas comisiones que hay dentro de la CIOT y comunicaron que seguir\u00e1n las capacitaciones mixtas, tanto virtuales y como presenciales&#8221;.<\/p>\n\n\n\n<p>&#8220;Adem\u00e1s -agreg\u00f3 la delegada- se va a trabajar conjuntamente con la Comisi\u00f3n de Condiciones Medio Ambiente de Trabajo (CyMAT)&#8221;.<\/p>\n\n\n<a href=\"https:\/\/atecordoba.org\/wp-content\/uploads\/2023\/03\/CIOT-IOSFA-CORDOBA_feb2023.pdf\" class=\"pdfemb-viewer\" style=\"\" data-width=\"max\" data-height=\"max\" data-toolbar=\"bottom\" data-toolbar-fixed=\"off\">CIOT-IOSFA-CORDOBA_feb2023<\/a>\n<p class=\"wp-block-pdfemb-pdf-embedder-viewer\"><\/p>\n\n\n<a href=\"https:\/\/atecordoba.org\/wp-content\/uploads\/2023\/03\/CIOT-F.A.-CORDOBA_feb2023-2.pdf\" class=\"pdfemb-viewer\" style=\"\" data-width=\"max\" data-height=\"max\" data-toolbar=\"bottom\" data-toolbar-fixed=\"off\">CIOT-F.A.-CORDOBA_feb2023-2<\/a>\n<p class=\"wp-block-pdfemb-pdf-embedder-viewer\"><\/p>\n","protected":false},"excerpt":{"rendered":"<p>La Comisi\u00f3n de Igualdad de Oportunidades y Trato (CIOT), que funciona en le marco de la Jefatura de Gabinete de la Naci\u00f3n, present\u00f3 hoy su plan de actividades para el 2023. La presentaci\u00f3n estuvo a cargo de la titular de la Oficina Nacional de Empleo, Ana Castellani, y cont\u00f3 con la participaci\u00f3n de una delegaci\u00f3n [&hellip;]<\/p>\n","protected":false},"author":7,"featured_media":36309,"comment_status":"open","ping_status":"open","sticky":false,"template":"","format":"standard","meta":{"_exactmetrics_skip_tracking":false,"_exactmetrics_sitenote_active":false,"_exactmetrics_sitenote_note":"","_exactmetrics_sitenote_category":0,"jnews-multi-image_gallery":[],"jnews_single_post":{"subtitle":"Particip\u00f3 una delegaci\u00f3n de ATE donde se destac\u00f3 la presencia de compa\u00f1eras de C\u00f3rdoba que ya forman parte como delegadas paritarias de la CIOT en la Fuerza A\u00e9rea y el IOSFA, constituyendo un reconocimiento a la militancia en la provincia. Se trata de las delegadas Ivana Guevara y Lis Paz.","format":"standard","video":"","gallery":"","source_name":"","source_url":"","via_name":"","via_url":"","override_template":"0","override":[{"template":"1","single_blog_custom":"","parallax":"1","fullscreen":"1","layout":"right-sidebar","sidebar":"default-sidebar","second_sidebar":"default-sidebar","sticky_sidebar":"1","share_position":"top","share_float_style":"share-monocrhome","show_share_counter":"1","show_view_counter":"1","show_featured":"1","show_post_meta":"1","show_post_author":"1","show_post_author_image":"1","show_post_date":"1","post_date_format":"default","post_date_format_custom":"Y\/m\/d","show_post_category":"1","show_post_reading_time":"0","post_reading_time_wpm":"300","show_zoom_button":"0","zoom_button_out_step":"2","zoom_button_in_step":"3","show_post_tag":"1","show_prev_next_post":"1","show_popup_post":"1","number_popup_post":"1","show_author_box":"0","show_post_related":"0","show_inline_post_related":"0"}],"override_image_size":"0","image_override":[{"single_post_thumbnail_size":"crop-500","single_post_gallery_size":"crop-500"}],"trending_post":"0","trending_post_position":"meta","trending_post_label":"Trending","sponsored_post":"0","sponsored_post_label":"Sponsored by","sponsored_post_name":"","sponsored_post_url":"","sponsored_post_logo_enable":"0","sponsored_post_logo":"","sponsored_post_desc":"","disable_ad":"0"},"jnews_primary_category":{"id":""},"jnews_social_meta":{"fb_title":"","fb_description":"","fb_image":"","twitter_title":"","twitter_description":"","twitter_image":""},"jnews_review":[],"enable_review":"0","type":"percentage","name":"","summary":"","brand":"","sku":"","good":[{"good_text":""}],"bad":[{"bad_text":""}],"score_override":"","override_value":"","rating":[{"rating_text":"","rating_number":"10"}],"price":[{"shop":"","price":"","link":"","icon":""}],"jnews_override_counter":{"override_view_counter":"0","view_counter_number":"0","override_share_counter":"0","share_counter_number":"0","override_like_counter":"0","like_counter_number":"0","override_dislike_counter":"0","dislike_counter_number":"0"},"jnews_post_split":{"enable_post_split":"0","post_split":[{"template":"1","tag":"h2","numbering":"asc","mode":"normal","first":"0","enable_toc":"0","toc_type":"normal"}]},"footnotes":""},"categories":[325,18],"tags":[],"class_list":["post-36304","post","type-post","status-publish","format-standard","has-post-thumbnail","hentry","category-generos-y-diversidades","category-nacionales"],"jetpack_featured_media_url":"https:\/\/atecordoba.org\/wp-content\/uploads\/2023\/03\/IMG-20230321-WA0057-e1679421966724.jpg","_links":{"self":[{"href":"https:\/\/atecordoba.org\/index.php?rest_route=\/wp\/v2\/posts\/36304","targetHints":{"allow":["GET"]}}],"collection":[{"href":"https:\/\/atecordoba.org\/index.php?rest_route=\/wp\/v2\/posts"}],"about":[{"href":"https:\/\/atecordoba.org\/index.php?rest_route=\/wp\/v2\/types\/post"}],"author":[{"embeddable":true,"href":"https:\/\/atecordoba.org\/index.php?rest_route=\/wp\/v2\/users\/7"}],"replies":[{"embeddable":true,"href":"https:\/\/atecordoba.org\/index.php?rest_route=%2Fwp%2Fv2%2Fcomments&post=36304"}],"version-history":[{"count":4,"href":"https:\/\/atecordoba.org\/index.php?rest_route=\/wp\/v2\/posts\/36304\/revisions"}],"predecessor-version":[{"id":36322,"href":"https:\/\/atecordoba.org\/index.php?rest_route=\/wp\/v2\/posts\/36304\/revisions\/36322"}],"wp:featuredmedia":[{"embeddable":true,"href":"https:\/\/atecordoba.org\/index.php?rest_route=\/wp\/v2\/media\/36309"}],"wp:attachment":[{"href":"https:\/\/atecordoba.org\/index.php?rest_route=%2Fwp%2Fv2%2Fmedia&parent=36304"}],"wp:term":[{"taxonomy":"category","embeddable":true,"href":"https:\/\/atecordoba.org\/index.php?rest_route=%2Fwp%2Fv2%2Fcategories&post=36304"},{"taxonomy":"post_tag","embeddable":true,"href":"https:\/\/atecordoba.org\/index.php?rest_route=%2Fwp%2Fv2%2Ftags&post=36304"}],"curies":[{"name":"wp","href":"https:\/\/api.w.org\/{rel}","templated":true}]}}