{"id":3629,"date":"2013-11-18T18:59:50","date_gmt":"2013-11-18T21:59:50","guid":{"rendered":"http:\/\/www.atecordoba.org\/?p=3629"},"modified":"2013-11-18T18:59:50","modified_gmt":"2013-11-18T21:59:50","slug":"ate-instalara-una-carpa-en-la-plaza-san-martin-en-defensa-de-la-actividad-nuclear","status":"publish","type":"post","link":"https:\/\/atecordoba.org\/?p=3629","title":{"rendered":"ATE instalar\u00e1 una carpa en la plaza San Mart\u00edn en defensa de la actividad nuclear"},"content":{"rendered":"<p><em>Ante el proyecto de ley para declarar a la provincia &#8220;libre de actividad nuclear&#8221;, trabajadores del sector iniciar\u00e1n ma\u00f1ana en la plaza la actividad en defensa de los puestos de trabajo y para promover un debate sobre el desarrollo nuclear con fines pac\u00edficos. La actividad se extender\u00e1 hasta el viernes y participar\u00e1n compa\u00f1eros de Dioxitek, Comisi\u00f3n Nacional de Energ\u00eda At\u00f3micas (CNEA) y de la Central de Embalse.\u00a0<\/em><\/p>\n<p style=\"text-align: center;\"><a href=\"http:\/\/www.atecordoba.org\/wp-content\/uploads\/2013\/11\/Afiche-Carpa-nuclearpng.png\"><img loading=\"lazy\" decoding=\"async\" class=\"aligncenter  wp-image-3630\" alt=\"Afiche Carpa nuclearpng\" src=\"http:\/\/www.atecordoba.org\/wp-content\/uploads\/2013\/11\/Afiche-Carpa-nuclearpng.png\" width=\"571\" height=\"408\" \/><\/a><\/p>\n<p style=\"text-align: center;\">\n<p>&#8220;Los trabajadores del Sector Nuclear agremiados en la Asociaci\u00f3n de Trabajadores del Estado (ATE), vemos con preocupaci\u00f3n el avance de una campa\u00f1a que apunta a desmontar la actividad nuclear en nuestro pa\u00eds y pone en peligro los miles de puestos de trabajo que esta industria genera&#8221;.<\/p>\n<p>&#8220;Entendemos que el desarrollo energ\u00e9tico no s\u00f3lo genera fuerza motriz sino tambi\u00e9n poder econ\u00f3mico y pol\u00edtico. En las pr\u00f3ximas d\u00e9cadas el crecimiento de los pa\u00edses depender\u00e1 de su capacidad tecnol\u00f3gica para generar su propia energ\u00eda. Es por ello que consideramos prioritario modificar la matriz energ\u00e9tica de nuestro pa\u00eds de manera tal que no dependa casi exclusivamente de energ\u00edas no renovables,\u00a0 como el gas y el petr\u00f3leo, dando lugar as\u00ed a un fuerte impulso a la creaci\u00f3n de fuentes alternativas. El avance de \u00e9stas, demandar\u00e1 importantes inversiones en investigaci\u00f3n, desarrollo y aplicaci\u00f3n, que deber\u00e1n realizarse en el \u00e1mbito del Estado y que exigir\u00e1 firmes decisiones pol\u00edticas como parte de una estrategia de integraci\u00f3n regional y continental, as\u00ed como la recuperaci\u00f3n de la producci\u00f3n en manos del Estado. En este sentido la Argentina cuenta con m\u00e1s de sesenta a\u00f1os de desarrollo nuclear; lo que permite encarar este desaf\u00edo con autonom\u00eda tecnol\u00f3gica. Durante estos a\u00f1os hemos acumulado amplio conocimiento en operaci\u00f3n de centrales nucleares de potencia, dise\u00f1o y construcci\u00f3n de reactores nucleares de investigaci\u00f3n, fabricaci\u00f3n y desarrollo de combustibles nucleares entre otros&#8221;.<\/p>\n<p>&#8220;Proponemos discutir el desarrollo de <b><span style=\"text-decoration: underline;\">LA ENERG\u00cdA NUCLEAR CON FINES PAC\u00cdFICOS<\/span><\/b> como alternativa para plantear una soluci\u00f3n a la crisis energ\u00e9tica y disminuir la concentraci\u00f3n de los gases de efecto invernadero en la atm\u00f3sfera. La energ\u00eda nuclear motoriza el desarrollo de numerosas actividades paralelas con aplicaci\u00f3n en la medicina, agricultura, alimentos, investigaci\u00f3n b\u00e1sica, etc&#8221;.<\/p>\n<p>&#8220;No desconocemos ni negamos la existencia del peligro potencial de la radioactividad de los combustibles nucleares o sus residuos finales. Ser\u00eda totalmente irresponsable ignorar esta realidad. Pero no s\u00f3lo estamos en condiciones de afirmar que esta actividad es la m\u00e1s rigurosamente controlada tanto por organismos nacionales e internacionales, sino que adem\u00e1s los trabajadores del \u00e1rea nuclear tomamos el compromiso de salvaguardar los intereses de la poblaci\u00f3n, bregando por un trabajo responsable en el sector nuclear&#8221;.<\/p>\n<p>&#8220;Episodios como el ingreso de activistas de Greenpeace a la Central Nuclear Embalse o el impulso de un proyecto de Ley como el de declarar a C\u00f3rdoba \u201cNo Nuclear\u201d, utilizan el genuino inter\u00e9s de la poblaci\u00f3n por el cuidado de los recursos, para utilizarlos con el fin de inhibir u obstaculizar el desarrollo tecnol\u00f3gico de nuestro pa\u00eds. Por esta raz\u00f3n rechazamos tales manifestaciones en todas sus variantes e invitamos a la poblaci\u00f3n a un serio debate sobre la actividad nuclear a los efectos de clarificar su naturaleza&#8221;.<\/p>\n<p><b><i>&#8220;Ante esta perspectiva, los trabajadores de ATE Sector Nuclear instalamos una \u201cCarpa en defensa de los puestos de trabajo generados por la actividad nuclear en Argentina\u201d los d\u00edas 19, 20, 21 y 22 de noviembre en la plaza San Mart\u00edn&#8221;.\u00a0<\/i><\/b><\/p>\n","protected":false},"excerpt":{"rendered":"<p>Ante el proyecto de ley para declarar a la provincia &#8220;libre de actividad nuclear&#8221;, trabajadores del sector iniciar\u00e1n ma\u00f1ana en la plaza la actividad en defensa de los puestos de trabajo y para promover un debate sobre el desarrollo nuclear con fines pac\u00edficos. La actividad se extender\u00e1 hasta el viernes y participar\u00e1n compa\u00f1eros de Dioxitek, [&hellip;]<\/p>\n","protected":false},"author":1,"featured_media":19220,"comment_status":"open","ping_status":"open","sticky":false,"template":"","format":"standard","meta":{"_exactmetrics_skip_tracking":false,"_exactmetrics_sitenote_active":false,"_exactmetrics_sitenote_note":"","_exactmetrics_sitenote_category":0,"jnews-multi-image_gallery":[],"jnews_single_post":[],"jnews_primary_category":[],"jnews_social_meta":[],"jnews_review":[],"enable_review":"","type":"","name":"","summary":"","brand":"","sku":"","good":[],"bad":[],"score_override":"","override_value":"","rating":[],"price":[],"jnews_override_counter":[],"jnews_post_split":[],"footnotes":""},"categories":[18],"tags":[],"class_list":["post-3629","post","type-post","status-publish","format-standard","has-post-thumbnail","hentry","category-nacionales"],"jetpack_featured_media_url":"https:\/\/atecordoba.org\/wp-content\/uploads\/2020\/05\/logo-nuevochico-e1561581322808.png","_links":{"self":[{"href":"https:\/\/atecordoba.org\/index.php?rest_route=\/wp\/v2\/posts\/3629","targetHints":{"allow":["GET"]}}],"collection":[{"href":"https:\/\/atecordoba.org\/index.php?rest_route=\/wp\/v2\/posts"}],"about":[{"href":"https:\/\/atecordoba.org\/index.php?rest_route=\/wp\/v2\/types\/post"}],"author":[{"embeddable":true,"href":"https:\/\/atecordoba.org\/index.php?rest_route=\/wp\/v2\/users\/1"}],"replies":[{"embeddable":true,"href":"https:\/\/atecordoba.org\/index.php?rest_route=%2Fwp%2Fv2%2Fcomments&post=3629"}],"version-history":[{"count":0,"href":"https:\/\/atecordoba.org\/index.php?rest_route=\/wp\/v2\/posts\/3629\/revisions"}],"wp:featuredmedia":[{"embeddable":true,"href":"https:\/\/atecordoba.org\/index.php?rest_route=\/wp\/v2\/media\/19220"}],"wp:attachment":[{"href":"https:\/\/atecordoba.org\/index.php?rest_route=%2Fwp%2Fv2%2Fmedia&parent=3629"}],"wp:term":[{"taxonomy":"category","embeddable":true,"href":"https:\/\/atecordoba.org\/index.php?rest_route=%2Fwp%2Fv2%2Fcategories&post=3629"},{"taxonomy":"post_tag","embeddable":true,"href":"https:\/\/atecordoba.org\/index.php?rest_route=%2Fwp%2Fv2%2Ftags&post=3629"}],"curies":[{"name":"wp","href":"https:\/\/api.w.org\/{rel}","templated":true}]}}