{"id":36274,"date":"2023-03-17T15:20:15","date_gmt":"2023-03-17T18:20:15","guid":{"rendered":"https:\/\/atecordoba.org\/?p=36274"},"modified":"2023-03-17T15:36:42","modified_gmt":"2023-03-17T18:36:42","slug":"personal-civil-dictaron-un-taller-sobre-el-convenio-190-de-la-oit","status":"publish","type":"post","link":"https:\/\/atecordoba.org\/?p=36274","title":{"rendered":"Personal Civil: dictaron un taller sobre el convenio 190 de la OIT"},"content":{"rendered":"\n<div class=\"wp-block-image\"><figure class=\"aligncenter size-large is-resized\"><img loading=\"lazy\" decoding=\"async\" src=\"https:\/\/atecordoba.org\/wp-content\/uploads\/2023\/03\/WhatsApp-Image-2023-03-17-at-14.29.15-1024x768.jpeg\" alt=\"\" class=\"wp-image-36276\" width=\"768\" height=\"576\" \/><\/figure><\/div>\n\n\n\n<p>En el marco de las pol\u00edticas de igualdad de g\u00e9neros y de erradicaci\u00f3n de la violencia en los lugares de trabajo, se dict\u00f3 ayer un taller sobre el Convenio 190 de la Organizaci\u00f3n Internacional del Trabajo (OIT).<\/p>\n\n\n\n<p>La actividad se desarrollo en la sede gremial de ATE en la Guarnici\u00f3n A\u00e9rea C\u00f3rdoba y estuvo a cargo de la delegada de ATE en Parques Nacionales Gabriela Vilte.<\/p>\n\n\n\n<p>Nos hemos introducido en el an\u00e1lisis del Convenio 190 de la OIT, un documento sobre la eliminaci\u00f3n de la violencia y el acoso en el mundo del trabajo. El abordaje abarca las acciones que se desarrollen en el espacio f\u00edsico, y tambi\u00e9n las comunicaciones relacionadas con este \u00e1mbito, en particular las que tienen lugar mediante tecnolog\u00edas de la informaci\u00f3n y la comunicaci\u00f3n&#8221;. <\/p>\n\n\n\n<p>La delegada explic\u00f3 a las compa\u00f1eras presentes que el Convenio fue ratificado en nuestro pa\u00eds por el Congreso de la Naci\u00f3n y tiene fuerza de ley. &#8220;Argentina es uno de los diez pa\u00edses, que lo ratific\u00f3 junto a Ecuador, Fiji, Grecia, Italia, Islas Mauricio, Namibia, Somal\u00eda, Sud\u00e1frica y Uruguay&#8221;, apunt\u00f3.<\/p>\n\n\n\n<p>Y concluy\u00f3 Vilte: &#8220;en el marco de un encuentro sororo, logramos el compartir sentipensares, situaciones de violencia laboral que nos atraviesan en nuestros trabajos y diferentes formas de abordarlas, desde una perspectiva multidimensional&#8221;.<\/p>\n\n\n\n<p>El espacio tambi\u00e9n fue aprovechado para que el integrante de la Junta Interna de ATE en el sector, Alejandro Charra, diera una charla formativa sobre el Convenio Colectivo de Trabajo sectorial.  <\/p>\n","protected":false},"excerpt":{"rendered":"<p>En el marco de las pol\u00edticas de igualdad de g\u00e9neros y de erradicaci\u00f3n de la violencia en los lugares de trabajo, se dict\u00f3 ayer un taller sobre el Convenio 190 de la Organizaci\u00f3n Internacional del Trabajo (OIT). La actividad se desarrollo en la sede gremial de ATE en la Guarnici\u00f3n A\u00e9rea C\u00f3rdoba y estuvo a [&hellip;]<\/p>\n","protected":false},"author":7,"featured_media":36276,"comment_status":"open","ping_status":"open","sticky":false,"template":"","format":"standard","meta":{"_exactmetrics_skip_tracking":false,"_exactmetrics_sitenote_active":false,"_exactmetrics_sitenote_note":"","_exactmetrics_sitenote_category":0,"jnews-multi-image_gallery":[],"jnews_single_post":{"subtitle":"La actividad se desarrollo en la sede gremial de ATE en la Guarnici\u00f3n A\u00e9rea C\u00f3rdoba y estuvo a cargo de la delegada de ATE en Parques Nacionales Gabriela Vilte.","format":"standard","video":"","gallery":"","source_name":"","source_url":"","via_name":"","via_url":"","override_template":"0","override":[{"template":"1","single_blog_custom":"","parallax":"1","fullscreen":"1","layout":"right-sidebar","sidebar":"default-sidebar","second_sidebar":"default-sidebar","sticky_sidebar":"1","share_position":"top","share_float_style":"share-monocrhome","show_share_counter":"1","show_view_counter":"1","show_featured":"1","show_post_meta":"1","show_post_author":"1","show_post_author_image":"1","show_post_date":"1","post_date_format":"default","post_date_format_custom":"Y\/m\/d","show_post_category":"1","show_post_reading_time":"0","post_reading_time_wpm":"300","show_zoom_button":"0","zoom_button_out_step":"2","zoom_button_in_step":"3","show_post_tag":"1","show_prev_next_post":"1","show_popup_post":"1","number_popup_post":"1","show_author_box":"0","show_post_related":"0","show_inline_post_related":"0"}],"override_image_size":"0","image_override":[{"single_post_thumbnail_size":"crop-500","single_post_gallery_size":"crop-500"}],"trending_post":"0","trending_post_position":"meta","trending_post_label":"Trending","sponsored_post":"0","sponsored_post_label":"Sponsored by","sponsored_post_name":"","sponsored_post_url":"","sponsored_post_logo_enable":"0","sponsored_post_logo":"","sponsored_post_desc":"","disable_ad":"0"},"jnews_primary_category":{"id":""},"jnews_social_meta":{"fb_title":"","fb_description":"","fb_image":"","twitter_title":"","twitter_description":"","twitter_image":""},"jnews_review":[],"enable_review":"0","type":"percentage","name":"","summary":"","brand":"","sku":"","good":[{"good_text":""}],"bad":[{"bad_text":""}],"score_override":"","override_value":"","rating":[{"rating_text":"","rating_number":"10"}],"price":[{"shop":"","price":"","link":"","icon":""}],"jnews_override_counter":{"override_view_counter":"0","view_counter_number":"0","override_share_counter":"0","share_counter_number":"0","override_like_counter":"0","like_counter_number":"0","override_dislike_counter":"0","dislike_counter_number":"0"},"jnews_post_split":{"enable_post_split":"0","post_split":[{"template":"1","tag":"h2","numbering":"asc","mode":"normal","first":"0","enable_toc":"0","toc_type":"normal"}]},"footnotes":""},"categories":[325],"tags":[],"class_list":["post-36274","post","type-post","status-publish","format-standard","has-post-thumbnail","hentry","category-generos-y-diversidades"],"jetpack_featured_media_url":"https:\/\/atecordoba.org\/wp-content\/uploads\/2023\/03\/WhatsApp-Image-2023-03-17-at-14.29.15-e1679077210782.jpeg","_links":{"self":[{"href":"https:\/\/atecordoba.org\/index.php?rest_route=\/wp\/v2\/posts\/36274","targetHints":{"allow":["GET"]}}],"collection":[{"href":"https:\/\/atecordoba.org\/index.php?rest_route=\/wp\/v2\/posts"}],"about":[{"href":"https:\/\/atecordoba.org\/index.php?rest_route=\/wp\/v2\/types\/post"}],"author":[{"embeddable":true,"href":"https:\/\/atecordoba.org\/index.php?rest_route=\/wp\/v2\/users\/7"}],"replies":[{"embeddable":true,"href":"https:\/\/atecordoba.org\/index.php?rest_route=%2Fwp%2Fv2%2Fcomments&post=36274"}],"version-history":[{"count":2,"href":"https:\/\/atecordoba.org\/index.php?rest_route=\/wp\/v2\/posts\/36274\/revisions"}],"predecessor-version":[{"id":36278,"href":"https:\/\/atecordoba.org\/index.php?rest_route=\/wp\/v2\/posts\/36274\/revisions\/36278"}],"wp:featuredmedia":[{"embeddable":true,"href":"https:\/\/atecordoba.org\/index.php?rest_route=\/wp\/v2\/media\/36276"}],"wp:attachment":[{"href":"https:\/\/atecordoba.org\/index.php?rest_route=%2Fwp%2Fv2%2Fmedia&parent=36274"}],"wp:term":[{"taxonomy":"category","embeddable":true,"href":"https:\/\/atecordoba.org\/index.php?rest_route=%2Fwp%2Fv2%2Fcategories&post=36274"},{"taxonomy":"post_tag","embeddable":true,"href":"https:\/\/atecordoba.org\/index.php?rest_route=%2Fwp%2Fv2%2Ftags&post=36274"}],"curies":[{"name":"wp","href":"https:\/\/api.w.org\/{rel}","templated":true}]}}