{"id":36265,"date":"2023-03-17T10:15:07","date_gmt":"2023-03-17T13:15:07","guid":{"rendered":"https:\/\/atecordoba.org\/?p=36265"},"modified":"2023-03-17T10:15:08","modified_gmt":"2023-03-17T13:15:08","slug":"rodolfo-aguiar-el-66-de-inflacion-pone-en-riesgo-todas-las-paritarias","status":"publish","type":"post","link":"https:\/\/atecordoba.org\/?p=36265","title":{"rendered":"Rodolfo Aguiar: \u201cEl 6,6% de inflaci\u00f3n pone en riesgo todas las paritarias\u201d"},"content":{"rendered":"\n<p><\/p>\n\n\n\n<div class=\"wp-block-image\"><figure class=\"aligncenter size-full\"><img decoding=\"async\" src=\"https:\/\/atecordoba.org\/wp-content\/uploads\/2023\/03\/rodolfo-aguiar.jpg\" alt=\"\" class=\"wp-image-36266\" \/><\/figure><\/div>\n\n\n\n<p>Frente al nuevo \u00edndice inflacionario conocido esta semana, referido al pasado mes de febrero, el secretario General Adjunto de ATE, Rodolfo Aguiar, realiz\u00f3 una serie de consideraciones que difundi\u00f3 a trav\u00e9s de su perfil de Facebook: <\/p>\n\n\n\n<p>&#8211; &#8220;Esta nueva aceleraci\u00f3n de los precios es un sablazo al bolsillo que pone en riesgo todos los acuerdos salariales que se fueron alcanzando en las provincias y municipios, alterando tambi\u00e9n las negociaciones en curso. Mientras tanto, el Gobierno s\u00f3lo se aferra a las pol\u00edticas del FMI y utiliza la inflaci\u00f3n como la principal herramienta de ajuste&#8221;.<\/p>\n\n\n\n<p>&#8211; &#8221; El 6,6% de febrero es el valor m\u00e1s alto en los \u00faltimos seis meses, y los alimentos aumentaron incluso por sobre el promedio general (9,8%). Esto deteriora a\u00fan m\u00e1s los ingresos de trabajadores y jubilados. Las condiciones de vida de la mayor\u00eda de los estatales se siguen agravando y crece el n\u00famero de asalariados pobres en el sector p\u00fablico&#8221;.<\/p>\n\n\n\n<p>&#8211; &#8220;No s\u00f3lo hay que revisar el acuerdo con el FMI, sino que se debe avanzar definitivamente contra los especuladores y formadores de precios, a quienes el Ejecutivo nunca se anim\u00f3 a ponerles freno&#8221;.<\/p>\n\n\n\n<p>&#8211; &#8220;Cabe destacar que la inflaci\u00f3n interanual tambi\u00e9n contin\u00faa en una crecida constante, casi llegando a duplicar su valor en 12 meses: pas\u00f3 de 55,1% en marzo de 2022 a 102,5% en febrero, siendo la primera vez que alcanza los tres d\u00edgitos en 30 a\u00f1os&#8221;.<\/p>\n","protected":false},"excerpt":{"rendered":"<p>Frente al nuevo \u00edndice inflacionario conocido esta semana, referido al pasado mes de febrero, el secretario General Adjunto de ATE, Rodolfo Aguiar, realiz\u00f3 una serie de consideraciones que difundi\u00f3 a trav\u00e9s de su perfil de Facebook: &#8211; &#8220;Esta nueva aceleraci\u00f3n de los precios es un sablazo al bolsillo que pone en riesgo todos los acuerdos [&hellip;]<\/p>\n","protected":false},"author":7,"featured_media":36266,"comment_status":"open","ping_status":"open","sticky":false,"template":"","format":"standard","meta":{"_exactmetrics_skip_tracking":false,"_exactmetrics_sitenote_active":false,"_exactmetrics_sitenote_note":"","_exactmetrics_sitenote_category":0,"jnews-multi-image_gallery":[],"jnews_single_post":{"subtitle":"\"No s\u00f3lo hay que revisar el acuerdo con el FMI, sino que se debe avanzar definitivamente contra los especuladores y formadores de precios, a quienes el Ejecutivo nunca se anim\u00f3 a ponerles freno\", afirm\u00f3 el dirigente.","format":"standard","video":"","gallery":"","source_name":"","source_url":"","via_name":"","via_url":"","override_template":"0","override":[{"template":"1","single_blog_custom":"","parallax":"1","fullscreen":"1","layout":"right-sidebar","sidebar":"default-sidebar","second_sidebar":"default-sidebar","sticky_sidebar":"1","share_position":"top","share_float_style":"share-monocrhome","show_share_counter":"1","show_view_counter":"1","show_featured":"1","show_post_meta":"1","show_post_author":"1","show_post_author_image":"1","show_post_date":"1","post_date_format":"default","post_date_format_custom":"Y\/m\/d","show_post_category":"1","show_post_reading_time":"0","post_reading_time_wpm":"300","show_zoom_button":"0","zoom_button_out_step":"2","zoom_button_in_step":"3","show_post_tag":"1","show_prev_next_post":"1","show_popup_post":"1","number_popup_post":"1","show_author_box":"0","show_post_related":"0","show_inline_post_related":"0"}],"override_image_size":"0","image_override":[{"single_post_thumbnail_size":"crop-500","single_post_gallery_size":"crop-500"}],"trending_post":"0","trending_post_position":"meta","trending_post_label":"Trending","sponsored_post":"0","sponsored_post_label":"Sponsored by","sponsored_post_name":"","sponsored_post_url":"","sponsored_post_logo_enable":"0","sponsored_post_logo":"","sponsored_post_desc":"","disable_ad":"0"},"jnews_primary_category":{"id":""},"jnews_social_meta":{"fb_title":"","fb_description":"","fb_image":"","twitter_title":"","twitter_description":"","twitter_image":""},"jnews_review":[],"enable_review":"0","type":"percentage","name":"","summary":"","brand":"","sku":"","good":[{"good_text":""}],"bad":[{"bad_text":""}],"score_override":"","override_value":"","rating":[{"rating_text":"","rating_number":"10"}],"price":[{"shop":"","price":"","link":"","icon":""}],"jnews_override_counter":{"override_view_counter":"0","view_counter_number":"0","override_share_counter":"0","share_counter_number":"0","override_like_counter":"0","like_counter_number":"0","override_dislike_counter":"0","dislike_counter_number":"0"},"jnews_post_split":{"enable_post_split":"0","post_split":[{"template":"1","tag":"h2","numbering":"asc","mode":"normal","first":"0","enable_toc":"0","toc_type":"normal"}]},"footnotes":""},"categories":[756],"tags":[],"class_list":["post-36265","post","type-post","status-publish","format-standard","has-post-thumbnail","hentry","category-consejo-directivo-nacional-cdn"],"jetpack_featured_media_url":"https:\/\/atecordoba.org\/wp-content\/uploads\/2023\/03\/rodolfo-aguiar-e1679058900779.jpg","_links":{"self":[{"href":"https:\/\/atecordoba.org\/index.php?rest_route=\/wp\/v2\/posts\/36265","targetHints":{"allow":["GET"]}}],"collection":[{"href":"https:\/\/atecordoba.org\/index.php?rest_route=\/wp\/v2\/posts"}],"about":[{"href":"https:\/\/atecordoba.org\/index.php?rest_route=\/wp\/v2\/types\/post"}],"author":[{"embeddable":true,"href":"https:\/\/atecordoba.org\/index.php?rest_route=\/wp\/v2\/users\/7"}],"replies":[{"embeddable":true,"href":"https:\/\/atecordoba.org\/index.php?rest_route=%2Fwp%2Fv2%2Fcomments&post=36265"}],"version-history":[{"count":1,"href":"https:\/\/atecordoba.org\/index.php?rest_route=\/wp\/v2\/posts\/36265\/revisions"}],"predecessor-version":[{"id":36267,"href":"https:\/\/atecordoba.org\/index.php?rest_route=\/wp\/v2\/posts\/36265\/revisions\/36267"}],"wp:featuredmedia":[{"embeddable":true,"href":"https:\/\/atecordoba.org\/index.php?rest_route=\/wp\/v2\/media\/36266"}],"wp:attachment":[{"href":"https:\/\/atecordoba.org\/index.php?rest_route=%2Fwp%2Fv2%2Fmedia&parent=36265"}],"wp:term":[{"taxonomy":"category","embeddable":true,"href":"https:\/\/atecordoba.org\/index.php?rest_route=%2Fwp%2Fv2%2Fcategories&post=36265"},{"taxonomy":"post_tag","embeddable":true,"href":"https:\/\/atecordoba.org\/index.php?rest_route=%2Fwp%2Fv2%2Ftags&post=36265"}],"curies":[{"name":"wp","href":"https:\/\/api.w.org\/{rel}","templated":true}]}}