{"id":36259,"date":"2023-03-16T15:57:40","date_gmt":"2023-03-16T18:57:40","guid":{"rendered":"https:\/\/atecordoba.org\/?p=36259"},"modified":"2023-03-17T10:06:02","modified_gmt":"2023-03-17T13:06:02","slug":"cymat-por-la-precarizacion-naturalizamos-trabajar-en-espacios-que-nos-enferman","status":"publish","type":"post","link":"https:\/\/atecordoba.org\/?p=36259","title":{"rendered":"CyMAT: &#8220;por la precarizaci\u00f3n naturalizamos trabajar en espacios que nos enferman&#8221;"},"content":{"rendered":"\n<p><\/p>\n\n\n\n<div class=\"wp-block-image\"><figure class=\"alignleft size-full\"><img loading=\"lazy\" decoding=\"async\" width=\"576\" height=\"1024\" src=\"https:\/\/atecordoba.org\/wp-content\/uploads\/2023\/03\/salud-laboral.jpg\" alt=\"\" class=\"wp-image-36260\" srcset=\"https:\/\/atecordoba.org\/wp-content\/uploads\/2023\/03\/salud-laboral.jpg 576w, https:\/\/atecordoba.org\/wp-content\/uploads\/2023\/03\/salud-laboral-169x300.jpg 169w\" sizes=\"auto, (max-width: 576px) 100vw, 576px\" \/><figcaption>El secretario General de ATE Federico Giuliani, junto a integrantes del equipo de salud laboral y a la delegada de Migraciones.<\/figcaption><\/figure><\/div>\n\n\n\n<p>El Departamento de Salud Laboral y Medio Ambiente de Trabajo del Consejo Directivo Provincial (CDP) comenz\u00f3 el a\u00f1o con fuerte actividad, realizando inspecciones en dos organismos nacionales situados en C\u00f3rdoba capital y dando cuenta de las peligrosas condiciones de trabajo con que convivimos las y los estatales a la hora de cumplir con nuestras tareas habituales. <\/p>\n\n\n\n<p>En ese contexto el compa\u00f1ero Mat\u00edas Giuliani, referente del \u00e1rea, dio detalles de los avances realizados en el programa radial Entre Todos y Todas, que la Secretar\u00eda de Prensa emite cada martes en GEN FM 107.5.<\/p>\n\n\n\n<p>&#8220;Este a\u00f1o hubo dos conflictos a partir de sendos accidentes que por suerte fueron leves, pero que pudieron haber tenido otra gravedad&#8221;, explic\u00f3 Giuliani.<\/p>\n\n\n\n<p>Y prosigui\u00f3: &#8220;en la Direcci\u00f3n Nacional de Migraciones, en la sede de calle Caseros, despu\u00e9s de dos d\u00e9cadas sin ninguna intervenci\u00f3n ni arreglo, comenz\u00f3 a llevarse un plan de reforma casi total del edificio, donde qued\u00f3 expuesta la desidia de las autoridades al no realizar el plan de obras. Porque cuando te embarc\u00e1s en obras de tal envergadura, ten\u00e9s que contar con un plan de salud y seguridad para que las actividades que ah\u00ed se desarrollan no sean un riesgo para las personas que trabajan y las que concurren como p\u00fablico&#8221;.<\/p>\n\n\n\n<p>&#8220;Conclusi\u00f3n: en Migraciones dos obreros tuvieron accidentes durante la obra, uno se quebr\u00f3 una pierna&#8221;, a\u00f1adi\u00f3 el dirigente.<\/p>\n\n\n\n<p>&#8220;Todo esto hizo que realicemos una inspecci\u00f3n a partir de la convocatoria de las y los delegados de ATE y luego entregamos un informe, sin obtener respuesta hasta el momento. A partir de esto, se dio una acci\u00f3n coordinada entre le cuerpo de delegados y el CDP, resolviendo la retenci\u00f3n de tareas, para luego pasar a guardias m\u00ednimas y tareas remotas&#8221;, relat\u00f3.<\/p>\n\n\n\n<p><strong>\u00bfQu\u00e9 paso en la Superintendencia de Riesgos de Trabajo?<\/strong><\/p>\n\n\n\n<p>Mat\u00edas Giuliani: Hubo una ca\u00edda del techo de una oficina y lastim\u00f3 el hombro de una compa\u00f1era, por suerte no fue m\u00e1s. Pero cuando quisimos inspeccionar los funcionarios no nos dejaron. Sin embargo, el plan de lucha logr\u00f3 que los compa\u00f1eros hicieran trabajo remoto. <\/p>\n\n\n\n<p>Adem\u00e1s, a trav\u00e9s del Consejo Directivo Provincial y el Departamento de Salud y Medio Ambiente de Trabajo logramos que el organismo reactive su delegaci\u00f3n CyMAT y se est\u00e1n haciendo obras de mejora y remodelaci\u00f3n de las oficinas de calle Rivadavia. <\/p>\n\n\n\n<p>Mientras, insistimos que nos dejen entran como Departamento de Salud Laboral de ATE C\u00f3rdoba, porque las leyes as\u00ed lo permiten.<\/p>\n\n\n\n<p><strong>Precarizaci\u00f3n<\/strong><\/p>\n\n\n\n<p><strong>Hay relaci\u00f3n entre la precarizaci\u00f3n del v\u00ednculo laboral \u2013por medio de monotributos, contratos y otras variantes de estafa laboral que realiza el propio Estado- y que empeoren las condiciones y medio ambiente de trabajo. Los compa\u00f1eros precarizados terminan aceptando estas condiciones.<\/strong><\/p>\n\n\n\n<p>M.G.: Absolutamente. Estamos ante un sistema productivo atroz donde hay que producir a cualquier costo, brindando servicios a como d\u00e9 lugar. Esta la figura de la precarizaci\u00f3n laboral como el monotributo, ni hablar del jornalero que se ve mucho en los municipios, no cuentan con ART si hablamos del salud laboral y riesgos de trabajo.<\/p>\n\n\n\n<p>Adem\u00e1s hay mucho desconociento de parte de compa\u00f1eros y compa\u00f1eras, que si no tenes ART tenes que contratar un seguro de accidentes de trabajo vos mismo. La ignorancia sobre el tema es mucha y va de la mano de la precarizaci\u00f3n. Por eso nos pasa que gastamos energ\u00eda en pedir aumentos de sueldos, pase a planta y naturalizamos trabajar en condiciones de trabajo que nos enferman, que nos matan, as\u00ed que est\u00e1 totalmente ligado.<\/p>\n\n\n\n<p> <\/p>\n","protected":false},"excerpt":{"rendered":"<p>El Departamento de Salud Laboral y Medio Ambiente de Trabajo del Consejo Directivo Provincial (CDP) comenz\u00f3 el a\u00f1o con fuerte actividad, realizando inspecciones en dos organismos nacionales situados en C\u00f3rdoba capital y dando cuenta de las peligrosas condiciones de trabajo con que convivimos las y los estatales a la hora de cumplir con nuestras tareas [&hellip;]<\/p>\n","protected":false},"author":7,"featured_media":36261,"comment_status":"open","ping_status":"open","sticky":false,"template":"","format":"standard","meta":{"_exactmetrics_skip_tracking":false,"_exactmetrics_sitenote_active":false,"_exactmetrics_sitenote_note":"","_exactmetrics_sitenote_category":0,"jnews-multi-image_gallery":[],"jnews_single_post":{"subtitle":"Mat\u00edas Giuliani dio un pantallazo sobre la actividad que realiza el Departamento y se tom\u00f3 un tiempo para reflexionar sobre la relaci\u00f3n entre la precarizaci\u00f3n laboral y el medio ambiente de trabajo.  ","format":"standard","video":"","gallery":"","source_name":"","source_url":"","via_name":"","via_url":"","override_template":"0","override":[{"template":"1","single_blog_custom":"","parallax":"1","fullscreen":"1","layout":"right-sidebar","sidebar":"default-sidebar","second_sidebar":"default-sidebar","sticky_sidebar":"1","share_position":"top","share_float_style":"share-monocrhome","show_share_counter":"1","show_view_counter":"1","show_featured":"1","show_post_meta":"1","show_post_author":"1","show_post_author_image":"1","show_post_date":"1","post_date_format":"default","post_date_format_custom":"Y\/m\/d","show_post_category":"1","show_post_reading_time":"0","post_reading_time_wpm":"300","show_zoom_button":"0","zoom_button_out_step":"2","zoom_button_in_step":"3","show_post_tag":"1","show_prev_next_post":"1","show_popup_post":"1","number_popup_post":"1","show_author_box":"0","show_post_related":"0","show_inline_post_related":"0"}],"override_image_size":"0","image_override":[{"single_post_thumbnail_size":"crop-500","single_post_gallery_size":"crop-500"}],"trending_post":"0","trending_post_position":"meta","trending_post_label":"Trending","sponsored_post":"0","sponsored_post_label":"Sponsored by","sponsored_post_name":"","sponsored_post_url":"","sponsored_post_logo_enable":"0","sponsored_post_logo":"","sponsored_post_desc":"","disable_ad":"0"},"jnews_primary_category":{"id":""},"jnews_social_meta":{"fb_title":"","fb_description":"","fb_image":"","twitter_title":"","twitter_description":"","twitter_image":""},"jnews_review":[],"enable_review":"0","type":"percentage","name":"","summary":"","brand":"","sku":"","good":[{"good_text":""}],"bad":[{"bad_text":""}],"score_override":"","override_value":"","rating":[{"rating_text":"","rating_number":"10"}],"price":[{"shop":"","price":"","link":"","icon":""}],"jnews_override_counter":{"override_view_counter":"0","view_counter_number":"0","override_share_counter":"0","share_counter_number":"0","override_like_counter":"0","like_counter_number":"0","override_dislike_counter":"0","dislike_counter_number":"0"},"jnews_post_split":{"enable_post_split":"0","post_split":[{"template":"1","tag":"h2","numbering":"asc","mode":"normal","first":"0","enable_toc":"0","toc_type":"normal"}]},"footnotes":""},"categories":[104],"tags":[],"class_list":["post-36259","post","type-post","status-publish","format-standard","has-post-thumbnail","hentry","category-departamento-de-salud"],"jetpack_featured_media_url":"https:\/\/atecordoba.org\/wp-content\/uploads\/2023\/03\/logo-cymat-horizonal.jpeg","_links":{"self":[{"href":"https:\/\/atecordoba.org\/index.php?rest_route=\/wp\/v2\/posts\/36259","targetHints":{"allow":["GET"]}}],"collection":[{"href":"https:\/\/atecordoba.org\/index.php?rest_route=\/wp\/v2\/posts"}],"about":[{"href":"https:\/\/atecordoba.org\/index.php?rest_route=\/wp\/v2\/types\/post"}],"author":[{"embeddable":true,"href":"https:\/\/atecordoba.org\/index.php?rest_route=\/wp\/v2\/users\/7"}],"replies":[{"embeddable":true,"href":"https:\/\/atecordoba.org\/index.php?rest_route=%2Fwp%2Fv2%2Fcomments&post=36259"}],"version-history":[{"count":2,"href":"https:\/\/atecordoba.org\/index.php?rest_route=\/wp\/v2\/posts\/36259\/revisions"}],"predecessor-version":[{"id":36264,"href":"https:\/\/atecordoba.org\/index.php?rest_route=\/wp\/v2\/posts\/36259\/revisions\/36264"}],"wp:featuredmedia":[{"embeddable":true,"href":"https:\/\/atecordoba.org\/index.php?rest_route=\/wp\/v2\/media\/36261"}],"wp:attachment":[{"href":"https:\/\/atecordoba.org\/index.php?rest_route=%2Fwp%2Fv2%2Fmedia&parent=36259"}],"wp:term":[{"taxonomy":"category","embeddable":true,"href":"https:\/\/atecordoba.org\/index.php?rest_route=%2Fwp%2Fv2%2Fcategories&post=36259"},{"taxonomy":"post_tag","embeddable":true,"href":"https:\/\/atecordoba.org\/index.php?rest_route=%2Fwp%2Fv2%2Ftags&post=36259"}],"curies":[{"name":"wp","href":"https:\/\/api.w.org\/{rel}","templated":true}]}}