{"id":3624,"date":"2013-11-18T15:59:32","date_gmt":"2013-11-18T18:59:32","guid":{"rendered":"http:\/\/www.atecordoba.org\/?p=3624"},"modified":"2013-11-18T15:59:32","modified_gmt":"2013-11-18T18:59:32","slug":"tras-un-abrazo-al-indec-reingreso-una-delegada-de-ate-perseguida-por-la-intervencion","status":"publish","type":"post","link":"https:\/\/atecordoba.org\/?p=3624","title":{"rendered":"Tras un abrazo al INDEC reingres\u00f3 una delegada de ATE perseguida por la intervenci\u00f3n"},"content":{"rendered":"<p><em>Como todos los meses, ATE Capital Federal abraz\u00f3 el edificio del INDEC contra la intervenci\u00f3n del gobierno nacional y la persecuci\u00f3n gremial de trabajadores. Durante el acto pudo ingresar al organismo la delegada Marcela Almeida, de acuerdo al fallo de la Justicia del Trabajo.\u00a0<\/em><\/p>\n<p><a href=\"http:\/\/www.atecordoba.org\/wp-content\/uploads\/2013\/11\/indec-1.jpg\"><img loading=\"lazy\" decoding=\"async\" class=\"size-full wp-image-3625 alignleft\" alt=\"indec 1\" src=\"http:\/\/www.atecordoba.org\/wp-content\/uploads\/2013\/11\/indec-1.jpg\" width=\"413\" height=\"336\" \/><\/a><\/p>\n<p>&nbsp;<\/p>\n<p>Las juntas internas de ATE y la CTA se concentraron frente a las puertas del instituto, acompa\u00f1adas de organizaciones sociales, partidos pol\u00edticos, diputados y legisladores. Eran m\u00e1s de un centenar de compa\u00f1eros encabezados por Jos\u00e9 Matassa, Secretario General de ATE Capital; Carlos Chile, Secretario General de CTA Capital; y Ra\u00fal Llaneza, delegado general de ATE en el INDEC.<\/p>\n<p>Como muchos trabajadores, Almeida viene denunciando desde 2007 la manipulaci\u00f3n en el \u00cdndice de Precios al Consumidor (IPC). Por ello le han congelado el salario y desde hace ocho meses no le pagan. La Justicia del Trabajo dictamin\u00f3 hace una semana su reincorporaci\u00f3n y devoluci\u00f3n del salario y tareas. Sin embargo, reci\u00e9n hoy a la ma\u00f1ana pudo ingresar nuevamente al edificio.<\/p>\n<p>\u201cEste es un primer paso de la unidad y la decisi\u00f3n colectiva. Hoy estamos aqu\u00ed porque la patota no quer\u00eda dejar entrar al organismo a Marcela. Para nosotros es s\u00f3lo una primera etapa. Ahora queremos que le reintegren las mismas funciones que ten\u00eda en 2007\u201d, manifest\u00f3 Matassa.<\/p>\n<p>Por su parte, Almeida agradeci\u00f3 el acompa\u00f1amiento durante todos estos a\u00f1os de ATE y las organizaciones. \u201cLa persecuci\u00f3n que sufrimos es de todo tipo: somos precarizados y a pesar de mis fueros gremiales hace ocho meses que no me pagan en coordinaci\u00f3n con el Gobierno de la Ciudad, de quien depende la instituci\u00f3n a trav\u00e9s de la cual me contrata el INDEC\u201d, a\u00f1adi\u00f3.<\/p>\n<p>Almeida gan\u00f3 dos juicios en primera instancia y en la C\u00e1mara, la que hizo expreso, entre otros puntos, el cese de la persecuci\u00f3n contra los trabajadores organizados.<\/p>\n<p><a href=\"http:\/\/www.atecordoba.org\/wp-content\/uploads\/2013\/11\/indec-2.jpg\"><img loading=\"lazy\" decoding=\"async\" class=\"aligncenter size-full wp-image-3626\" alt=\"indec 2\" src=\"http:\/\/www.atecordoba.org\/wp-content\/uploads\/2013\/11\/indec-2.jpg\" width=\"389\" height=\"298\" \/><\/a><\/p>\n","protected":false},"excerpt":{"rendered":"<p>Como todos los meses, ATE Capital Federal abraz\u00f3 el edificio del INDEC contra la intervenci\u00f3n del gobierno nacional y la persecuci\u00f3n gremial de trabajadores. Durante el acto pudo ingresar al organismo la delegada Marcela Almeida, de acuerdo al fallo de la Justicia del Trabajo.\u00a0 &nbsp; Las juntas internas de ATE y la CTA se concentraron [&hellip;]<\/p>\n","protected":false},"author":1,"featured_media":19220,"comment_status":"open","ping_status":"open","sticky":false,"template":"","format":"standard","meta":{"_exactmetrics_skip_tracking":false,"_exactmetrics_sitenote_active":false,"_exactmetrics_sitenote_note":"","_exactmetrics_sitenote_category":0,"jnews-multi-image_gallery":[],"jnews_single_post":[],"jnews_primary_category":[],"jnews_social_meta":[],"jnews_review":[],"enable_review":"","type":"","name":"","summary":"","brand":"","sku":"","good":[],"bad":[],"score_override":"","override_value":"","rating":[],"price":[],"jnews_override_counter":[],"jnews_post_split":[],"footnotes":""},"categories":[18],"tags":[],"class_list":["post-3624","post","type-post","status-publish","format-standard","has-post-thumbnail","hentry","category-nacionales"],"jetpack_featured_media_url":"https:\/\/atecordoba.org\/wp-content\/uploads\/2020\/05\/logo-nuevochico-e1561581322808.png","_links":{"self":[{"href":"https:\/\/atecordoba.org\/index.php?rest_route=\/wp\/v2\/posts\/3624","targetHints":{"allow":["GET"]}}],"collection":[{"href":"https:\/\/atecordoba.org\/index.php?rest_route=\/wp\/v2\/posts"}],"about":[{"href":"https:\/\/atecordoba.org\/index.php?rest_route=\/wp\/v2\/types\/post"}],"author":[{"embeddable":true,"href":"https:\/\/atecordoba.org\/index.php?rest_route=\/wp\/v2\/users\/1"}],"replies":[{"embeddable":true,"href":"https:\/\/atecordoba.org\/index.php?rest_route=%2Fwp%2Fv2%2Fcomments&post=3624"}],"version-history":[{"count":0,"href":"https:\/\/atecordoba.org\/index.php?rest_route=\/wp\/v2\/posts\/3624\/revisions"}],"wp:featuredmedia":[{"embeddable":true,"href":"https:\/\/atecordoba.org\/index.php?rest_route=\/wp\/v2\/media\/19220"}],"wp:attachment":[{"href":"https:\/\/atecordoba.org\/index.php?rest_route=%2Fwp%2Fv2%2Fmedia&parent=3624"}],"wp:term":[{"taxonomy":"category","embeddable":true,"href":"https:\/\/atecordoba.org\/index.php?rest_route=%2Fwp%2Fv2%2Fcategories&post=3624"},{"taxonomy":"post_tag","embeddable":true,"href":"https:\/\/atecordoba.org\/index.php?rest_route=%2Fwp%2Fv2%2Ftags&post=3624"}],"curies":[{"name":"wp","href":"https:\/\/api.w.org\/{rel}","templated":true}]}}