{"id":36221,"date":"2023-03-13T15:25:05","date_gmt":"2023-03-13T18:25:05","guid":{"rendered":"https:\/\/atecordoba.org\/?p=36221"},"modified":"2023-03-14T11:16:46","modified_gmt":"2023-03-14T14:16:46","slug":"el-cdp-completo-la-entrega-de-kits-escolares-a-las-y-los-afiliados","status":"publish","type":"post","link":"https:\/\/atecordoba.org\/?p=36221","title":{"rendered":"\u00a1El CDP complet\u00f3 la entrega de kits escolares para comenzar las clases!"},"content":{"rendered":"\n<figure class=\"wp-block-gallery has-nested-images columns-default is-cropped wp-block-gallery-1 is-layout-flex wp-block-gallery-is-layout-flex\">\n<figure class=\"wp-block-image size-large\"><img loading=\"lazy\" decoding=\"async\" width=\"461\" height=\"1024\" data-id=\"36224\" src=\"https:\/\/atecordoba.org\/wp-content\/uploads\/2023\/03\/WhatsApp-Image-2023-03-13-at-15.06.16-2-461x1024.jpeg\" alt=\"\" class=\"wp-image-36224\" srcset=\"https:\/\/atecordoba.org\/wp-content\/uploads\/2023\/03\/WhatsApp-Image-2023-03-13-at-15.06.16-2-461x1024.jpeg 461w, https:\/\/atecordoba.org\/wp-content\/uploads\/2023\/03\/WhatsApp-Image-2023-03-13-at-15.06.16-2-135x300.jpeg 135w, https:\/\/atecordoba.org\/wp-content\/uploads\/2023\/03\/WhatsApp-Image-2023-03-13-at-15.06.16-2-691x1536.jpeg 691w, https:\/\/atecordoba.org\/wp-content\/uploads\/2023\/03\/WhatsApp-Image-2023-03-13-at-15.06.16-2.jpeg 720w\" sizes=\"auto, (max-width: 461px) 100vw, 461px\" \/><\/figure>\n\n\n\n<figure class=\"wp-block-image size-large\"><img loading=\"lazy\" decoding=\"async\" width=\"461\" height=\"1024\" data-id=\"36223\" src=\"https:\/\/atecordoba.org\/wp-content\/uploads\/2023\/03\/WhatsApp-Image-2023-03-13-at-15.06.16-1-461x1024.jpeg\" alt=\"\" class=\"wp-image-36223\" srcset=\"https:\/\/atecordoba.org\/wp-content\/uploads\/2023\/03\/WhatsApp-Image-2023-03-13-at-15.06.16-1-461x1024.jpeg 461w, https:\/\/atecordoba.org\/wp-content\/uploads\/2023\/03\/WhatsApp-Image-2023-03-13-at-15.06.16-1-135x300.jpeg 135w, https:\/\/atecordoba.org\/wp-content\/uploads\/2023\/03\/WhatsApp-Image-2023-03-13-at-15.06.16-1.jpeg 576w\" sizes=\"auto, (max-width: 461px) 100vw, 461px\" \/><\/figure>\n\n\n\n<figure class=\"wp-block-image size-large\"><img loading=\"lazy\" decoding=\"async\" width=\"461\" height=\"1024\" data-id=\"36222\" src=\"https:\/\/atecordoba.org\/wp-content\/uploads\/2023\/03\/WhatsApp-Image-2023-03-13-at-15.06.16-461x1024.jpeg\" alt=\"\" class=\"wp-image-36222\" srcset=\"https:\/\/atecordoba.org\/wp-content\/uploads\/2023\/03\/WhatsApp-Image-2023-03-13-at-15.06.16-461x1024.jpeg 461w, https:\/\/atecordoba.org\/wp-content\/uploads\/2023\/03\/WhatsApp-Image-2023-03-13-at-15.06.16-135x300.jpeg 135w, https:\/\/atecordoba.org\/wp-content\/uploads\/2023\/03\/WhatsApp-Image-2023-03-13-at-15.06.16-691x1536.jpeg 691w, https:\/\/atecordoba.org\/wp-content\/uploads\/2023\/03\/WhatsApp-Image-2023-03-13-at-15.06.16.jpeg 720w\" sizes=\"auto, (max-width: 461px) 100vw, 461px\" \/><\/figure>\n<\/figure>\n\n\n\n<p>El viernes pasado finaliz\u00f3 la entrega de kits escolares para las y los hijos de las y los afiliados de ATE C\u00f3rdoba a cargo del Consejo Directivo Provincial (CDP). De esta forma se complet\u00f3 el operativo de dos semanas que acompa\u00f1a el proceso de escolarizaci\u00f3n de nuestros ni\u00f1os y ni\u00f1as para los niveles inicial, primario y secundario con materiales de primera calidad. <\/p>\n\n\n\n<p>En el balance del operativo, el responsable de la Secretaria de Acci\u00f3n Social del CDP, Agust\u00edn Bertone, evalu\u00f3 que &#8220;luego de dos semanas de entrega de \u00fatiles escolares para las y los hijos de afiliados\/as de ATE el balance es excelente. Se entregaron m\u00e1s de 2500 kits escolares de muy alta calidad, estamos contentos por haberlo logrado ya que es un mimo y reconocimiento a las y los afiliados, siempre tratando de mejorar la entrega del a\u00f1o anterior.El balance es excelente, cubrimos el padr\u00f3n casi en su totalidad&#8221;.<\/p>\n\n\n\n<div class=\"wp-block-image\"><figure class=\"aligncenter size-large is-resized\"><img loading=\"lazy\" decoding=\"async\" src=\"https:\/\/atecordoba.org\/wp-content\/uploads\/2023\/03\/WhatsApp-Image-2023-03-13-at-15.06.17-1-461x1024.jpeg\" alt=\"\" class=\"wp-image-36226\" width=\"351\" height=\"780\" \/><\/figure><\/div>\n\n\n\n<p>En esa l\u00ednea, el dirigente realiz\u00f3 un reconocimiento &#8220;al esfuerzo grande de parte del CDP en su parte financiera y de la log\u00edstica en la Secretaria de Acci\u00f3n Social. Agradecemos a los compa\u00f1eros que colaboran d\u00eda a d\u00eda para llevar el trabajo adelante, ellos saben bien quienes son. Siempre est\u00e1n dispuestos y predispuestos a dar la mano necesaria para que la pol\u00edtica de acci\u00f3n social de ATE llegue a cada afiliado y afiliada&#8221;.<\/p>\n\n\n\n<p>Bertone dijo que &#8220;en estos tiempos de crisis y de salarios a la baja es satisfactorio poder cumplirles a las y los afiliados. Agradecidos al CDP por el apoyo para que el afiliado se vaya con una sonrisa a su casa y pueda llevarle a su familia algo de calidad que le sirva para la escolaridad&#8221;.<\/p>\n","protected":false},"excerpt":{"rendered":"<p>El viernes pasado finaliz\u00f3 la entrega de kits escolares para las y los hijos de las y los afiliados de ATE C\u00f3rdoba a cargo del Consejo Directivo Provincial (CDP). De esta forma se complet\u00f3 el operativo de dos semanas que acompa\u00f1a el proceso de escolarizaci\u00f3n de nuestros ni\u00f1os y ni\u00f1as para los niveles inicial, primario [&hellip;]<\/p>\n","protected":false},"author":7,"featured_media":36226,"comment_status":"open","ping_status":"open","sticky":false,"template":"","format":"standard","meta":{"_exactmetrics_skip_tracking":false,"_exactmetrics_sitenote_active":false,"_exactmetrics_sitenote_note":"","_exactmetrics_sitenote_category":0,"jnews-multi-image_gallery":[],"jnews_single_post":{"subtitle":"El Consejo Directivo Provincial dio el beneficio a 2500 afiliados y afiliadas, completando el padr\u00f3n previsto.","format":"standard","video":"","gallery":"","source_name":"","source_url":"","via_name":"","via_url":"","override_template":"0","override":[{"template":"1","single_blog_custom":"","parallax":"1","fullscreen":"1","layout":"right-sidebar","sidebar":"default-sidebar","second_sidebar":"default-sidebar","sticky_sidebar":"1","share_position":"top","share_float_style":"share-monocrhome","show_share_counter":"1","show_view_counter":"1","show_featured":"1","show_post_meta":"1","show_post_author":"1","show_post_author_image":"1","show_post_date":"1","post_date_format":"default","post_date_format_custom":"Y\/m\/d","show_post_category":"1","show_post_reading_time":"0","post_reading_time_wpm":"300","show_zoom_button":"0","zoom_button_out_step":"2","zoom_button_in_step":"3","show_post_tag":"1","show_prev_next_post":"1","show_popup_post":"1","number_popup_post":"1","show_author_box":"0","show_post_related":"0","show_inline_post_related":"0"}],"override_image_size":"0","image_override":[{"single_post_thumbnail_size":"crop-500","single_post_gallery_size":"crop-500"}],"trending_post":"0","trending_post_position":"meta","trending_post_label":"Trending","sponsored_post":"0","sponsored_post_label":"Sponsored by","sponsored_post_name":"","sponsored_post_url":"","sponsored_post_logo_enable":"0","sponsored_post_logo":"","sponsored_post_desc":"","disable_ad":"0"},"jnews_primary_category":{"id":""},"jnews_social_meta":{"fb_title":"","fb_description":"","fb_image":"","twitter_title":"","twitter_description":"","twitter_image":""},"jnews_review":[],"enable_review":"0","type":"percentage","name":"","summary":"","brand":"","sku":"","good":[{"good_text":""}],"bad":[{"bad_text":""}],"score_override":"","override_value":"","rating":[{"rating_text":"","rating_number":"10"}],"price":[{"shop":"","price":"","link":"","icon":""}],"jnews_override_counter":{"override_view_counter":"0","view_counter_number":"0","override_share_counter":"0","share_counter_number":"0","override_like_counter":"0","like_counter_number":"0","override_dislike_counter":"0","dislike_counter_number":"0"},"jnews_post_split":{"enable_post_split":"0","post_split":[{"template":"1","tag":"h2","numbering":"asc","mode":"normal","first":"0","enable_toc":"0","toc_type":"normal"}]},"footnotes":""},"categories":[75,341],"tags":[],"class_list":["post-36221","post","type-post","status-publish","format-standard","has-post-thumbnail","hentry","category-accion-social","category-cdp"],"jetpack_featured_media_url":"https:\/\/atecordoba.org\/wp-content\/uploads\/2023\/03\/WhatsApp-Image-2023-03-13-at-15.06.17-1-e1678732165976.jpeg","_links":{"self":[{"href":"https:\/\/atecordoba.org\/index.php?rest_route=\/wp\/v2\/posts\/36221","targetHints":{"allow":["GET"]}}],"collection":[{"href":"https:\/\/atecordoba.org\/index.php?rest_route=\/wp\/v2\/posts"}],"about":[{"href":"https:\/\/atecordoba.org\/index.php?rest_route=\/wp\/v2\/types\/post"}],"author":[{"embeddable":true,"href":"https:\/\/atecordoba.org\/index.php?rest_route=\/wp\/v2\/users\/7"}],"replies":[{"embeddable":true,"href":"https:\/\/atecordoba.org\/index.php?rest_route=%2Fwp%2Fv2%2Fcomments&post=36221"}],"version-history":[{"count":3,"href":"https:\/\/atecordoba.org\/index.php?rest_route=\/wp\/v2\/posts\/36221\/revisions"}],"predecessor-version":[{"id":36231,"href":"https:\/\/atecordoba.org\/index.php?rest_route=\/wp\/v2\/posts\/36221\/revisions\/36231"}],"wp:featuredmedia":[{"embeddable":true,"href":"https:\/\/atecordoba.org\/index.php?rest_route=\/wp\/v2\/media\/36226"}],"wp:attachment":[{"href":"https:\/\/atecordoba.org\/index.php?rest_route=%2Fwp%2Fv2%2Fmedia&parent=36221"}],"wp:term":[{"taxonomy":"category","embeddable":true,"href":"https:\/\/atecordoba.org\/index.php?rest_route=%2Fwp%2Fv2%2Fcategories&post=36221"},{"taxonomy":"post_tag","embeddable":true,"href":"https:\/\/atecordoba.org\/index.php?rest_route=%2Fwp%2Fv2%2Ftags&post=36221"}],"curies":[{"name":"wp","href":"https:\/\/api.w.org\/{rel}","templated":true}]}}