{"id":3620,"date":"2013-11-15T10:09:56","date_gmt":"2013-11-15T13:09:56","guid":{"rendered":"http:\/\/www.atecordoba.org\/?p=3620"},"modified":"2013-11-15T10:09:56","modified_gmt":"2013-11-15T13:09:56","slug":"asamblea-general-en-el-hospital-cordoba-resolvio-marchar-a-la-legislatura","status":"publish","type":"post","link":"https:\/\/atecordoba.org\/?p=3620","title":{"rendered":"Asamblea general en el hospital C\u00f3rdoba resolvi\u00f3 marchar a la Legislatura"},"content":{"rendered":"<p><em>Delegados de ATE de 12 hospitales provinciales realizaron ayer una asamblea general en el C\u00f3rdoba, en el marco de la jornada de protesta convocada por nuestro gremio. El mi\u00e9rcoles pr\u00f3ximo habr\u00e1 movilizaci\u00f3n a la Legislatura para exigir que el presupuesto para el 2014 contemple una pauta salarial acorde a los reclamos.<\/em><\/p>\n<p style=\"text-align: center;\"><img loading=\"lazy\" decoding=\"async\" class=\"ngg-singlepic ngg-center aligncenter\" alt=\"cba2\" src=\"http:\/\/www.atecordoba.org\/wp-content\/gallery\/hospital-cordoba-14-11\/cba2.png\" width=\"512\" height=\"384\" \/><\/p>\n<p>La jornada de protesta se inici\u00f3 a las 10 horas cuando delegaciones de 12 hospitales arribaron al C\u00f3rdoba para participar de la asamblea general. En la oportunidad se encontraron presentes compa\u00f1eros del Hospital Tr\u00e1nsito C\u00e1ceres de Allende, Misericordia, Rawson, De Ni\u00f1os, San Roque, Neuropsiqui\u00e1trico, Neonatal, Casa del Joven, IPAD (Instituto Provincial de Alcoholismo y Drogadicci\u00f3n), Santa Mar\u00eda de Punilla, Pasteur (Villa Mar\u00eda), junto con los anfitriones del C\u00f3rdoba.<\/p>\n<p>Cada centro de salud expuso su situaci\u00f3n, destac\u00e1ndose los problemas de funcionamiento por falta de insumos, medicaci\u00f3n, aparatolog\u00eda en mal estado e infraestructura, cada uno con su particularidad. Pero hubo coincidencia general en el grave abandono que sufre el sistema sanitario provincial.<\/p>\n<p>Por mandato de las asambleas de cada nosocomio, los delegados insistieron en reclamar una recomposici\u00f3n salarial para elevar el haber m\u00ednimo inicial al nivel de la canasta familiar, el pase a planta permanente de contratos y monotributos y la designaci\u00f3n m\u00e1s personal, sobre todo en el sector de enfermer\u00eda.<\/p>\n<p>El cierre de la asamblea aprob\u00f3 por unanimidad la jornada de protesta para el pr\u00f3ximo mi\u00e9rcoles 20 de noviembre una movilizaci\u00f3n Legislatura provincial, con abandono del lugar de trabajo a las 9 horas y concentraci\u00f3n en plaza San Mart\u00edn a las 10 horas.<\/p>\n<p>&#8220;Vamos a reclamar a los legisladores que en el tratamiento del Presupuesto 2014 de la provincia se contemple una pauta salarial acorde a lo que piden los compa\u00f1eros, que recupere el poder adquisitivo para cubrir la Canasta Familiar. Hay que tener en cuenta que durante estos a\u00f1os de gesti\u00f3n de De la Sota, por m\u00e1s que el pa\u00eds creci\u00f3 a tasas chinas, los trabajadores hemos ido perdiendo poder de compra al estar en una de las provincias m\u00e1s caras de Argentina, con gran cantidad de impuestos indirectos que pagamos los trabajadores, como los impuestos a las naftas, contra el fuego, con peajes excesivos y con un boleto urbano que aument\u00f3 el 100% en dos a\u00f1os. Son muchos los items que sumaron costos fijos a los trabajadores, como para que no se estudie una compensaci\u00f3n en los haberes. Ya de por s\u00ed, los precios aumentaron un 30% este a\u00f1o&#8221;, explic\u00f3 Daniel Pawluchuzk , secretario de Prensa de ATE C\u00f3rdoba.<\/p>\n<p>En ese sentido, el dirigente agreg\u00f3: &#8220;en las categor\u00edas iniciales los compa\u00f1eros est\u00e1n percibiendo s\u00f3lo el 50% de la canasta familiar&#8221;.<\/p>\n<h2>CTA, presente<\/h2>\n<p>La Central de Trabajadores de la Argentina participar\u00e1 de la movilizaci\u00f3n con las organizaciones gremiales y sociales que la integran, en el contexto de una jornada nacional de protesta establecida por la conducci\u00f3n nacional que encabeza Pablo Micheli. La CTA suma as\u00ed una grilla de reclamos recogidos en todo el pa\u00eds al conflicto local de la salud, reclamando apertura de Paritarias y una\u00a0bonificaci\u00f3n\u00a0de 2000 pesos para antes de\u00a0fin\u00a0de\u00a0a\u00f1o\u00a0para estatales y privados, 82% M\u00f3vil, suba del Salario M\u00ednimo Vital y M\u00f3vil, eliminaci\u00f3n del Impuesto a las Ganancias y derogaci\u00f3n de la Ley Antiterrorista.<\/p>\n<p>Se destaca entre los reclamos una bonificaci\u00f3n general de $2000 para estatales (nacionales, provinciales y municipales) y privados, pedido en funci\u00f3n a lo que vienen recibiendo algunos gremios que ya acordaron con las patronales en el Ministerio de Trabajo de la Naci\u00f3n.<\/p>\n<p>Para la CTA es fundamental que este plus se extienda a todos los sectores, ya que los medios de informaci\u00f3n est\u00e1n adelantando aumentos del 25% de la canasta navide\u00f1a para este a\u00f1o.<\/p>\n<p>&nbsp;<\/p>\n","protected":false},"excerpt":{"rendered":"<p>Delegados de ATE de 12 hospitales provinciales realizaron ayer una asamblea general en el C\u00f3rdoba, en el marco de la jornada de protesta convocada por nuestro gremio. El mi\u00e9rcoles pr\u00f3ximo habr\u00e1 movilizaci\u00f3n a la Legislatura para exigir que el presupuesto para el 2014 contemple una pauta salarial acorde a los reclamos. La jornada de protesta [&hellip;]<\/p>\n","protected":false},"author":1,"featured_media":19220,"comment_status":"open","ping_status":"open","sticky":false,"template":"","format":"standard","meta":{"_exactmetrics_skip_tracking":false,"_exactmetrics_sitenote_active":false,"_exactmetrics_sitenote_note":"","_exactmetrics_sitenote_category":0,"jnews-multi-image_gallery":[],"jnews_single_post":[],"jnews_primary_category":[],"jnews_social_meta":[],"jnews_review":[],"enable_review":"","type":"","name":"","summary":"","brand":"","sku":"","good":[],"bad":[],"score_override":"","override_value":"","rating":[],"price":[],"jnews_override_counter":[],"jnews_post_split":[],"footnotes":""},"categories":[7,8],"tags":[],"class_list":["post-3620","post","type-post","status-publish","format-standard","has-post-thumbnail","hentry","category-hospitales","category-provinciales"],"jetpack_featured_media_url":"https:\/\/atecordoba.org\/wp-content\/uploads\/2020\/05\/logo-nuevochico-e1561581322808.png","_links":{"self":[{"href":"https:\/\/atecordoba.org\/index.php?rest_route=\/wp\/v2\/posts\/3620","targetHints":{"allow":["GET"]}}],"collection":[{"href":"https:\/\/atecordoba.org\/index.php?rest_route=\/wp\/v2\/posts"}],"about":[{"href":"https:\/\/atecordoba.org\/index.php?rest_route=\/wp\/v2\/types\/post"}],"author":[{"embeddable":true,"href":"https:\/\/atecordoba.org\/index.php?rest_route=\/wp\/v2\/users\/1"}],"replies":[{"embeddable":true,"href":"https:\/\/atecordoba.org\/index.php?rest_route=%2Fwp%2Fv2%2Fcomments&post=3620"}],"version-history":[{"count":0,"href":"https:\/\/atecordoba.org\/index.php?rest_route=\/wp\/v2\/posts\/3620\/revisions"}],"wp:featuredmedia":[{"embeddable":true,"href":"https:\/\/atecordoba.org\/index.php?rest_route=\/wp\/v2\/media\/19220"}],"wp:attachment":[{"href":"https:\/\/atecordoba.org\/index.php?rest_route=%2Fwp%2Fv2%2Fmedia&parent=3620"}],"wp:term":[{"taxonomy":"category","embeddable":true,"href":"https:\/\/atecordoba.org\/index.php?rest_route=%2Fwp%2Fv2%2Fcategories&post=3620"},{"taxonomy":"post_tag","embeddable":true,"href":"https:\/\/atecordoba.org\/index.php?rest_route=%2Fwp%2Fv2%2Ftags&post=3620"}],"curies":[{"name":"wp","href":"https:\/\/api.w.org\/{rel}","templated":true}]}}