{"id":36195,"date":"2023-03-10T10:35:56","date_gmt":"2023-03-10T13:35:56","guid":{"rendered":"https:\/\/atecordoba.org\/?p=36195"},"modified":"2023-03-10T10:38:05","modified_gmt":"2023-03-10T13:38:05","slug":"se-dicto-una-capacitacion-sobre-lectura-de-recibo-de-sueldo-para-personal-del-hospital-de-villa-dolores","status":"publish","type":"post","link":"https:\/\/atecordoba.org\/?p=36195","title":{"rendered":"Se dict\u00f3 una capacitaci\u00f3n sobre lectura de recibo de sueldo para personal del Hospital de Villa Dolores"},"content":{"rendered":"\n<div class=\"wp-block-image\"><figure class=\"aligncenter size-large is-resized\"><img loading=\"lazy\" decoding=\"async\" src=\"https:\/\/atecordoba.org\/wp-content\/uploads\/2023\/03\/IMG-20230307-WA0389-819x1024.jpg\" alt=\"\" class=\"wp-image-36200\" width=\"614\" height=\"768\" srcset=\"https:\/\/atecordoba.org\/wp-content\/uploads\/2023\/03\/IMG-20230307-WA0389-819x1024.jpg 819w, https:\/\/atecordoba.org\/wp-content\/uploads\/2023\/03\/IMG-20230307-WA0389-240x300.jpg 240w, https:\/\/atecordoba.org\/wp-content\/uploads\/2023\/03\/IMG-20230307-WA0389-768x960.jpg 768w, https:\/\/atecordoba.org\/wp-content\/uploads\/2023\/03\/IMG-20230307-WA0389-750x938.jpg 750w, https:\/\/atecordoba.org\/wp-content\/uploads\/2023\/03\/IMG-20230307-WA0389.jpg 1080w\" sizes=\"auto, (max-width: 614px) 100vw, 614px\" \/><\/figure><\/div>\n\n\n\n<p>Ayer se dict\u00f3 por v\u00eda virtual un taller de lectura de recibo de sueldo, a cargo del abogado de ATE C\u00f3rdoba Eugenio Biafore, organizado por ATE Traslasierra, donde participaron compa\u00f1eras y compa\u00f1eros de distintos servicios del Hospital de Villa Dolores. <\/p>\n\n\n\n<p>En la oportunidad se hizo alusi\u00f3n la comprensi\u00f3n de la liquidaci\u00f3n de haberes y a entender las razones por la cual la Provincia realiza un desglose con cantidad de items que no impactan en el b\u00e1sico. &#8220;La causa de que esos adicionales no comprendan la totalidad del b\u00e1sico salarial reside principalmente en afectar el sueldo de las y los jubilados, que cobran sin que se le reconozcan adicionales, items que en la pr\u00e1ctica forman parte del ingreso normal de los activos&#8221;, apunt\u00f3 Hugo Galaburri, referente de ATE en el valle. <\/p>\n\n\n\n<p>En esa l\u00ednea, se insisti\u00f3 en varios rubros de esos puntos como la incorporaci\u00f3n del adicional &#8220;recurso humano cr\u00edtico&#8221;, uno de los \u00edtems que debe ser incorporado al b\u00e1sico. <\/p>\n\n\n\n<p>&#8220;Esta capacitaci\u00f3n -dijo Galaburri- servir\u00e1 como multiplicador para formar al resto de los compa\u00f1eros a realizar una correcta lectura del recibo de sueldo&#8221;. Al mismo tiempo se plantearon dudas que ser\u00e1n dilucidadas en una pr\u00f3xima reuni\u00f3n, respecto a los porcentajes del adicional por &#8220;d\u00eda h\u00e1bil&#8221;, como una guardia activa, y cu\u00e1les son los porcentajes que tambi\u00e9n suman como &#8220;tarea nocturna&#8221; o &#8220;d\u00eda feriado&#8221;. <\/p>\n\n\n\n<p>&#8220;Se destac\u00f3 la predisposici\u00f3n de Eugenio Biafore, que le agradecieron todos y todas las compa\u00f1eras&#8221;, concluy\u00f3 Galaburri.<\/p>\n\n\n\n<figure class=\"wp-block-gallery has-nested-images columns-default is-cropped wp-block-gallery-1 is-layout-flex wp-block-gallery-is-layout-flex\">\n<figure class=\"wp-block-image size-large\"><img loading=\"lazy\" decoding=\"async\" width=\"461\" height=\"1024\" data-id=\"36205\" src=\"https:\/\/atecordoba.org\/wp-content\/uploads\/2023\/03\/IMG-20230309-WA0181-461x1024.jpg\" alt=\"\" class=\"wp-image-36205\" srcset=\"https:\/\/atecordoba.org\/wp-content\/uploads\/2023\/03\/IMG-20230309-WA0181-461x1024.jpg 461w, https:\/\/atecordoba.org\/wp-content\/uploads\/2023\/03\/IMG-20230309-WA0181-135x300.jpg 135w, https:\/\/atecordoba.org\/wp-content\/uploads\/2023\/03\/IMG-20230309-WA0181-691x1536.jpg 691w, https:\/\/atecordoba.org\/wp-content\/uploads\/2023\/03\/IMG-20230309-WA0181.jpg 720w\" sizes=\"auto, (max-width: 461px) 100vw, 461px\" \/><\/figure>\n\n\n\n<figure class=\"wp-block-image size-large\"><img loading=\"lazy\" decoding=\"async\" width=\"461\" height=\"1024\" data-id=\"36208\" src=\"https:\/\/atecordoba.org\/wp-content\/uploads\/2023\/03\/IMG-20230309-WA0182-1-461x1024.jpg\" alt=\"\" class=\"wp-image-36208\" srcset=\"https:\/\/atecordoba.org\/wp-content\/uploads\/2023\/03\/IMG-20230309-WA0182-1-461x1024.jpg 461w, https:\/\/atecordoba.org\/wp-content\/uploads\/2023\/03\/IMG-20230309-WA0182-1-135x300.jpg 135w, https:\/\/atecordoba.org\/wp-content\/uploads\/2023\/03\/IMG-20230309-WA0182-1-691x1536.jpg 691w, https:\/\/atecordoba.org\/wp-content\/uploads\/2023\/03\/IMG-20230309-WA0182-1.jpg 720w\" sizes=\"auto, (max-width: 461px) 100vw, 461px\" \/><\/figure>\n\n\n\n<figure class=\"wp-block-image size-large\"><img loading=\"lazy\" decoding=\"async\" width=\"461\" height=\"1024\" data-id=\"36207\" src=\"https:\/\/atecordoba.org\/wp-content\/uploads\/2023\/03\/IMG-20230309-WA0183-1-461x1024.jpg\" alt=\"\" class=\"wp-image-36207\" srcset=\"https:\/\/atecordoba.org\/wp-content\/uploads\/2023\/03\/IMG-20230309-WA0183-1-461x1024.jpg 461w, https:\/\/atecordoba.org\/wp-content\/uploads\/2023\/03\/IMG-20230309-WA0183-1-135x300.jpg 135w, https:\/\/atecordoba.org\/wp-content\/uploads\/2023\/03\/IMG-20230309-WA0183-1-691x1536.jpg 691w, https:\/\/atecordoba.org\/wp-content\/uploads\/2023\/03\/IMG-20230309-WA0183-1.jpg 720w\" sizes=\"auto, (max-width: 461px) 100vw, 461px\" \/><\/figure>\n<\/figure>\n","protected":false},"excerpt":{"rendered":"<p>Ayer se dict\u00f3 por v\u00eda virtual un taller de lectura de recibo de sueldo, a cargo del abogado de ATE C\u00f3rdoba Eugenio Biafore, organizado por ATE Traslasierra, donde participaron compa\u00f1eras y compa\u00f1eros de distintos servicios del Hospital de Villa Dolores. En la oportunidad se hizo alusi\u00f3n la comprensi\u00f3n de la liquidaci\u00f3n de haberes y a [&hellip;]<\/p>\n","protected":false},"author":7,"featured_media":36202,"comment_status":"open","ping_status":"open","sticky":false,"template":"","format":"standard","meta":{"_exactmetrics_skip_tracking":false,"_exactmetrics_sitenote_active":false,"_exactmetrics_sitenote_note":"","_exactmetrics_sitenote_category":0,"jnews-multi-image_gallery":[],"jnews_single_post":{"subtitle":"Muchos adicionales no integran el b\u00e1sico salarial para afectar el sueldo de las y los jubilados. ","format":"standard","video":"","gallery":"","source_name":"","source_url":"","via_name":"","via_url":"","override_template":"0","override":[{"template":"1","single_blog_custom":"","parallax":"1","fullscreen":"1","layout":"right-sidebar","sidebar":"default-sidebar","second_sidebar":"default-sidebar","sticky_sidebar":"1","share_position":"top","share_float_style":"share-monocrhome","show_share_counter":"1","show_view_counter":"1","show_featured":"1","show_post_meta":"1","show_post_author":"1","show_post_author_image":"1","show_post_date":"1","post_date_format":"default","post_date_format_custom":"Y\/m\/d","show_post_category":"1","show_post_reading_time":"0","post_reading_time_wpm":"300","show_zoom_button":"0","zoom_button_out_step":"2","zoom_button_in_step":"3","show_post_tag":"1","show_prev_next_post":"1","show_popup_post":"1","number_popup_post":"1","show_author_box":"0","show_post_related":"0","show_inline_post_related":"0"}],"override_image_size":"0","image_override":[{"single_post_thumbnail_size":"crop-500","single_post_gallery_size":"crop-500"}],"trending_post":"0","trending_post_position":"meta","trending_post_label":"Trending","sponsored_post":"0","sponsored_post_label":"Sponsored by","sponsored_post_name":"","sponsored_post_url":"","sponsored_post_logo_enable":"0","sponsored_post_logo":"","sponsored_post_desc":"","disable_ad":"0"},"jnews_primary_category":{"id":""},"jnews_social_meta":{"fb_title":"","fb_description":"","fb_image":"","twitter_title":"","twitter_description":"","twitter_image":""},"jnews_review":[],"enable_review":"0","type":"percentage","name":"","summary":"","brand":"","sku":"","good":[{"good_text":""}],"bad":[{"bad_text":""}],"score_override":"","override_value":"","rating":[{"rating_text":"","rating_number":"10"}],"price":[{"shop":"","price":"","link":"","icon":""}],"jnews_override_counter":{"override_view_counter":"0","view_counter_number":"0","override_share_counter":"0","share_counter_number":"0","override_like_counter":"0","like_counter_number":"0","override_dislike_counter":"0","dislike_counter_number":"0"},"jnews_post_split":{"enable_post_split":"0","post_split":[{"template":"1","tag":"h2","numbering":"asc","mode":"normal","first":"0","enable_toc":"0","toc_type":"normal"}]},"footnotes":""},"categories":[1056,8],"tags":[],"class_list":["post-36195","post","type-post","status-publish","format-standard","has-post-thumbnail","hentry","category-traslasierra","category-provinciales"],"jetpack_featured_media_url":"https:\/\/atecordoba.org\/wp-content\/uploads\/2023\/03\/sueldos.jpg","_links":{"self":[{"href":"https:\/\/atecordoba.org\/index.php?rest_route=\/wp\/v2\/posts\/36195","targetHints":{"allow":["GET"]}}],"collection":[{"href":"https:\/\/atecordoba.org\/index.php?rest_route=\/wp\/v2\/posts"}],"about":[{"href":"https:\/\/atecordoba.org\/index.php?rest_route=\/wp\/v2\/types\/post"}],"author":[{"embeddable":true,"href":"https:\/\/atecordoba.org\/index.php?rest_route=\/wp\/v2\/users\/7"}],"replies":[{"embeddable":true,"href":"https:\/\/atecordoba.org\/index.php?rest_route=%2Fwp%2Fv2%2Fcomments&post=36195"}],"version-history":[{"count":2,"href":"https:\/\/atecordoba.org\/index.php?rest_route=\/wp\/v2\/posts\/36195\/revisions"}],"predecessor-version":[{"id":36209,"href":"https:\/\/atecordoba.org\/index.php?rest_route=\/wp\/v2\/posts\/36195\/revisions\/36209"}],"wp:featuredmedia":[{"embeddable":true,"href":"https:\/\/atecordoba.org\/index.php?rest_route=\/wp\/v2\/media\/36202"}],"wp:attachment":[{"href":"https:\/\/atecordoba.org\/index.php?rest_route=%2Fwp%2Fv2%2Fmedia&parent=36195"}],"wp:term":[{"taxonomy":"category","embeddable":true,"href":"https:\/\/atecordoba.org\/index.php?rest_route=%2Fwp%2Fv2%2Fcategories&post=36195"},{"taxonomy":"post_tag","embeddable":true,"href":"https:\/\/atecordoba.org\/index.php?rest_route=%2Fwp%2Fv2%2Ftags&post=36195"}],"curies":[{"name":"wp","href":"https:\/\/api.w.org\/{rel}","templated":true}]}}