{"id":3617,"date":"2013-11-14T19:02:30","date_gmt":"2013-11-14T22:02:30","guid":{"rendered":"http:\/\/www.atecordoba.org\/?p=3617"},"modified":"2013-11-14T19:02:30","modified_gmt":"2013-11-14T22:02:30","slug":"nuevo-plenario-de-personal-civil","status":"publish","type":"post","link":"https:\/\/atecordoba.org\/?p=3617","title":{"rendered":"Nuevo plenario de Personal Civil"},"content":{"rendered":"<p><em>El encuentro se realiz\u00f3 hoy en la sede del Consejo Directivo Provincial y participaron representantes de 10 sectores. Se defini\u00f3 la pr\u00f3xima etapa de la campa\u00f1a de afiliaci\u00f3n del sector.<\/em><\/p>\n<figure id=\"attachment_3097\" aria-describedby=\"caption-attachment-3097\" style=\"width: 480px\" class=\"wp-caption aligncenter\"><a href=\"http:\/\/www.atecordoba.org\/wp-content\/uploads\/2013\/08\/web-2.jpg\"><img loading=\"lazy\" decoding=\"async\" class=\" wp-image-3097 \" alt=\"El secretario de Organizaci\u00f3n Alejandro Charra\" src=\"http:\/\/www.atecordoba.org\/wp-content\/uploads\/2013\/08\/web-2.jpg\" width=\"480\" height=\"360\" \/><\/a><figcaption id=\"caption-attachment-3097\" class=\"wp-caption-text\">El secretario de Organizaci\u00f3n Alejandro Charra<\/figcaption><\/figure>\n<p>El Plenario Provincial de Delegados de los Trabajadores Civiles de las Fuerzas Armadas y de Seguridad, cont\u00f3 con la presencia de compa\u00f1eros de \u00a010 sectores de trabajo distintos. Tambi\u00e9n participaron los compa\u00f1eros secretarios de Acci\u00f3n Pol\u00edtica, Miriam Martino, del Interior, Luis Barcena, de Prensa, Daniel Pawluchuzk y de Organizaci\u00f3n, Alejandro Charra.<\/p>\n<p>En esta oportunidad, los compa\u00f1eros tomar conocimiento de los \u00faltimos avances en materia de negociaci\u00f3n colectiva, tanto de la comisi\u00f3n t\u00e9cnica de Carrera, como la de Modalidades Operativas.<\/p>\n<p>Luego se realizaron breves informes de las distintas problem\u00e1ticas de los sectores, para luego acordar un volante que se repartir\u00e1 en los lugares de trabajo que, en conjunto con las asambleas que se llevaran adelante, funcionara como una peque\u00f1a campa\u00f1a de afiliaci\u00f3n de cara a la pr\u00f3xima firma del Convenio Colectivo de Trabajo Sectorial.<\/p>\n<p>Para finalizar, fueron designados 1 Delegado del Ej\u00e9rcito, 2 de Fuerza A\u00e9rea y 2 del IOSE, por capital y 4 delegados por R\u00edo IV, para asistir al pr\u00f3ximo Plenario Nacional de Delegados de este Importante Sector.<\/p>\n<p>&nbsp;<\/p>\n","protected":false},"excerpt":{"rendered":"<p>El encuentro se realiz\u00f3 hoy en la sede del Consejo Directivo Provincial y participaron representantes de 10 sectores. Se defini\u00f3 la pr\u00f3xima etapa de la campa\u00f1a de afiliaci\u00f3n del sector. El Plenario Provincial de Delegados de los Trabajadores Civiles de las Fuerzas Armadas y de Seguridad, cont\u00f3 con la presencia de compa\u00f1eros de \u00a010 sectores [&hellip;]<\/p>\n","protected":false},"author":1,"featured_media":19220,"comment_status":"open","ping_status":"open","sticky":false,"template":"","format":"standard","meta":{"_exactmetrics_skip_tracking":false,"_exactmetrics_sitenote_active":false,"_exactmetrics_sitenote_note":"","_exactmetrics_sitenote_category":0,"jnews-multi-image_gallery":[],"jnews_single_post":[],"jnews_primary_category":[],"jnews_social_meta":[],"jnews_review":[],"enable_review":"","type":"","name":"","summary":"","brand":"","sku":"","good":[],"bad":[],"score_override":"","override_value":"","rating":[],"price":[],"jnews_override_counter":[],"jnews_post_split":[],"footnotes":""},"categories":[18],"tags":[],"class_list":["post-3617","post","type-post","status-publish","format-standard","has-post-thumbnail","hentry","category-nacionales"],"jetpack_featured_media_url":"https:\/\/atecordoba.org\/wp-content\/uploads\/2020\/05\/logo-nuevochico-e1561581322808.png","_links":{"self":[{"href":"https:\/\/atecordoba.org\/index.php?rest_route=\/wp\/v2\/posts\/3617","targetHints":{"allow":["GET"]}}],"collection":[{"href":"https:\/\/atecordoba.org\/index.php?rest_route=\/wp\/v2\/posts"}],"about":[{"href":"https:\/\/atecordoba.org\/index.php?rest_route=\/wp\/v2\/types\/post"}],"author":[{"embeddable":true,"href":"https:\/\/atecordoba.org\/index.php?rest_route=\/wp\/v2\/users\/1"}],"replies":[{"embeddable":true,"href":"https:\/\/atecordoba.org\/index.php?rest_route=%2Fwp%2Fv2%2Fcomments&post=3617"}],"version-history":[{"count":0,"href":"https:\/\/atecordoba.org\/index.php?rest_route=\/wp\/v2\/posts\/3617\/revisions"}],"wp:featuredmedia":[{"embeddable":true,"href":"https:\/\/atecordoba.org\/index.php?rest_route=\/wp\/v2\/media\/19220"}],"wp:attachment":[{"href":"https:\/\/atecordoba.org\/index.php?rest_route=%2Fwp%2Fv2%2Fmedia&parent=3617"}],"wp:term":[{"taxonomy":"category","embeddable":true,"href":"https:\/\/atecordoba.org\/index.php?rest_route=%2Fwp%2Fv2%2Fcategories&post=3617"},{"taxonomy":"post_tag","embeddable":true,"href":"https:\/\/atecordoba.org\/index.php?rest_route=%2Fwp%2Fv2%2Ftags&post=3617"}],"curies":[{"name":"wp","href":"https:\/\/api.w.org\/{rel}","templated":true}]}}