{"id":36143,"date":"2023-03-08T14:01:40","date_gmt":"2023-03-08T17:01:40","guid":{"rendered":"https:\/\/atecordoba.org\/?p=36143"},"modified":"2023-03-08T14:01:41","modified_gmt":"2023-03-08T17:01:41","slug":"8m-manifiesto-del-foro-federal-de-mujeres-trabajadoras-estatales","status":"publish","type":"post","link":"https:\/\/atecordoba.org\/?p=36143","title":{"rendered":"8M: Manifiesto del  Foro Federal de Mujeres Trabajadoras Estatales"},"content":{"rendered":"\n<p><\/p>\n\n\n\n<div class=\"wp-block-image\"><figure class=\"aligncenter size-full\"><img decoding=\"async\" src=\"https:\/\/atecordoba.org\/wp-content\/uploads\/2023\/03\/8m.jpg\" alt=\"\" class=\"wp-image-36144\" \/><\/figure><\/div>\n\n\n\n<p>En las v\u00edsperas del 8M D\u00eda Internacional de las Mujeres Trabajadoras, prepar\u00e1ndonos para otra jornada de lucha, compa\u00f1eras mujeres y disidencias de todas las regiones del pa\u00eds nos encontramos en el Foro Federal de Mujeres Trabajadoras Estatales para compartir las experiencias de resistencias, lucha y organizaci\u00f3n que hasta aqu\u00ed alcanzamos, y volcar en conjunto las ideas fuerzas para construir una hoja de ruta para la acci\u00f3n colectiva en un a\u00f1o complicado ante tanta disputa, divisiones, confusiones, oportunismos, violencias, maltratos, guerras y muertes.<\/p>\n\n\n\n<p>Intentamos aqu\u00ed una primera escueta s\u00edntesis del evento para poder luego pasar en limpio todos los aportes de las compa\u00f1eras mujeres y disidencias a fin de socializar las conclusiones, junto al video de la actividad, y propuestas de iniciativas conjuntas.<\/p>\n\n\n\n<p>Alrededor de 40 compa\u00f1eras han tomado la palabra desde territorios del NOA, del NEA, CUYO, Regi\u00f3n Centro, PATAGONIA, BUENOS AIRES Y CABA; 40 compa\u00f1eras responsables, referentes, lideresas tanto en las luchas sindicales como sociales dentro y fuera del SENASA.<\/p>\n\n\n\n<p>Nos trajeron sus saludos las estudiantes que dirigen el Centro de la Facultad de Ciencias Sociales de la UBA (CECSO) en la palabra de Yessi, su Vicepresidenta; compa\u00f1eras referentes de Madres en Lucha que militan contra la violencia institucional y la problem\u00e1tica de la droga entre nuestras y nuestros j\u00f3venes; el saludo de las militantes internacionalistas de la Casa de Amistad Argentino Cubana &#8220;Camilo Torres Restrepo&#8221;, de las militantes por la Soberan\u00eda Alimentaria de la Asociaci\u00f3n Latinoamericana de T\u00e9cnicas y T\u00e9cnicos Rurales y Agrarios, de las compa\u00f1eras hist\u00f3ricas referentes territoriales del Movimiento Popular &#8220;Los Pibes&#8221;, de los Comit\u00e9 de Defensa Territoriales de La Matanza, de la Secretar\u00eda de DDHH de la UTEP, de la Corriente Social y Sindical \u201c1ro de Mayo\u201d; de la hist\u00f3rica Agrupaci\u00f3n Nacional de Unidad y Solidaridad en ATE y del Bloque Peronista en ATE, contando con la participaci\u00f3n de compa\u00f1eras de la Agrupaci\u00f3n Verde y Blanca.<\/p>\n\n\n\n<p>Acompa\u00f1aron los reclamos de un Estado del Pueblo y para el Pueblo las compa\u00f1eras referentes territoriales de los Centros Comunitarios de Convocatoria Segunda Independencia: Eva Duarte, Violeta Parra, Macacha G\u00fcemes y Bartolina Sisa; junto a las compa\u00f1eras de medios comunitarios alternativos de la FM Riachuelo y Radio Rebeld\u00eda.<\/p>\n\n\n\n<p>\u201cDescolonizar, Construir, Defender. Somos mujeres luchadoras, guerreras de los Comit\u00e9 de Defensa Territoriales que LUCHAN, TRABAJAN Y PIENSAN. Tenemos propuestas para un Buen Vivir, y la decisi\u00f3n de alcanzarlo cueste lo que cueste y caiga quien caiga. Luchar Hasta Vencer\u201d se escuch\u00f3 potente a Yanina referente territorial de La Matanza, y de las cuadrillas de Mujeres de la Construcci\u00f3n.<\/p>\n\n\n\n<p>Con un fuerte aplauso, recordando a todas las compa\u00f1eras trabajadoras, luchadoras, revolucionarias que dieron la vida antes que nosotras por una Patria Justa, Libre y Soberana, por un Mundo sin capitalismo patriarcal, retomamos sus banderas y tambi\u00e9n vamos junto a todos los pueblos del continente que siguen luchando contra el colonialismo y el imperialismo, por un \u00fanico Estado Popular Argentino Plurinacional y por los Estado Comunales en los que nosotras y nuestros pueblos ejerzan la soberan\u00eda popular en una Democracia participativa directa superando esta democracia representativa que ya hace 40 a\u00f1os supimos recuperar.<\/p>\n\n\n\n<p>No volvemos a encontrar en el pr\u00f3ximo Foro Federal que seguramente con la lucha de todas ser\u00e1 presencial y donde nuestras compa\u00f1eras m\u00e1s lo necesiten.<\/p>\n\n\n\n<p class=\"has-text-align-center\">LAS GRANDES EPOPEYAS QUE TRASCIENDEN LOS TIEMPOS SUIGUEN CRECIENDO DESDE EL PIE<\/p>\n","protected":false},"excerpt":{"rendered":"<p>En las v\u00edsperas del 8M D\u00eda Internacional de las Mujeres Trabajadoras, prepar\u00e1ndonos para otra jornada de lucha, compa\u00f1eras mujeres y disidencias de todas las regiones del pa\u00eds nos encontramos en el Foro Federal de Mujeres Trabajadoras Estatales para compartir las experiencias de resistencias, lucha y organizaci\u00f3n que hasta aqu\u00ed alcanzamos, y volcar en conjunto las [&hellip;]<\/p>\n","protected":false},"author":7,"featured_media":36144,"comment_status":"open","ping_status":"open","sticky":false,"template":"","format":"standard","meta":{"_exactmetrics_skip_tracking":false,"_exactmetrics_sitenote_active":false,"_exactmetrics_sitenote_note":"","_exactmetrics_sitenote_category":0,"jnews-multi-image_gallery":[],"jnews_single_post":{"subtitle":"\u201cDescolonizar, Construir, Defender. Somos mujeres luchadoras, guerreras de los Comit\u00e9 de Defensa Territoriales que LUCHAN, TRABAJAN Y PIENSAN. Tenemos propuestas para un Buen Vivir, y la decisi\u00f3n de alcanzarlo cueste lo que cueste y caiga quien caiga. Luchar Hasta Vencer\u201d ","format":"standard","video":"","gallery":"","source_name":"","source_url":"","via_name":"","via_url":"","override_template":"0","override":[{"template":"1","single_blog_custom":"","parallax":"1","fullscreen":"1","layout":"right-sidebar","sidebar":"default-sidebar","second_sidebar":"default-sidebar","sticky_sidebar":"1","share_position":"top","share_float_style":"share-monocrhome","show_share_counter":"1","show_view_counter":"1","show_featured":"1","show_post_meta":"1","show_post_author":"1","show_post_author_image":"1","show_post_date":"1","post_date_format":"default","post_date_format_custom":"Y\/m\/d","show_post_category":"1","show_post_reading_time":"0","post_reading_time_wpm":"300","show_zoom_button":"0","zoom_button_out_step":"2","zoom_button_in_step":"3","show_post_tag":"1","show_prev_next_post":"1","show_popup_post":"1","number_popup_post":"1","show_author_box":"0","show_post_related":"0","show_inline_post_related":"0"}],"override_image_size":"0","image_override":[{"single_post_thumbnail_size":"crop-500","single_post_gallery_size":"crop-500"}],"trending_post":"0","trending_post_position":"meta","trending_post_label":"Trending","sponsored_post":"0","sponsored_post_label":"Sponsored by","sponsored_post_name":"","sponsored_post_url":"","sponsored_post_logo_enable":"0","sponsored_post_logo":"","sponsored_post_desc":"","disable_ad":"0"},"jnews_primary_category":{"id":""},"jnews_social_meta":{"fb_title":"","fb_description":"","fb_image":"","twitter_title":"","twitter_description":"","twitter_image":""},"jnews_review":[],"enable_review":"0","type":"percentage","name":"","summary":"","brand":"","sku":"","good":[{"good_text":""}],"bad":[{"bad_text":""}],"score_override":"","override_value":"","rating":[{"rating_text":"","rating_number":"10"}],"price":[{"shop":"","price":"","link":"","icon":""}],"jnews_override_counter":{"override_view_counter":"0","view_counter_number":"0","override_share_counter":"0","share_counter_number":"0","override_like_counter":"0","like_counter_number":"0","override_dislike_counter":"0","dislike_counter_number":"0"},"jnews_post_split":{"enable_post_split":"0","post_split":[{"template":"1","tag":"h2","numbering":"asc","mode":"normal","first":"0","enable_toc":"0","toc_type":"normal"}]},"footnotes":""},"categories":[325],"tags":[],"class_list":["post-36143","post","type-post","status-publish","format-standard","has-post-thumbnail","hentry","category-generos-y-diversidades"],"jetpack_featured_media_url":"https:\/\/atecordoba.org\/wp-content\/uploads\/2023\/03\/8m-e1678294895304.jpg","_links":{"self":[{"href":"https:\/\/atecordoba.org\/index.php?rest_route=\/wp\/v2\/posts\/36143","targetHints":{"allow":["GET"]}}],"collection":[{"href":"https:\/\/atecordoba.org\/index.php?rest_route=\/wp\/v2\/posts"}],"about":[{"href":"https:\/\/atecordoba.org\/index.php?rest_route=\/wp\/v2\/types\/post"}],"author":[{"embeddable":true,"href":"https:\/\/atecordoba.org\/index.php?rest_route=\/wp\/v2\/users\/7"}],"replies":[{"embeddable":true,"href":"https:\/\/atecordoba.org\/index.php?rest_route=%2Fwp%2Fv2%2Fcomments&post=36143"}],"version-history":[{"count":1,"href":"https:\/\/atecordoba.org\/index.php?rest_route=\/wp\/v2\/posts\/36143\/revisions"}],"predecessor-version":[{"id":36145,"href":"https:\/\/atecordoba.org\/index.php?rest_route=\/wp\/v2\/posts\/36143\/revisions\/36145"}],"wp:featuredmedia":[{"embeddable":true,"href":"https:\/\/atecordoba.org\/index.php?rest_route=\/wp\/v2\/media\/36144"}],"wp:attachment":[{"href":"https:\/\/atecordoba.org\/index.php?rest_route=%2Fwp%2Fv2%2Fmedia&parent=36143"}],"wp:term":[{"taxonomy":"category","embeddable":true,"href":"https:\/\/atecordoba.org\/index.php?rest_route=%2Fwp%2Fv2%2Fcategories&post=36143"},{"taxonomy":"post_tag","embeddable":true,"href":"https:\/\/atecordoba.org\/index.php?rest_route=%2Fwp%2Fv2%2Ftags&post=36143"}],"curies":[{"name":"wp","href":"https:\/\/api.w.org\/{rel}","templated":true}]}}