{"id":36139,"date":"2023-03-08T13:50:17","date_gmt":"2023-03-08T16:50:17","guid":{"rendered":"https:\/\/atecordoba.org\/?p=36139"},"modified":"2023-03-08T13:50:18","modified_gmt":"2023-03-08T16:50:18","slug":"ffmm-abrio-las-puertas-del-taller-a-las-mujeres-y-hoy-cuenta-con-dos-soldadoras-en-rio-tercero-es-un-desafio-dia-a-dia","status":"publish","type":"post","link":"https:\/\/atecordoba.org\/?p=36139","title":{"rendered":"FFMM abri\u00f3 las puertas del taller a las mujeres y hoy cuenta con dos soldadoras en R\u00edo Tercero: &#8220;es un desaf\u00edo d\u00eda a d\u00eda&#8221;"},"content":{"rendered":"\n<p><\/p>\n\n\n\n<div class=\"wp-block-image\"><figure class=\"alignright size-full is-resized\"><img loading=\"lazy\" decoding=\"async\" src=\"https:\/\/atecordoba.org\/wp-content\/uploads\/2023\/03\/soldadora-FFMM.jpg\" alt=\"\" class=\"wp-image-36140\" width=\"489\" height=\"502\" \/><\/figure><\/div>\n\n\n\n<p>En  el marco de la celebraci\u00f3n del D\u00eda Internacional de la Mujer, que tendr\u00e1 m\u00faltiples manifestaciones en todo el pa\u00eds, ATE C\u00f3rdoba facilita el testimonio de la compa\u00f1era trabajadora de Fabricaciones Militares de R\u00edo Tercero Mayra Luj\u00e1n, soldadora de taller que junto a otra compa\u00f1era conforma el equipo de soldadoras y soldadores del organismo y expresa la apertura de  FFMM a cubrir el cupo femenino, en tanto para Luj\u00e1n es asumir el desaf\u00edo de romper moldes preestablecidos y animarse a hacer lo que se gusta, m\u00e1s all\u00e1 de no ser un trabajo tradicional para las compa\u00f1eras. <\/p>\n\n\n\n<p>Consultada hoy por la radio local Cadena Urbana 97.5 R\u00edo Tercero, Lujan explic\u00f3 que hizo curso de soldadora en el centro de capacitaci\u00f3n de la F\u00e1brica Militar de R\u00edo Tercero, y se recibi\u00f3 con altas notas al punto que qued\u00f3 dentro del plantel de la f\u00e1brica inmediatamente.<\/p>\n\n\n\n<p>&#8220;Este es mi segundo D\u00eda de la Mujer siendo soldadora. En los cursos de este a\u00f1o se anotaron mucha cantidad de chicas, cada vez se normaliza m\u00e1s&#8221;, comenz\u00f3.<\/p>\n\n\n\n<p>La trabajadora dijo que &#8220;ahora estamos reparando vagones, no hago trabajo en serie, pero me ocupo de tapas para las tolvas, preparando las pasarelas de arriba de los vagones, soldando piezas&#8221;.<\/p>\n\n\n\n<p>\u00bfPor qu\u00e9 eligi\u00f3 la actividad? &#8220;Yo siempre fui cocinera, moza, empleada dom\u00e9stica. Quer\u00eda estudiar algo que me diera un t\u00edtulo y un trabajo. Cuando me enter\u00e9 de la escuela de aprendices me anot\u00e9 y se fue dando todo mientras estudiaba. Hicieron una convocatoria en la f\u00e1brica porque necesitaban gente, decidieron cubrir el cupo de mujeres, nos presentamos las que ac\u00e1 estamos. Somos dos chicas soldadoras&#8221;.<\/p>\n\n\n\n<p>&#8220;El mensaje para las mujeres es que se animen a todo. Somos capaces de hacer cualquier tipo de trabajo, que nadie nos ponga l\u00edmites, que intenten y vayan porque seguramente van a elegir bien si es lo que sienten&#8221;, se\u00f1al\u00f3 Luj\u00e1n.<\/p>\n\n\n\n<p>Y concluy\u00f3: &#8220;es un desaf\u00edo d\u00eda a d\u00eda, porque no es f\u00e1cil en una f\u00e1brica donde en los talleres siempre hubo solo hombres, las mujeres estaban asignadas a la administraci\u00f3n. Hay hombre que nos recontra apoyan y otros que no, y es un desaf\u00edo d\u00eda a d\u00eda para bancar y seguir sin bajar los brazos&#8221;. \u00a0<\/p>\n\n\n\n<p><\/p>\n","protected":false},"excerpt":{"rendered":"<p>En el marco de la celebraci\u00f3n del D\u00eda Internacional de la Mujer, que tendr\u00e1 m\u00faltiples manifestaciones en todo el pa\u00eds, ATE C\u00f3rdoba facilita el testimonio de la compa\u00f1era trabajadora de Fabricaciones Militares de R\u00edo Tercero Mayra Luj\u00e1n, soldadora de taller que junto a otra compa\u00f1era conforma el equipo de soldadoras y soldadores del organismo y [&hellip;]<\/p>\n","protected":false},"author":7,"featured_media":36140,"comment_status":"open","ping_status":"open","sticky":false,"template":"","format":"standard","meta":{"_exactmetrics_skip_tracking":false,"_exactmetrics_sitenote_active":false,"_exactmetrics_sitenote_note":"","_exactmetrics_sitenote_category":0,"jnews-multi-image_gallery":[],"jnews_single_post":{"subtitle":" \"Yo siempre fui cocinera, moza, empleada dom\u00e9stica. Quer\u00eda estudiar algo que me diera un t\u00edtulo y un trabajo. Hoy somos dos chicas soldadoras\", dijo la trabajadora Mayra Luj\u00e1n.","format":"standard","video":"","gallery":"","source_name":"","source_url":"","via_name":"","via_url":"","override_template":"0","override":[{"template":"1","single_blog_custom":"","parallax":"1","fullscreen":"1","layout":"right-sidebar","sidebar":"default-sidebar","second_sidebar":"default-sidebar","sticky_sidebar":"1","share_position":"top","share_float_style":"share-monocrhome","show_share_counter":"1","show_view_counter":"1","show_featured":"1","show_post_meta":"1","show_post_author":"1","show_post_author_image":"1","show_post_date":"1","post_date_format":"default","post_date_format_custom":"Y\/m\/d","show_post_category":"1","show_post_reading_time":"0","post_reading_time_wpm":"300","show_zoom_button":"0","zoom_button_out_step":"2","zoom_button_in_step":"3","show_post_tag":"1","show_prev_next_post":"1","show_popup_post":"1","number_popup_post":"1","show_author_box":"0","show_post_related":"0","show_inline_post_related":"0"}],"override_image_size":"0","image_override":[{"single_post_thumbnail_size":"crop-500","single_post_gallery_size":"crop-500"}],"trending_post":"0","trending_post_position":"meta","trending_post_label":"Trending","sponsored_post":"0","sponsored_post_label":"Sponsored by","sponsored_post_name":"","sponsored_post_url":"","sponsored_post_logo_enable":"0","sponsored_post_logo":"","sponsored_post_desc":"","disable_ad":"0"},"jnews_primary_category":{"id":""},"jnews_social_meta":{"fb_title":"","fb_description":"","fb_image":"","twitter_title":"","twitter_description":"","twitter_image":""},"jnews_review":[],"enable_review":"0","type":"percentage","name":"","summary":"","brand":"","sku":"","good":[{"good_text":""}],"bad":[{"bad_text":""}],"score_override":"","override_value":"","rating":[{"rating_text":"","rating_number":"10"}],"price":[{"shop":"","price":"","link":"","icon":""}],"jnews_override_counter":{"override_view_counter":"0","view_counter_number":"0","override_share_counter":"0","share_counter_number":"0","override_like_counter":"0","like_counter_number":"0","override_dislike_counter":"0","dislike_counter_number":"0"},"jnews_post_split":{"enable_post_split":"0","post_split":[{"template":"1","tag":"h2","numbering":"asc","mode":"normal","first":"0","enable_toc":"0","toc_type":"normal"}]},"footnotes":""},"categories":[325,13],"tags":[],"class_list":["post-36139","post","type-post","status-publish","format-standard","has-post-thumbnail","hentry","category-generos-y-diversidades","category-rio-tercero"],"jetpack_featured_media_url":"https:\/\/atecordoba.org\/wp-content\/uploads\/2023\/03\/soldadora-FFMM-e1678294208677.jpg","_links":{"self":[{"href":"https:\/\/atecordoba.org\/index.php?rest_route=\/wp\/v2\/posts\/36139","targetHints":{"allow":["GET"]}}],"collection":[{"href":"https:\/\/atecordoba.org\/index.php?rest_route=\/wp\/v2\/posts"}],"about":[{"href":"https:\/\/atecordoba.org\/index.php?rest_route=\/wp\/v2\/types\/post"}],"author":[{"embeddable":true,"href":"https:\/\/atecordoba.org\/index.php?rest_route=\/wp\/v2\/users\/7"}],"replies":[{"embeddable":true,"href":"https:\/\/atecordoba.org\/index.php?rest_route=%2Fwp%2Fv2%2Fcomments&post=36139"}],"version-history":[{"count":1,"href":"https:\/\/atecordoba.org\/index.php?rest_route=\/wp\/v2\/posts\/36139\/revisions"}],"predecessor-version":[{"id":36141,"href":"https:\/\/atecordoba.org\/index.php?rest_route=\/wp\/v2\/posts\/36139\/revisions\/36141"}],"wp:featuredmedia":[{"embeddable":true,"href":"https:\/\/atecordoba.org\/index.php?rest_route=\/wp\/v2\/media\/36140"}],"wp:attachment":[{"href":"https:\/\/atecordoba.org\/index.php?rest_route=%2Fwp%2Fv2%2Fmedia&parent=36139"}],"wp:term":[{"taxonomy":"category","embeddable":true,"href":"https:\/\/atecordoba.org\/index.php?rest_route=%2Fwp%2Fv2%2Fcategories&post=36139"},{"taxonomy":"post_tag","embeddable":true,"href":"https:\/\/atecordoba.org\/index.php?rest_route=%2Fwp%2Fv2%2Ftags&post=36139"}],"curies":[{"name":"wp","href":"https:\/\/api.w.org\/{rel}","templated":true}]}}