{"id":36128,"date":"2023-03-08T10:55:20","date_gmt":"2023-03-08T13:55:20","guid":{"rendered":"https:\/\/atecordoba.org\/?p=36128"},"modified":"2023-03-08T10:55:53","modified_gmt":"2023-03-08T13:55:53","slug":"taller-de-capacitacion-para-abordar-acoso-laboral-y-violencia-de-genero-en-los-lugares-de-trabajo","status":"publish","type":"post","link":"https:\/\/atecordoba.org\/?p=36128","title":{"rendered":"Taller de capacitaci\u00f3n para abordar acoso laboral y violencia de g\u00e9nero en los lugares de trabajo"},"content":{"rendered":"\n<div class=\"wp-block-image\"><figure class=\"aligncenter size-large is-resized\"><img loading=\"lazy\" decoding=\"async\" src=\"https:\/\/atecordoba.org\/wp-content\/uploads\/2023\/03\/WhatsApp-Image-2023-03-08-at-09.43.32-1024x576.jpeg\" alt=\"\" class=\"wp-image-36129\" width=\"768\" height=\"432\" srcset=\"https:\/\/atecordoba.org\/wp-content\/uploads\/2023\/03\/WhatsApp-Image-2023-03-08-at-09.43.32-1024x576.jpeg 1024w, https:\/\/atecordoba.org\/wp-content\/uploads\/2023\/03\/WhatsApp-Image-2023-03-08-at-09.43.32-300x169.jpeg 300w, https:\/\/atecordoba.org\/wp-content\/uploads\/2023\/03\/WhatsApp-Image-2023-03-08-at-09.43.32-768x432.jpeg 768w, https:\/\/atecordoba.org\/wp-content\/uploads\/2023\/03\/WhatsApp-Image-2023-03-08-at-09.43.32-1536x864.jpeg 1536w, https:\/\/atecordoba.org\/wp-content\/uploads\/2023\/03\/WhatsApp-Image-2023-03-08-at-09.43.32-750x422.jpeg 750w, https:\/\/atecordoba.org\/wp-content\/uploads\/2023\/03\/WhatsApp-Image-2023-03-08-at-09.43.32-1140x641.jpeg 1140w, https:\/\/atecordoba.org\/wp-content\/uploads\/2023\/03\/WhatsApp-Image-2023-03-08-at-09.43.32.jpeg 1600w\" sizes=\"auto, (max-width: 768px) 100vw, 768px\" \/><\/figure><\/div>\n\n\n\n<p>Con la participaci\u00f3n de un importante n\u00famero de delegadas y delegados, se realiz\u00f3 ayer un taller de capacitaci\u00f3n intensivo de formaci\u00f3n para el abordaje de la violencia laboral, espec\u00edficamente la violencia de g\u00e9nero, analizando el marco normativo del Convenio 190 de la OIT.<\/p>\n\n\n\n<p>El curso se dict\u00f3 en sede del Consejo Directivo Provincial de ATE C\u00f3rdoba y estuvo a cargo del equipo jur\u00eddico integrado por Paloma Mu\u00f1oz y Mar\u00eda Marta Terragno.<\/p>\n\n\n\n<p>Fue &#8220;un curso pr\u00e1ctico para delegados y delegadas, afiliados y afiliadas, de modo que puedan encontrar con las herramientas necesarias que nos da la legislaci\u00f3n y la pr\u00e1ctica sindical para atender y visibilizar, prevenir y solucionar el conflicto que genera la violencia laboral por raz\u00f3n de g\u00e9nero&#8221;, detall\u00f3 Terragno. <\/p>\n\n\n\n<figure class=\"wp-block-gallery has-nested-images columns-default is-cropped wp-block-gallery-1 is-layout-flex wp-block-gallery-is-layout-flex\">\n<figure class=\"wp-block-image size-large\"><img loading=\"lazy\" decoding=\"async\" width=\"1024\" height=\"576\" data-id=\"36130\" src=\"https:\/\/atecordoba.org\/wp-content\/uploads\/2023\/03\/WhatsApp-Image-2023-03-08-at-09.43.32-1-1024x576.jpeg\" alt=\"\" class=\"wp-image-36130\" srcset=\"https:\/\/atecordoba.org\/wp-content\/uploads\/2023\/03\/WhatsApp-Image-2023-03-08-at-09.43.32-1-1024x576.jpeg 1024w, https:\/\/atecordoba.org\/wp-content\/uploads\/2023\/03\/WhatsApp-Image-2023-03-08-at-09.43.32-1-300x169.jpeg 300w, https:\/\/atecordoba.org\/wp-content\/uploads\/2023\/03\/WhatsApp-Image-2023-03-08-at-09.43.32-1-768x432.jpeg 768w, https:\/\/atecordoba.org\/wp-content\/uploads\/2023\/03\/WhatsApp-Image-2023-03-08-at-09.43.32-1-1536x864.jpeg 1536w, https:\/\/atecordoba.org\/wp-content\/uploads\/2023\/03\/WhatsApp-Image-2023-03-08-at-09.43.32-1-750x422.jpeg 750w, https:\/\/atecordoba.org\/wp-content\/uploads\/2023\/03\/WhatsApp-Image-2023-03-08-at-09.43.32-1-1140x641.jpeg 1140w, https:\/\/atecordoba.org\/wp-content\/uploads\/2023\/03\/WhatsApp-Image-2023-03-08-at-09.43.32-1.jpeg 1600w\" sizes=\"auto, (max-width: 1024px) 100vw, 1024px\" \/><\/figure>\n\n\n\n<figure class=\"wp-block-image size-large\"><img loading=\"lazy\" decoding=\"async\" width=\"1024\" height=\"576\" data-id=\"36131\" src=\"https:\/\/atecordoba.org\/wp-content\/uploads\/2023\/03\/WhatsApp-Image-2023-03-08-at-09.43.28-1024x576.jpeg\" alt=\"\" class=\"wp-image-36131\" srcset=\"https:\/\/atecordoba.org\/wp-content\/uploads\/2023\/03\/WhatsApp-Image-2023-03-08-at-09.43.28-1024x576.jpeg 1024w, https:\/\/atecordoba.org\/wp-content\/uploads\/2023\/03\/WhatsApp-Image-2023-03-08-at-09.43.28-300x169.jpeg 300w, https:\/\/atecordoba.org\/wp-content\/uploads\/2023\/03\/WhatsApp-Image-2023-03-08-at-09.43.28-768x432.jpeg 768w, https:\/\/atecordoba.org\/wp-content\/uploads\/2023\/03\/WhatsApp-Image-2023-03-08-at-09.43.28-1536x864.jpeg 1536w, https:\/\/atecordoba.org\/wp-content\/uploads\/2023\/03\/WhatsApp-Image-2023-03-08-at-09.43.28-750x422.jpeg 750w, https:\/\/atecordoba.org\/wp-content\/uploads\/2023\/03\/WhatsApp-Image-2023-03-08-at-09.43.28-1140x641.jpeg 1140w, https:\/\/atecordoba.org\/wp-content\/uploads\/2023\/03\/WhatsApp-Image-2023-03-08-at-09.43.28.jpeg 1600w\" sizes=\"auto, (max-width: 1024px) 100vw, 1024px\" \/><\/figure>\n\n\n\n<figure class=\"wp-block-image size-large\"><img loading=\"lazy\" decoding=\"async\" width=\"1024\" height=\"576\" data-id=\"36132\" src=\"https:\/\/atecordoba.org\/wp-content\/uploads\/2023\/03\/WhatsApp-Image-2023-03-08-at-09.43.30-1-1024x576.jpeg\" alt=\"\" class=\"wp-image-36132\" \/><\/figure>\n<\/figure>\n\n\n\n<p>&#8220;Estamos muy contentas esta capacitaci\u00f3n porque la vienen planteando mucho las y los delegados de los sectores, aprovechando tambi\u00e9n esta fecha conmemorativa que para nosotras es un d\u00eda de lucha&#8221;, agreg\u00f3 Mu\u00f1oz.<\/p>\n\n\n\n<p>En tanto la delegada del Ministerio de Desarrollo Social de la Naci\u00f3n, Mar\u00eda Spaventa, envi\u00f3 un saludo &#8220;a las compa\u00f1eras que pasan por situaciones de violencia y acoso, para que sepan que no est\u00e1n solas, que no nos callamos m\u00e1s y que lo importante es que seamos comunidad, que nos organicemos, porque hay personas dispuestas a ayudarnos, pero lo m\u00e1s importante es organizarnos en cada sector&#8221;.<\/p>\n\n\n\n<figure class=\"wp-block-gallery has-nested-images columns-default is-cropped wp-block-gallery-2 is-layout-flex wp-block-gallery-is-layout-flex\">\n<figure class=\"wp-block-image size-large\"><a href=\"https:\/\/atecordoba.org\/wp-content\/uploads\/2023\/03\/WhatsApp-Image-2023-03-08-at-09.43.31.jpeg\"><img loading=\"lazy\" decoding=\"async\" width=\"1024\" height=\"576\" data-id=\"36134\" src=\"https:\/\/atecordoba.org\/wp-content\/uploads\/2023\/03\/WhatsApp-Image-2023-03-08-at-09.43.31-1024x576.jpeg\" alt=\"\" class=\"wp-image-36134\" srcset=\"https:\/\/atecordoba.org\/wp-content\/uploads\/2023\/03\/WhatsApp-Image-2023-03-08-at-09.43.31-1024x576.jpeg 1024w, https:\/\/atecordoba.org\/wp-content\/uploads\/2023\/03\/WhatsApp-Image-2023-03-08-at-09.43.31-300x169.jpeg 300w, https:\/\/atecordoba.org\/wp-content\/uploads\/2023\/03\/WhatsApp-Image-2023-03-08-at-09.43.31-768x432.jpeg 768w, https:\/\/atecordoba.org\/wp-content\/uploads\/2023\/03\/WhatsApp-Image-2023-03-08-at-09.43.31-1536x864.jpeg 1536w, https:\/\/atecordoba.org\/wp-content\/uploads\/2023\/03\/WhatsApp-Image-2023-03-08-at-09.43.31-750x422.jpeg 750w, https:\/\/atecordoba.org\/wp-content\/uploads\/2023\/03\/WhatsApp-Image-2023-03-08-at-09.43.31-1140x641.jpeg 1140w, https:\/\/atecordoba.org\/wp-content\/uploads\/2023\/03\/WhatsApp-Image-2023-03-08-at-09.43.31.jpeg 1600w\" sizes=\"auto, (max-width: 1024px) 100vw, 1024px\" \/><\/a><\/figure>\n\n\n\n<figure class=\"wp-block-image size-large\"><a href=\"https:\/\/atecordoba.org\/wp-content\/uploads\/2023\/03\/WhatsApp-Image-2023-03-08-at-09.43.29.jpeg\"><img loading=\"lazy\" decoding=\"async\" width=\"1024\" height=\"576\" data-id=\"36133\" src=\"https:\/\/atecordoba.org\/wp-content\/uploads\/2023\/03\/WhatsApp-Image-2023-03-08-at-09.43.29-1024x576.jpeg\" alt=\"\" class=\"wp-image-36133\" srcset=\"https:\/\/atecordoba.org\/wp-content\/uploads\/2023\/03\/WhatsApp-Image-2023-03-08-at-09.43.29-1024x576.jpeg 1024w, https:\/\/atecordoba.org\/wp-content\/uploads\/2023\/03\/WhatsApp-Image-2023-03-08-at-09.43.29-300x169.jpeg 300w, https:\/\/atecordoba.org\/wp-content\/uploads\/2023\/03\/WhatsApp-Image-2023-03-08-at-09.43.29-768x432.jpeg 768w, https:\/\/atecordoba.org\/wp-content\/uploads\/2023\/03\/WhatsApp-Image-2023-03-08-at-09.43.29-1536x864.jpeg 1536w, https:\/\/atecordoba.org\/wp-content\/uploads\/2023\/03\/WhatsApp-Image-2023-03-08-at-09.43.29-750x422.jpeg 750w, https:\/\/atecordoba.org\/wp-content\/uploads\/2023\/03\/WhatsApp-Image-2023-03-08-at-09.43.29-1140x641.jpeg 1140w, https:\/\/atecordoba.org\/wp-content\/uploads\/2023\/03\/WhatsApp-Image-2023-03-08-at-09.43.29.jpeg 1600w\" sizes=\"auto, (max-width: 1024px) 100vw, 1024px\" \/><\/a><\/figure>\n\n\n\n<figure class=\"wp-block-image size-large\"><a href=\"https:\/\/atecordoba.org\/wp-content\/uploads\/2023\/03\/WhatsApp-Image-2023-03-08-at-09.43.30.jpeg\"><img loading=\"lazy\" decoding=\"async\" width=\"1024\" height=\"576\" data-id=\"36135\" src=\"https:\/\/atecordoba.org\/wp-content\/uploads\/2023\/03\/WhatsApp-Image-2023-03-08-at-09.43.30-1024x576.jpeg\" alt=\"\" class=\"wp-image-36135\" srcset=\"https:\/\/atecordoba.org\/wp-content\/uploads\/2023\/03\/WhatsApp-Image-2023-03-08-at-09.43.30-1024x576.jpeg 1024w, https:\/\/atecordoba.org\/wp-content\/uploads\/2023\/03\/WhatsApp-Image-2023-03-08-at-09.43.30-300x169.jpeg 300w, https:\/\/atecordoba.org\/wp-content\/uploads\/2023\/03\/WhatsApp-Image-2023-03-08-at-09.43.30-768x432.jpeg 768w, https:\/\/atecordoba.org\/wp-content\/uploads\/2023\/03\/WhatsApp-Image-2023-03-08-at-09.43.30-1536x864.jpeg 1536w, https:\/\/atecordoba.org\/wp-content\/uploads\/2023\/03\/WhatsApp-Image-2023-03-08-at-09.43.30-750x422.jpeg 750w, https:\/\/atecordoba.org\/wp-content\/uploads\/2023\/03\/WhatsApp-Image-2023-03-08-at-09.43.30-1140x641.jpeg 1140w, https:\/\/atecordoba.org\/wp-content\/uploads\/2023\/03\/WhatsApp-Image-2023-03-08-at-09.43.30.jpeg 1600w\" sizes=\"auto, (max-width: 1024px) 100vw, 1024px\" \/><\/a><\/figure>\n<\/figure>\n","protected":false},"excerpt":{"rendered":"<p>Con la participaci\u00f3n de un importante n\u00famero de delegadas y delegados, se realiz\u00f3 ayer un taller de capacitaci\u00f3n intensivo de formaci\u00f3n para el abordaje de la violencia laboral, espec\u00edficamente la violencia de g\u00e9nero, analizando el marco normativo del Convenio 190 de la OIT. El curso se dict\u00f3 en sede del Consejo Directivo Provincial de ATE [&hellip;]<\/p>\n","protected":false},"author":7,"featured_media":36132,"comment_status":"open","ping_status":"open","sticky":false,"template":"","format":"standard","meta":{"_exactmetrics_skip_tracking":false,"_exactmetrics_sitenote_active":false,"_exactmetrics_sitenote_note":"","_exactmetrics_sitenote_category":0,"jnews-multi-image_gallery":[],"jnews_single_post":{"subtitle":"Lo dictaron las abogadas integrantes del equipo jur\u00eddico de ATE C\u00f3rdoba y cont\u00f3 con numerosa participaci\u00f3n de delegadas y delegados de ATE.","format":"standard","video":"","gallery":"","source_name":"","source_url":"","via_name":"","via_url":"","override_template":"0","override":[{"template":"1","single_blog_custom":"","parallax":"1","fullscreen":"1","layout":"right-sidebar","sidebar":"default-sidebar","second_sidebar":"default-sidebar","sticky_sidebar":"1","share_position":"top","share_float_style":"share-monocrhome","show_share_counter":"1","show_view_counter":"1","show_featured":"1","show_post_meta":"1","show_post_author":"1","show_post_author_image":"1","show_post_date":"1","post_date_format":"default","post_date_format_custom":"Y\/m\/d","show_post_category":"1","show_post_reading_time":"0","post_reading_time_wpm":"300","show_zoom_button":"0","zoom_button_out_step":"2","zoom_button_in_step":"3","show_post_tag":"1","show_prev_next_post":"1","show_popup_post":"1","number_popup_post":"1","show_author_box":"0","show_post_related":"0","show_inline_post_related":"0"}],"override_image_size":"0","image_override":[{"single_post_thumbnail_size":"crop-500","single_post_gallery_size":"crop-500"}],"trending_post":"0","trending_post_position":"meta","trending_post_label":"Trending","sponsored_post":"0","sponsored_post_label":"Sponsored by","sponsored_post_name":"","sponsored_post_url":"","sponsored_post_logo_enable":"0","sponsored_post_logo":"","sponsored_post_desc":"","disable_ad":"0"},"jnews_primary_category":{"id":""},"jnews_social_meta":{"fb_title":"","fb_description":"","fb_image":"","twitter_title":"","twitter_description":"","twitter_image":""},"jnews_review":[],"enable_review":"0","type":"percentage","name":"","summary":"","brand":"","sku":"","good":[{"good_text":""}],"bad":[{"bad_text":""}],"score_override":"","override_value":"","rating":[{"rating_text":"","rating_number":"10"}],"price":[{"shop":"","price":"","link":"","icon":""}],"jnews_override_counter":{"override_view_counter":"0","view_counter_number":"0","override_share_counter":"0","share_counter_number":"0","override_like_counter":"0","like_counter_number":"0","override_dislike_counter":"0","dislike_counter_number":"0"},"jnews_post_split":{"enable_post_split":"0","post_split":[{"template":"1","tag":"h2","numbering":"asc","mode":"normal","first":"0","enable_toc":"0","toc_type":"normal"}]},"footnotes":""},"categories":[88,325],"tags":[],"class_list":["post-36128","post","type-post","status-publish","format-standard","has-post-thumbnail","hentry","category-formacion","category-generos-y-diversidades"],"jetpack_featured_media_url":"https:\/\/atecordoba.org\/wp-content\/uploads\/2023\/03\/WhatsApp-Image-2023-03-08-at-09.43.30-1-e1678283713539.jpeg","_links":{"self":[{"href":"https:\/\/atecordoba.org\/index.php?rest_route=\/wp\/v2\/posts\/36128","targetHints":{"allow":["GET"]}}],"collection":[{"href":"https:\/\/atecordoba.org\/index.php?rest_route=\/wp\/v2\/posts"}],"about":[{"href":"https:\/\/atecordoba.org\/index.php?rest_route=\/wp\/v2\/types\/post"}],"author":[{"embeddable":true,"href":"https:\/\/atecordoba.org\/index.php?rest_route=\/wp\/v2\/users\/7"}],"replies":[{"embeddable":true,"href":"https:\/\/atecordoba.org\/index.php?rest_route=%2Fwp%2Fv2%2Fcomments&post=36128"}],"version-history":[{"count":1,"href":"https:\/\/atecordoba.org\/index.php?rest_route=\/wp\/v2\/posts\/36128\/revisions"}],"predecessor-version":[{"id":36136,"href":"https:\/\/atecordoba.org\/index.php?rest_route=\/wp\/v2\/posts\/36128\/revisions\/36136"}],"wp:featuredmedia":[{"embeddable":true,"href":"https:\/\/atecordoba.org\/index.php?rest_route=\/wp\/v2\/media\/36132"}],"wp:attachment":[{"href":"https:\/\/atecordoba.org\/index.php?rest_route=%2Fwp%2Fv2%2Fmedia&parent=36128"}],"wp:term":[{"taxonomy":"category","embeddable":true,"href":"https:\/\/atecordoba.org\/index.php?rest_route=%2Fwp%2Fv2%2Fcategories&post=36128"},{"taxonomy":"post_tag","embeddable":true,"href":"https:\/\/atecordoba.org\/index.php?rest_route=%2Fwp%2Fv2%2Ftags&post=36128"}],"curies":[{"name":"wp","href":"https:\/\/api.w.org\/{rel}","templated":true}]}}