{"id":3610,"date":"2013-11-14T17:16:25","date_gmt":"2013-11-14T20:16:25","guid":{"rendered":"http:\/\/www.atecordoba.org\/?p=3610"},"modified":"2013-11-14T17:16:25","modified_gmt":"2013-11-14T20:16:25","slug":"formacion-curso-sobre-negociacion-y-convenio-colectivo","status":"publish","type":"post","link":"https:\/\/atecordoba.org\/?p=3610","title":{"rendered":"Formaci\u00f3n: curso sobre negociaci\u00f3n y convenio colectivo"},"content":{"rendered":"<p><em>ATE contin\u00faa generando herramientas de formaci\u00f3n para delegados y activistas con la perspectiva de desarrollar compa\u00f1eros instruidos en la defensa de los derechos laborales. El 21 de noviembre se realizar\u00e1 un nuevo taller a cargo de nuestra abogada Mar\u00eda Terragno.<\/em><\/p>\n<p><a href=\"http:\/\/www.atecordoba.org\/wp-content\/uploads\/2013\/11\/Invitaci\u00f3n-a.png\"><img loading=\"lazy\" decoding=\"async\" class=\"aligncenter size-full wp-image-3614\" alt=\"Invitaci\u00f3n a\" src=\"http:\/\/www.atecordoba.org\/wp-content\/uploads\/2013\/11\/Invitaci\u00f3n-a.png\" width=\"706\" height=\"1000\" \/><\/a><\/p>\n<p style=\"text-align: center;\">\n","protected":false},"excerpt":{"rendered":"<p>ATE contin\u00faa generando herramientas de formaci\u00f3n para delegados y activistas con la perspectiva de desarrollar compa\u00f1eros instruidos en la defensa de los derechos laborales. El 21 de noviembre se realizar\u00e1 un nuevo taller a cargo de nuestra abogada Mar\u00eda Terragno.<\/p>\n","protected":false},"author":1,"featured_media":19220,"comment_status":"open","ping_status":"open","sticky":false,"template":"","format":"standard","meta":{"_exactmetrics_skip_tracking":false,"_exactmetrics_sitenote_active":false,"_exactmetrics_sitenote_note":"","_exactmetrics_sitenote_category":0,"jnews-multi-image_gallery":[],"jnews_single_post":[],"jnews_primary_category":[],"jnews_social_meta":[],"jnews_review":[],"enable_review":"","type":"","name":"","summary":"","brand":"","sku":"","good":[],"bad":[],"score_override":"","override_value":"","rating":[],"price":[],"jnews_override_counter":[],"jnews_post_split":[],"footnotes":""},"categories":[88],"tags":[],"class_list":["post-3610","post","type-post","status-publish","format-standard","has-post-thumbnail","hentry","category-formacion"],"jetpack_featured_media_url":"https:\/\/atecordoba.org\/wp-content\/uploads\/2020\/05\/logo-nuevochico-e1561581322808.png","_links":{"self":[{"href":"https:\/\/atecordoba.org\/index.php?rest_route=\/wp\/v2\/posts\/3610","targetHints":{"allow":["GET"]}}],"collection":[{"href":"https:\/\/atecordoba.org\/index.php?rest_route=\/wp\/v2\/posts"}],"about":[{"href":"https:\/\/atecordoba.org\/index.php?rest_route=\/wp\/v2\/types\/post"}],"author":[{"embeddable":true,"href":"https:\/\/atecordoba.org\/index.php?rest_route=\/wp\/v2\/users\/1"}],"replies":[{"embeddable":true,"href":"https:\/\/atecordoba.org\/index.php?rest_route=%2Fwp%2Fv2%2Fcomments&post=3610"}],"version-history":[{"count":0,"href":"https:\/\/atecordoba.org\/index.php?rest_route=\/wp\/v2\/posts\/3610\/revisions"}],"wp:featuredmedia":[{"embeddable":true,"href":"https:\/\/atecordoba.org\/index.php?rest_route=\/wp\/v2\/media\/19220"}],"wp:attachment":[{"href":"https:\/\/atecordoba.org\/index.php?rest_route=%2Fwp%2Fv2%2Fmedia&parent=3610"}],"wp:term":[{"taxonomy":"category","embeddable":true,"href":"https:\/\/atecordoba.org\/index.php?rest_route=%2Fwp%2Fv2%2Fcategories&post=3610"},{"taxonomy":"post_tag","embeddable":true,"href":"https:\/\/atecordoba.org\/index.php?rest_route=%2Fwp%2Fv2%2Ftags&post=3610"}],"curies":[{"name":"wp","href":"https:\/\/api.w.org\/{rel}","templated":true}]}}