{"id":36099,"date":"2023-03-07T13:45:46","date_gmt":"2023-03-07T16:45:46","guid":{"rendered":"https:\/\/atecordoba.org\/?p=36099"},"modified":"2023-03-07T14:25:15","modified_gmt":"2023-03-07T17:25:15","slug":"jornada-nacional-de-lucha-la-ctaa-se-movilizo-en-villa-maria-y-reclama-la-reincorporacion-de-tres-despedidos-de-la-municipalidad","status":"publish","type":"post","link":"https:\/\/atecordoba.org\/?p=36099","title":{"rendered":"Jornada Nacional de Lucha: la CTAA se moviliz\u00f3 en Villa Mar\u00eda y reclama la reincorporaci\u00f3n de tres despedidos de la Municipalidad"},"content":{"rendered":"\n<figure class=\"wp-block-gallery has-nested-images columns-default is-cropped wp-block-gallery-1 is-layout-flex wp-block-gallery-is-layout-flex\">\n<figure class=\"wp-block-image size-large\"><a href=\"https:\/\/atecordoba.org\/wp-content\/uploads\/2023\/03\/IMG-20230307-WA0143.jpg\"><img loading=\"lazy\" decoding=\"async\" width=\"1024\" height=\"576\" data-id=\"36101\" src=\"https:\/\/atecordoba.org\/wp-content\/uploads\/2023\/03\/IMG-20230307-WA0143-1024x576.jpg\" alt=\"\" class=\"wp-image-36101\" srcset=\"https:\/\/atecordoba.org\/wp-content\/uploads\/2023\/03\/IMG-20230307-WA0143-1024x576.jpg 1024w, https:\/\/atecordoba.org\/wp-content\/uploads\/2023\/03\/IMG-20230307-WA0143-300x169.jpg 300w, https:\/\/atecordoba.org\/wp-content\/uploads\/2023\/03\/IMG-20230307-WA0143-768x432.jpg 768w, https:\/\/atecordoba.org\/wp-content\/uploads\/2023\/03\/IMG-20230307-WA0143-1536x864.jpg 1536w, https:\/\/atecordoba.org\/wp-content\/uploads\/2023\/03\/IMG-20230307-WA0143-750x422.jpg 750w, https:\/\/atecordoba.org\/wp-content\/uploads\/2023\/03\/IMG-20230307-WA0143-1140x641.jpg 1140w, https:\/\/atecordoba.org\/wp-content\/uploads\/2023\/03\/IMG-20230307-WA0143.jpg 1600w\" sizes=\"auto, (max-width: 1024px) 100vw, 1024px\" \/><\/a><\/figure>\n\n\n\n<figure class=\"wp-block-image size-large\"><a href=\"https:\/\/atecordoba.org\/wp-content\/uploads\/2023\/03\/IMG-20230307-WA0222.jpg\"><img loading=\"lazy\" decoding=\"async\" width=\"1024\" height=\"771\" data-id=\"36102\" src=\"https:\/\/atecordoba.org\/wp-content\/uploads\/2023\/03\/IMG-20230307-WA0222-1024x771.jpg\" alt=\"\" class=\"wp-image-36102\" srcset=\"https:\/\/atecordoba.org\/wp-content\/uploads\/2023\/03\/IMG-20230307-WA0222-1024x771.jpg 1024w, https:\/\/atecordoba.org\/wp-content\/uploads\/2023\/03\/IMG-20230307-WA0222-300x226.jpg 300w, https:\/\/atecordoba.org\/wp-content\/uploads\/2023\/03\/IMG-20230307-WA0222-768x578.jpg 768w, https:\/\/atecordoba.org\/wp-content\/uploads\/2023\/03\/IMG-20230307-WA0222-1536x1156.jpg 1536w, https:\/\/atecordoba.org\/wp-content\/uploads\/2023\/03\/IMG-20230307-WA0222-750x564.jpg 750w, https:\/\/atecordoba.org\/wp-content\/uploads\/2023\/03\/IMG-20230307-WA0222-1140x858.jpg 1140w, https:\/\/atecordoba.org\/wp-content\/uploads\/2023\/03\/IMG-20230307-WA0222.jpg 1600w\" sizes=\"auto, (max-width: 1024px) 100vw, 1024px\" \/><\/a><\/figure>\n\n\n\n<figure class=\"wp-block-image size-large\"><a href=\"https:\/\/atecordoba.org\/wp-content\/uploads\/2023\/03\/IMG-20230307-WA0130.jpg\"><img loading=\"lazy\" decoding=\"async\" width=\"1024\" height=\"576\" data-id=\"36100\" src=\"https:\/\/atecordoba.org\/wp-content\/uploads\/2023\/03\/IMG-20230307-WA0130-1024x576.jpg\" alt=\"\" class=\"wp-image-36100\" srcset=\"https:\/\/atecordoba.org\/wp-content\/uploads\/2023\/03\/IMG-20230307-WA0130-1024x576.jpg 1024w, https:\/\/atecordoba.org\/wp-content\/uploads\/2023\/03\/IMG-20230307-WA0130-300x169.jpg 300w, https:\/\/atecordoba.org\/wp-content\/uploads\/2023\/03\/IMG-20230307-WA0130-768x432.jpg 768w, https:\/\/atecordoba.org\/wp-content\/uploads\/2023\/03\/IMG-20230307-WA0130-1536x864.jpg 1536w, https:\/\/atecordoba.org\/wp-content\/uploads\/2023\/03\/IMG-20230307-WA0130-750x422.jpg 750w, https:\/\/atecordoba.org\/wp-content\/uploads\/2023\/03\/IMG-20230307-WA0130-1140x641.jpg 1140w, https:\/\/atecordoba.org\/wp-content\/uploads\/2023\/03\/IMG-20230307-WA0130.jpg 1600w\" sizes=\"auto, (max-width: 1024px) 100vw, 1024px\" \/><\/a><\/figure>\n<\/figure>\n\n\n\n<p>En el marco de la Jornada Nacional de Lucha de la CTA Aut\u00f3noma que se desarrolla hoy en todo el pa\u00eds, la CTAA Provincia de C\u00f3rdoba realiz\u00f3 una protesta en la ciudad de Villa Mar\u00eda, llevando a la puerta del escritorio del intendente Mart\u00edn Gill el conflicto que surgido a partir del despido sin causa de tres trabajadores del sector salud, que el Ejecutivo se ha negado a reinstalar a pesar de los reclamos de ATE, nuestra Central y las distintas organizaciones que se han sumado a la lucha. <\/p>\n\n\n\n<p>La movilizaci\u00f3n comenz\u00f3 a media ma\u00f1ana, instalando la protesta frente a la Municipalidad, con corte de calle y quema de cubiertas. <\/p>\n\n\n\n<p>Al mediod\u00eda, el secretario General de ATE C\u00f3rdoba y la CTAA Provincia, Federico Giuliani, encabez\u00f3 una delegaci\u00f3n que ingreso a la comuna para entregar un petitorio ante las autoridades a los fines de comenzar un di\u00e1logo que contribuya a destrabar el conflicto. Sin embargo, ning\u00fan funcionario atendi\u00f3 a nuestra delegaci\u00f3n por lo cual se inici\u00f3 una sentada pac\u00edfica dentro del edificio municipal hasta obtener una respuesta.<\/p>\n\n\n\n<figure class=\"wp-block-gallery has-nested-images columns-default is-cropped wp-block-gallery-2 is-layout-flex wp-block-gallery-is-layout-flex\">\n<figure class=\"wp-block-image size-large\"><img loading=\"lazy\" decoding=\"async\" width=\"576\" height=\"1024\" data-id=\"36105\" src=\"https:\/\/atecordoba.org\/wp-content\/uploads\/2023\/03\/IMG-20230307-WA0134-576x1024.jpg\" alt=\"\" class=\"wp-image-36105\" srcset=\"https:\/\/atecordoba.org\/wp-content\/uploads\/2023\/03\/IMG-20230307-WA0134-576x1024.jpg 576w, https:\/\/atecordoba.org\/wp-content\/uploads\/2023\/03\/IMG-20230307-WA0134-169x300.jpg 169w, https:\/\/atecordoba.org\/wp-content\/uploads\/2023\/03\/IMG-20230307-WA0134-768x1365.jpg 768w, https:\/\/atecordoba.org\/wp-content\/uploads\/2023\/03\/IMG-20230307-WA0134-864x1536.jpg 864w, https:\/\/atecordoba.org\/wp-content\/uploads\/2023\/03\/IMG-20230307-WA0134-750x1333.jpg 750w, https:\/\/atecordoba.org\/wp-content\/uploads\/2023\/03\/IMG-20230307-WA0134.jpg 900w\" sizes=\"auto, (max-width: 576px) 100vw, 576px\" \/><\/figure>\n\n\n\n<figure class=\"wp-block-image size-large\"><img loading=\"lazy\" decoding=\"async\" width=\"576\" height=\"1024\" data-id=\"36103\" src=\"https:\/\/atecordoba.org\/wp-content\/uploads\/2023\/03\/IMG-20230307-WA0139-576x1024.jpg\" alt=\"\" class=\"wp-image-36103\" srcset=\"https:\/\/atecordoba.org\/wp-content\/uploads\/2023\/03\/IMG-20230307-WA0139-576x1024.jpg 576w, https:\/\/atecordoba.org\/wp-content\/uploads\/2023\/03\/IMG-20230307-WA0139-169x300.jpg 169w, https:\/\/atecordoba.org\/wp-content\/uploads\/2023\/03\/IMG-20230307-WA0139-768x1365.jpg 768w, https:\/\/atecordoba.org\/wp-content\/uploads\/2023\/03\/IMG-20230307-WA0139-864x1536.jpg 864w, https:\/\/atecordoba.org\/wp-content\/uploads\/2023\/03\/IMG-20230307-WA0139-750x1333.jpg 750w, https:\/\/atecordoba.org\/wp-content\/uploads\/2023\/03\/IMG-20230307-WA0139.jpg 900w\" sizes=\"auto, (max-width: 576px) 100vw, 576px\" \/><\/figure>\n\n\n\n<figure class=\"wp-block-image size-large\"><img loading=\"lazy\" decoding=\"async\" width=\"576\" height=\"1024\" data-id=\"36104\" src=\"https:\/\/atecordoba.org\/wp-content\/uploads\/2023\/03\/IMG-20230307-WA0133-576x1024.jpg\" alt=\"\" class=\"wp-image-36104\" srcset=\"https:\/\/atecordoba.org\/wp-content\/uploads\/2023\/03\/IMG-20230307-WA0133-576x1024.jpg 576w, https:\/\/atecordoba.org\/wp-content\/uploads\/2023\/03\/IMG-20230307-WA0133-169x300.jpg 169w, https:\/\/atecordoba.org\/wp-content\/uploads\/2023\/03\/IMG-20230307-WA0133-768x1365.jpg 768w, https:\/\/atecordoba.org\/wp-content\/uploads\/2023\/03\/IMG-20230307-WA0133-864x1536.jpg 864w, https:\/\/atecordoba.org\/wp-content\/uploads\/2023\/03\/IMG-20230307-WA0133-750x1333.jpg 750w, https:\/\/atecordoba.org\/wp-content\/uploads\/2023\/03\/IMG-20230307-WA0133.jpg 900w\" sizes=\"auto, (max-width: 576px) 100vw, 576px\" \/><\/figure>\n<\/figure>\n\n\n\n<p>&#8220;Al reclamo de las reincorporaciones se integr\u00f3 el pliego de las barriadas populares de asistencia alimentaria a los comedores de la FENAT-CTAA&#8221;, explic\u00f3 Giuliani.<\/p>\n\n\n\n<p>Vale se\u00f1alar que los despidos se produjeron por reclamar mejoras en las condiciones de trabajo de compa\u00f1eros que sobran salarios de 70 mil pesos de promedio.<\/p>\n\n\n\n<p>Alrededor de las 14 horas, la Secretaria de Gobierno municipal convoc\u00f3 a una audiencia para ma\u00f1ana  para abordar el pliego de reivindicaciones por lo que la asamblea resolvi\u00f3 levantar la protesta. <\/p>\n\n\n\n<p><strong>En CABA<\/strong><\/p>\n\n\n\n<p>En Capital Federal, la CTAA se moviliz\u00f3 a la sede de la Coordinadora de la Industria de Productos Alimenticios (COPAL)&nbsp;para denunciar al sector empresario por su responsabilidad en la inflaci\u00f3n y la especulaci\u00f3n de precios. \u201cLos formadores de precios en la Argentina siguen siendo principalmente empresas transnacionales y que ni siquiera cumplen con los acuerdos que firman con el Gobierno\u201d, remarc\u00f3&nbsp;la conducci\u00f3n nacional de la Central. <\/p>\n\n\n\n<p>En tanto, las organizaciones territoriales que nuclea la FeNaT concentraron frente al Ministerio de Desarrollo Social, para denunciar recortes en pol\u00edticas sociales y reiterar el reclamo por la implementaci\u00f3n de un Salario Universal, entre otras reivindicaciones.<\/p>\n\n\n\n<figure class=\"wp-block-gallery has-nested-images columns-default is-cropped wp-block-gallery-3 is-layout-flex wp-block-gallery-is-layout-flex\">\n<figure class=\"wp-block-image size-large\"><img loading=\"lazy\" decoding=\"async\" width=\"576\" height=\"1024\" data-id=\"36118\" src=\"https:\/\/atecordoba.org\/wp-content\/uploads\/2023\/03\/IMG-20230307-WA0144-1-576x1024.jpg\" alt=\"\" class=\"wp-image-36118\" srcset=\"https:\/\/atecordoba.org\/wp-content\/uploads\/2023\/03\/IMG-20230307-WA0144-1-576x1024.jpg 576w, https:\/\/atecordoba.org\/wp-content\/uploads\/2023\/03\/IMG-20230307-WA0144-1-169x300.jpg 169w, https:\/\/atecordoba.org\/wp-content\/uploads\/2023\/03\/IMG-20230307-WA0144-1-768x1365.jpg 768w, https:\/\/atecordoba.org\/wp-content\/uploads\/2023\/03\/IMG-20230307-WA0144-1-864x1536.jpg 864w, https:\/\/atecordoba.org\/wp-content\/uploads\/2023\/03\/IMG-20230307-WA0144-1-750x1333.jpg 750w, https:\/\/atecordoba.org\/wp-content\/uploads\/2023\/03\/IMG-20230307-WA0144-1.jpg 900w\" sizes=\"auto, (max-width: 576px) 100vw, 576px\" \/><\/figure>\n\n\n\n<figure class=\"wp-block-image size-large\"><img loading=\"lazy\" decoding=\"async\" width=\"1024\" height=\"576\" data-id=\"36115\" src=\"https:\/\/atecordoba.org\/wp-content\/uploads\/2023\/03\/IMG-20230307-WA0126-1024x576.jpg\" alt=\"\" class=\"wp-image-36115\" srcset=\"https:\/\/atecordoba.org\/wp-content\/uploads\/2023\/03\/IMG-20230307-WA0126-1024x576.jpg 1024w, https:\/\/atecordoba.org\/wp-content\/uploads\/2023\/03\/IMG-20230307-WA0126-300x169.jpg 300w, https:\/\/atecordoba.org\/wp-content\/uploads\/2023\/03\/IMG-20230307-WA0126-768x432.jpg 768w, https:\/\/atecordoba.org\/wp-content\/uploads\/2023\/03\/IMG-20230307-WA0126-1536x864.jpg 1536w, https:\/\/atecordoba.org\/wp-content\/uploads\/2023\/03\/IMG-20230307-WA0126-750x422.jpg 750w, https:\/\/atecordoba.org\/wp-content\/uploads\/2023\/03\/IMG-20230307-WA0126-1140x641.jpg 1140w, https:\/\/atecordoba.org\/wp-content\/uploads\/2023\/03\/IMG-20230307-WA0126.jpg 1600w\" sizes=\"auto, (max-width: 1024px) 100vw, 1024px\" \/><\/figure>\n\n\n\n<figure class=\"wp-block-image size-large\"><img loading=\"lazy\" decoding=\"async\" width=\"576\" height=\"1024\" data-id=\"36119\" src=\"https:\/\/atecordoba.org\/wp-content\/uploads\/2023\/03\/IMG-20230307-WA0127-576x1024.jpg\" alt=\"\" class=\"wp-image-36119\" srcset=\"https:\/\/atecordoba.org\/wp-content\/uploads\/2023\/03\/IMG-20230307-WA0127-576x1024.jpg 576w, https:\/\/atecordoba.org\/wp-content\/uploads\/2023\/03\/IMG-20230307-WA0127-169x300.jpg 169w, https:\/\/atecordoba.org\/wp-content\/uploads\/2023\/03\/IMG-20230307-WA0127-768x1365.jpg 768w, https:\/\/atecordoba.org\/wp-content\/uploads\/2023\/03\/IMG-20230307-WA0127-864x1536.jpg 864w, https:\/\/atecordoba.org\/wp-content\/uploads\/2023\/03\/IMG-20230307-WA0127-750x1333.jpg 750w, https:\/\/atecordoba.org\/wp-content\/uploads\/2023\/03\/IMG-20230307-WA0127.jpg 900w\" sizes=\"auto, (max-width: 576px) 100vw, 576px\" \/><\/figure>\n\n\n\n<figure class=\"wp-block-image size-large\"><img loading=\"lazy\" decoding=\"async\" width=\"576\" height=\"1024\" data-id=\"36117\" src=\"https:\/\/atecordoba.org\/wp-content\/uploads\/2023\/03\/IMG-20230307-WA0128-576x1024.jpg\" alt=\"\" class=\"wp-image-36117\" srcset=\"https:\/\/atecordoba.org\/wp-content\/uploads\/2023\/03\/IMG-20230307-WA0128-576x1024.jpg 576w, https:\/\/atecordoba.org\/wp-content\/uploads\/2023\/03\/IMG-20230307-WA0128-169x300.jpg 169w, https:\/\/atecordoba.org\/wp-content\/uploads\/2023\/03\/IMG-20230307-WA0128-768x1365.jpg 768w, https:\/\/atecordoba.org\/wp-content\/uploads\/2023\/03\/IMG-20230307-WA0128-864x1536.jpg 864w, https:\/\/atecordoba.org\/wp-content\/uploads\/2023\/03\/IMG-20230307-WA0128-750x1333.jpg 750w, https:\/\/atecordoba.org\/wp-content\/uploads\/2023\/03\/IMG-20230307-WA0128.jpg 900w\" sizes=\"auto, (max-width: 576px) 100vw, 576px\" \/><\/figure>\n\n\n\n<figure class=\"wp-block-image size-large\"><img loading=\"lazy\" decoding=\"async\" width=\"576\" height=\"1024\" data-id=\"36116\" src=\"https:\/\/atecordoba.org\/wp-content\/uploads\/2023\/03\/IMG-20230307-WA0129-576x1024.jpg\" alt=\"\" class=\"wp-image-36116\" srcset=\"https:\/\/atecordoba.org\/wp-content\/uploads\/2023\/03\/IMG-20230307-WA0129-576x1024.jpg 576w, https:\/\/atecordoba.org\/wp-content\/uploads\/2023\/03\/IMG-20230307-WA0129-169x300.jpg 169w, https:\/\/atecordoba.org\/wp-content\/uploads\/2023\/03\/IMG-20230307-WA0129-768x1365.jpg 768w, https:\/\/atecordoba.org\/wp-content\/uploads\/2023\/03\/IMG-20230307-WA0129-864x1536.jpg 864w, https:\/\/atecordoba.org\/wp-content\/uploads\/2023\/03\/IMG-20230307-WA0129-750x1333.jpg 750w, https:\/\/atecordoba.org\/wp-content\/uploads\/2023\/03\/IMG-20230307-WA0129.jpg 900w\" sizes=\"auto, (max-width: 576px) 100vw, 576px\" \/><\/figure>\n\n\n\n<figure class=\"wp-block-image size-large\"><img loading=\"lazy\" decoding=\"async\" width=\"1024\" height=\"576\" data-id=\"36123\" src=\"https:\/\/atecordoba.org\/wp-content\/uploads\/2023\/03\/IMG-20230307-WA0130-1-1024x576.jpg\" alt=\"\" class=\"wp-image-36123\" srcset=\"https:\/\/atecordoba.org\/wp-content\/uploads\/2023\/03\/IMG-20230307-WA0130-1-1024x576.jpg 1024w, https:\/\/atecordoba.org\/wp-content\/uploads\/2023\/03\/IMG-20230307-WA0130-1-300x169.jpg 300w, https:\/\/atecordoba.org\/wp-content\/uploads\/2023\/03\/IMG-20230307-WA0130-1-768x432.jpg 768w, https:\/\/atecordoba.org\/wp-content\/uploads\/2023\/03\/IMG-20230307-WA0130-1-1536x864.jpg 1536w, https:\/\/atecordoba.org\/wp-content\/uploads\/2023\/03\/IMG-20230307-WA0130-1-750x422.jpg 750w, https:\/\/atecordoba.org\/wp-content\/uploads\/2023\/03\/IMG-20230307-WA0130-1-1140x641.jpg 1140w, https:\/\/atecordoba.org\/wp-content\/uploads\/2023\/03\/IMG-20230307-WA0130-1.jpg 1600w\" sizes=\"auto, (max-width: 1024px) 100vw, 1024px\" \/><\/figure>\n\n\n\n<figure class=\"wp-block-image size-large\"><img loading=\"lazy\" decoding=\"async\" width=\"576\" height=\"1024\" data-id=\"36122\" src=\"https:\/\/atecordoba.org\/wp-content\/uploads\/2023\/03\/IMG-20230307-WA0131-576x1024.jpg\" alt=\"\" class=\"wp-image-36122\" srcset=\"https:\/\/atecordoba.org\/wp-content\/uploads\/2023\/03\/IMG-20230307-WA0131-576x1024.jpg 576w, https:\/\/atecordoba.org\/wp-content\/uploads\/2023\/03\/IMG-20230307-WA0131-169x300.jpg 169w, https:\/\/atecordoba.org\/wp-content\/uploads\/2023\/03\/IMG-20230307-WA0131-768x1365.jpg 768w, https:\/\/atecordoba.org\/wp-content\/uploads\/2023\/03\/IMG-20230307-WA0131-864x1536.jpg 864w, https:\/\/atecordoba.org\/wp-content\/uploads\/2023\/03\/IMG-20230307-WA0131-750x1333.jpg 750w, https:\/\/atecordoba.org\/wp-content\/uploads\/2023\/03\/IMG-20230307-WA0131.jpg 900w\" sizes=\"auto, (max-width: 576px) 100vw, 576px\" \/><\/figure>\n\n\n\n<figure class=\"wp-block-image size-large\"><img loading=\"lazy\" decoding=\"async\" width=\"576\" height=\"1024\" data-id=\"36120\" src=\"https:\/\/atecordoba.org\/wp-content\/uploads\/2023\/03\/IMG-20230307-WA0132-576x1024.jpg\" alt=\"\" class=\"wp-image-36120\" srcset=\"https:\/\/atecordoba.org\/wp-content\/uploads\/2023\/03\/IMG-20230307-WA0132-576x1024.jpg 576w, https:\/\/atecordoba.org\/wp-content\/uploads\/2023\/03\/IMG-20230307-WA0132-169x300.jpg 169w, https:\/\/atecordoba.org\/wp-content\/uploads\/2023\/03\/IMG-20230307-WA0132-768x1365.jpg 768w, https:\/\/atecordoba.org\/wp-content\/uploads\/2023\/03\/IMG-20230307-WA0132-864x1536.jpg 864w, https:\/\/atecordoba.org\/wp-content\/uploads\/2023\/03\/IMG-20230307-WA0132-750x1333.jpg 750w, https:\/\/atecordoba.org\/wp-content\/uploads\/2023\/03\/IMG-20230307-WA0132.jpg 900w\" sizes=\"auto, (max-width: 576px) 100vw, 576px\" \/><\/figure>\n\n\n\n<figure class=\"wp-block-image size-large\"><img loading=\"lazy\" decoding=\"async\" width=\"576\" height=\"1024\" data-id=\"36121\" src=\"https:\/\/atecordoba.org\/wp-content\/uploads\/2023\/03\/IMG-20230307-WA0139-1-576x1024.jpg\" alt=\"\" class=\"wp-image-36121\" srcset=\"https:\/\/atecordoba.org\/wp-content\/uploads\/2023\/03\/IMG-20230307-WA0139-1-576x1024.jpg 576w, https:\/\/atecordoba.org\/wp-content\/uploads\/2023\/03\/IMG-20230307-WA0139-1-169x300.jpg 169w, https:\/\/atecordoba.org\/wp-content\/uploads\/2023\/03\/IMG-20230307-WA0139-1-768x1365.jpg 768w, https:\/\/atecordoba.org\/wp-content\/uploads\/2023\/03\/IMG-20230307-WA0139-1-864x1536.jpg 864w, https:\/\/atecordoba.org\/wp-content\/uploads\/2023\/03\/IMG-20230307-WA0139-1-750x1333.jpg 750w, https:\/\/atecordoba.org\/wp-content\/uploads\/2023\/03\/IMG-20230307-WA0139-1.jpg 900w\" sizes=\"auto, (max-width: 576px) 100vw, 576px\" \/><\/figure>\n\n\n\n<figure class=\"wp-block-image size-large\"><img loading=\"lazy\" decoding=\"async\" width=\"1024\" height=\"771\" data-id=\"36114\" src=\"https:\/\/atecordoba.org\/wp-content\/uploads\/2023\/03\/IMG-20230307-WA0186-1024x771.jpg\" alt=\"\" class=\"wp-image-36114\" srcset=\"https:\/\/atecordoba.org\/wp-content\/uploads\/2023\/03\/IMG-20230307-WA0186-1024x771.jpg 1024w, https:\/\/atecordoba.org\/wp-content\/uploads\/2023\/03\/IMG-20230307-WA0186-300x226.jpg 300w, https:\/\/atecordoba.org\/wp-content\/uploads\/2023\/03\/IMG-20230307-WA0186-768x578.jpg 768w, https:\/\/atecordoba.org\/wp-content\/uploads\/2023\/03\/IMG-20230307-WA0186-1536x1156.jpg 1536w, https:\/\/atecordoba.org\/wp-content\/uploads\/2023\/03\/IMG-20230307-WA0186-750x564.jpg 750w, https:\/\/atecordoba.org\/wp-content\/uploads\/2023\/03\/IMG-20230307-WA0186-1140x858.jpg 1140w, https:\/\/atecordoba.org\/wp-content\/uploads\/2023\/03\/IMG-20230307-WA0186.jpg 1600w\" sizes=\"auto, (max-width: 1024px) 100vw, 1024px\" \/><\/figure>\n\n\n\n<figure class=\"wp-block-image size-large\"><img loading=\"lazy\" decoding=\"async\" width=\"1024\" height=\"771\" data-id=\"36113\" src=\"https:\/\/atecordoba.org\/wp-content\/uploads\/2023\/03\/IMG-20230307-WA0188-1024x771.jpg\" alt=\"\" class=\"wp-image-36113\" srcset=\"https:\/\/atecordoba.org\/wp-content\/uploads\/2023\/03\/IMG-20230307-WA0188-1024x771.jpg 1024w, https:\/\/atecordoba.org\/wp-content\/uploads\/2023\/03\/IMG-20230307-WA0188-300x226.jpg 300w, https:\/\/atecordoba.org\/wp-content\/uploads\/2023\/03\/IMG-20230307-WA0188-768x578.jpg 768w, https:\/\/atecordoba.org\/wp-content\/uploads\/2023\/03\/IMG-20230307-WA0188-1536x1156.jpg 1536w, https:\/\/atecordoba.org\/wp-content\/uploads\/2023\/03\/IMG-20230307-WA0188-750x564.jpg 750w, https:\/\/atecordoba.org\/wp-content\/uploads\/2023\/03\/IMG-20230307-WA0188-1140x858.jpg 1140w, https:\/\/atecordoba.org\/wp-content\/uploads\/2023\/03\/IMG-20230307-WA0188.jpg 1600w\" sizes=\"auto, (max-width: 1024px) 100vw, 1024px\" \/><\/figure>\n\n\n\n<figure class=\"wp-block-image size-large\"><img loading=\"lazy\" decoding=\"async\" width=\"1024\" height=\"768\" data-id=\"36106\" src=\"https:\/\/atecordoba.org\/wp-content\/uploads\/2023\/03\/IMG-20230307-WA0189-1024x768.jpg\" alt=\"\" class=\"wp-image-36106\" srcset=\"https:\/\/atecordoba.org\/wp-content\/uploads\/2023\/03\/IMG-20230307-WA0189-1024x768.jpg 1024w, https:\/\/atecordoba.org\/wp-content\/uploads\/2023\/03\/IMG-20230307-WA0189-300x225.jpg 300w, https:\/\/atecordoba.org\/wp-content\/uploads\/2023\/03\/IMG-20230307-WA0189-768x576.jpg 768w, https:\/\/atecordoba.org\/wp-content\/uploads\/2023\/03\/IMG-20230307-WA0189-1536x1152.jpg 1536w, https:\/\/atecordoba.org\/wp-content\/uploads\/2023\/03\/IMG-20230307-WA0189-750x563.jpg 750w, https:\/\/atecordoba.org\/wp-content\/uploads\/2023\/03\/IMG-20230307-WA0189-1140x855.jpg 1140w, https:\/\/atecordoba.org\/wp-content\/uploads\/2023\/03\/IMG-20230307-WA0189.jpg 1600w\" sizes=\"auto, (max-width: 1024px) 100vw, 1024px\" \/><\/figure>\n\n\n\n<figure class=\"wp-block-image size-large\"><img loading=\"lazy\" decoding=\"async\" width=\"1024\" height=\"771\" data-id=\"36112\" src=\"https:\/\/atecordoba.org\/wp-content\/uploads\/2023\/03\/IMG-20230307-WA0198-1024x771.jpg\" alt=\"\" class=\"wp-image-36112\" srcset=\"https:\/\/atecordoba.org\/wp-content\/uploads\/2023\/03\/IMG-20230307-WA0198-1024x771.jpg 1024w, https:\/\/atecordoba.org\/wp-content\/uploads\/2023\/03\/IMG-20230307-WA0198-300x226.jpg 300w, https:\/\/atecordoba.org\/wp-content\/uploads\/2023\/03\/IMG-20230307-WA0198-768x578.jpg 768w, https:\/\/atecordoba.org\/wp-content\/uploads\/2023\/03\/IMG-20230307-WA0198-1536x1156.jpg 1536w, https:\/\/atecordoba.org\/wp-content\/uploads\/2023\/03\/IMG-20230307-WA0198-750x564.jpg 750w, https:\/\/atecordoba.org\/wp-content\/uploads\/2023\/03\/IMG-20230307-WA0198-1140x858.jpg 1140w, https:\/\/atecordoba.org\/wp-content\/uploads\/2023\/03\/IMG-20230307-WA0198.jpg 1600w\" sizes=\"auto, (max-width: 1024px) 100vw, 1024px\" \/><\/figure>\n\n\n\n<figure class=\"wp-block-image size-large\"><img loading=\"lazy\" decoding=\"async\" width=\"1024\" height=\"771\" data-id=\"36109\" src=\"https:\/\/atecordoba.org\/wp-content\/uploads\/2023\/03\/IMG-20230307-WA0200-1024x771.jpg\" alt=\"\" class=\"wp-image-36109\" srcset=\"https:\/\/atecordoba.org\/wp-content\/uploads\/2023\/03\/IMG-20230307-WA0200-1024x771.jpg 1024w, https:\/\/atecordoba.org\/wp-content\/uploads\/2023\/03\/IMG-20230307-WA0200-300x226.jpg 300w, https:\/\/atecordoba.org\/wp-content\/uploads\/2023\/03\/IMG-20230307-WA0200-768x578.jpg 768w, https:\/\/atecordoba.org\/wp-content\/uploads\/2023\/03\/IMG-20230307-WA0200-1536x1156.jpg 1536w, https:\/\/atecordoba.org\/wp-content\/uploads\/2023\/03\/IMG-20230307-WA0200-750x564.jpg 750w, https:\/\/atecordoba.org\/wp-content\/uploads\/2023\/03\/IMG-20230307-WA0200-1140x858.jpg 1140w, https:\/\/atecordoba.org\/wp-content\/uploads\/2023\/03\/IMG-20230307-WA0200.jpg 1600w\" sizes=\"auto, (max-width: 1024px) 100vw, 1024px\" \/><\/figure>\n\n\n\n<figure class=\"wp-block-image size-large\"><img loading=\"lazy\" decoding=\"async\" width=\"1024\" height=\"576\" data-id=\"36108\" src=\"https:\/\/atecordoba.org\/wp-content\/uploads\/2023\/03\/IMG-20230307-WA0143-1-1024x576.jpg\" alt=\"\" class=\"wp-image-36108\" srcset=\"https:\/\/atecordoba.org\/wp-content\/uploads\/2023\/03\/IMG-20230307-WA0143-1-1024x576.jpg 1024w, https:\/\/atecordoba.org\/wp-content\/uploads\/2023\/03\/IMG-20230307-WA0143-1-300x169.jpg 300w, https:\/\/atecordoba.org\/wp-content\/uploads\/2023\/03\/IMG-20230307-WA0143-1-768x432.jpg 768w, https:\/\/atecordoba.org\/wp-content\/uploads\/2023\/03\/IMG-20230307-WA0143-1-1536x864.jpg 1536w, https:\/\/atecordoba.org\/wp-content\/uploads\/2023\/03\/IMG-20230307-WA0143-1-750x422.jpg 750w, https:\/\/atecordoba.org\/wp-content\/uploads\/2023\/03\/IMG-20230307-WA0143-1-1140x641.jpg 1140w, https:\/\/atecordoba.org\/wp-content\/uploads\/2023\/03\/IMG-20230307-WA0143-1.jpg 1600w\" sizes=\"auto, (max-width: 1024px) 100vw, 1024px\" \/><\/figure>\n\n\n\n<figure class=\"wp-block-image size-large\"><img loading=\"lazy\" decoding=\"async\" width=\"576\" height=\"1024\" data-id=\"36110\" src=\"https:\/\/atecordoba.org\/wp-content\/uploads\/2023\/03\/IMG-20230307-WA0144-576x1024.jpg\" alt=\"\" class=\"wp-image-36110\" srcset=\"https:\/\/atecordoba.org\/wp-content\/uploads\/2023\/03\/IMG-20230307-WA0144-576x1024.jpg 576w, https:\/\/atecordoba.org\/wp-content\/uploads\/2023\/03\/IMG-20230307-WA0144-169x300.jpg 169w, https:\/\/atecordoba.org\/wp-content\/uploads\/2023\/03\/IMG-20230307-WA0144-768x1365.jpg 768w, https:\/\/atecordoba.org\/wp-content\/uploads\/2023\/03\/IMG-20230307-WA0144-864x1536.jpg 864w, https:\/\/atecordoba.org\/wp-content\/uploads\/2023\/03\/IMG-20230307-WA0144-750x1333.jpg 750w, https:\/\/atecordoba.org\/wp-content\/uploads\/2023\/03\/IMG-20230307-WA0144.jpg 900w\" sizes=\"auto, (max-width: 576px) 100vw, 576px\" \/><\/figure>\n\n\n\n<figure class=\"wp-block-image size-large\"><img loading=\"lazy\" decoding=\"async\" width=\"771\" height=\"1024\" data-id=\"36111\" src=\"https:\/\/atecordoba.org\/wp-content\/uploads\/2023\/03\/IMG-20230307-WA0181-771x1024.jpg\" alt=\"\" class=\"wp-image-36111\" \/><\/figure>\n\n\n\n<figure class=\"wp-block-image size-large\"><img loading=\"lazy\" decoding=\"async\" width=\"771\" height=\"1024\" data-id=\"36107\" src=\"https:\/\/atecordoba.org\/wp-content\/uploads\/2023\/03\/IMG-20230307-WA0182-771x1024.jpg\" alt=\"\" class=\"wp-image-36107\" srcset=\"https:\/\/atecordoba.org\/wp-content\/uploads\/2023\/03\/IMG-20230307-WA0182-771x1024.jpg 771w, https:\/\/atecordoba.org\/wp-content\/uploads\/2023\/03\/IMG-20230307-WA0182-226x300.jpg 226w, https:\/\/atecordoba.org\/wp-content\/uploads\/2023\/03\/IMG-20230307-WA0182-768x1021.jpg 768w, https:\/\/atecordoba.org\/wp-content\/uploads\/2023\/03\/IMG-20230307-WA0182-1156x1536.jpg 1156w, https:\/\/atecordoba.org\/wp-content\/uploads\/2023\/03\/IMG-20230307-WA0182-750x997.jpg 750w, https:\/\/atecordoba.org\/wp-content\/uploads\/2023\/03\/IMG-20230307-WA0182-1140x1515.jpg 1140w, https:\/\/atecordoba.org\/wp-content\/uploads\/2023\/03\/IMG-20230307-WA0182.jpg 1204w\" sizes=\"auto, (max-width: 771px) 100vw, 771px\" \/><\/figure>\n<\/figure>\n\n\n\n<p><\/p>\n","protected":false},"excerpt":{"rendered":"<p>En el marco de la Jornada Nacional de Lucha de la CTA Aut\u00f3noma que se desarrolla hoy en todo el pa\u00eds, la CTAA Provincia de C\u00f3rdoba realiz\u00f3 una protesta en la ciudad de Villa Mar\u00eda, llevando a la puerta del escritorio del intendente Mart\u00edn Gill el conflicto que surgido a partir del despido sin causa [&hellip;]<\/p>\n","protected":false},"author":7,"featured_media":36111,"comment_status":"open","ping_status":"open","sticky":false,"template":"","format":"standard","meta":{"_exactmetrics_skip_tracking":false,"_exactmetrics_sitenote_active":false,"_exactmetrics_sitenote_note":"","_exactmetrics_sitenote_category":0,"jnews-multi-image_gallery":[],"jnews_single_post":{"subtitle":"Se realiz\u00f3 una sentada pac\u00edfica dentro del Municipio y funcionarios de la administraci\u00f3n de Mart\u00edn Gill convocaron a una audiencia ma\u00f1ana para abordar el conflicto. ","format":"standard","video":"","gallery":"","source_name":"","source_url":"","via_name":"","via_url":"","override_template":"0","override":[{"template":"1","single_blog_custom":"","parallax":"1","fullscreen":"1","layout":"right-sidebar","sidebar":"default-sidebar","second_sidebar":"default-sidebar","sticky_sidebar":"1","share_position":"top","share_float_style":"share-monocrhome","show_share_counter":"1","show_view_counter":"1","show_featured":"1","show_post_meta":"1","show_post_author":"1","show_post_author_image":"1","show_post_date":"1","post_date_format":"default","post_date_format_custom":"Y\/m\/d","show_post_category":"1","show_post_reading_time":"0","post_reading_time_wpm":"300","show_zoom_button":"0","zoom_button_out_step":"2","zoom_button_in_step":"3","show_post_tag":"1","show_prev_next_post":"1","show_popup_post":"1","number_popup_post":"1","show_author_box":"0","show_post_related":"0","show_inline_post_related":"0"}],"override_image_size":"0","image_override":[{"single_post_thumbnail_size":"crop-500","single_post_gallery_size":"crop-500"}],"trending_post":"0","trending_post_position":"meta","trending_post_label":"Trending","sponsored_post":"0","sponsored_post_label":"Sponsored by","sponsored_post_name":"","sponsored_post_url":"","sponsored_post_logo_enable":"0","sponsored_post_logo":"","sponsored_post_desc":"","disable_ad":"0"},"jnews_primary_category":{"id":""},"jnews_social_meta":{"fb_title":"","fb_description":"","fb_image":"","twitter_title":"","twitter_description":"","twitter_image":""},"jnews_review":[],"enable_review":"0","type":"percentage","name":"","summary":"","brand":"","sku":"","good":[{"good_text":""}],"bad":[{"bad_text":""}],"score_override":"","override_value":"","rating":[{"rating_text":"","rating_number":"10"}],"price":[{"shop":"","price":"","link":"","icon":""}],"jnews_override_counter":{"override_view_counter":"0","view_counter_number":"0","override_share_counter":"0","share_counter_number":"0","override_like_counter":"0","like_counter_number":"0","override_dislike_counter":"0","dislike_counter_number":"0"},"jnews_post_split":{"enable_post_split":"0","post_split":[{"template":"1","tag":"h2","numbering":"asc","mode":"normal","first":"0","enable_toc":"0","toc_type":"normal"}]},"footnotes":""},"categories":[341,92],"tags":[],"class_list":["post-36099","post","type-post","status-publish","format-standard","has-post-thumbnail","hentry","category-cdp","category-cta"],"jetpack_featured_media_url":"https:\/\/atecordoba.org\/wp-content\/uploads\/2023\/03\/IMG-20230307-WA0181-e1678207433367.jpg","_links":{"self":[{"href":"https:\/\/atecordoba.org\/index.php?rest_route=\/wp\/v2\/posts\/36099","targetHints":{"allow":["GET"]}}],"collection":[{"href":"https:\/\/atecordoba.org\/index.php?rest_route=\/wp\/v2\/posts"}],"about":[{"href":"https:\/\/atecordoba.org\/index.php?rest_route=\/wp\/v2\/types\/post"}],"author":[{"embeddable":true,"href":"https:\/\/atecordoba.org\/index.php?rest_route=\/wp\/v2\/users\/7"}],"replies":[{"embeddable":true,"href":"https:\/\/atecordoba.org\/index.php?rest_route=%2Fwp%2Fv2%2Fcomments&post=36099"}],"version-history":[{"count":3,"href":"https:\/\/atecordoba.org\/index.php?rest_route=\/wp\/v2\/posts\/36099\/revisions"}],"predecessor-version":[{"id":36127,"href":"https:\/\/atecordoba.org\/index.php?rest_route=\/wp\/v2\/posts\/36099\/revisions\/36127"}],"wp:featuredmedia":[{"embeddable":true,"href":"https:\/\/atecordoba.org\/index.php?rest_route=\/wp\/v2\/media\/36111"}],"wp:attachment":[{"href":"https:\/\/atecordoba.org\/index.php?rest_route=%2Fwp%2Fv2%2Fmedia&parent=36099"}],"wp:term":[{"taxonomy":"category","embeddable":true,"href":"https:\/\/atecordoba.org\/index.php?rest_route=%2Fwp%2Fv2%2Fcategories&post=36099"},{"taxonomy":"post_tag","embeddable":true,"href":"https:\/\/atecordoba.org\/index.php?rest_route=%2Fwp%2Fv2%2Ftags&post=36099"}],"curies":[{"name":"wp","href":"https:\/\/api.w.org\/{rel}","templated":true}]}}