{"id":36091,"date":"2023-03-07T10:03:56","date_gmt":"2023-03-07T13:03:56","guid":{"rendered":"https:\/\/atecordoba.org\/?p=36091"},"modified":"2023-03-07T10:11:03","modified_gmt":"2023-03-07T13:11:03","slug":"8m-construir-igualdad-social","status":"publish","type":"post","link":"https:\/\/atecordoba.org\/?p=36091","title":{"rendered":"8M: construir igualdad social"},"content":{"rendered":"\n<div class=\"wp-block-image\"><figure class=\"alignright size-large is-resized\"><img loading=\"lazy\" decoding=\"async\" src=\"https:\/\/atecordoba.org\/wp-content\/uploads\/2023\/03\/331834589_1227767454811017_9205442866195787435_n-1024x475.jpg\" alt=\"\" class=\"wp-image-36095\" width=\"768\" height=\"356\" \/><\/figure><\/div>\n\n\n\n<p>Nuestra compa\u00f1era Mar\u00eda Isabel D\u00edaz, secretar\u00eda Adjunta de CTA-A Traslasierra y delegada de Salud del Hospital Regional Villa Dolores, se refiri\u00f3 al 8M en el contexto laboral actual de su tarea como Coordinadora del Servicio Social del nosocomio de Traslasierra.<\/p>\n\n\n\n<p>&#8220;Tantas mujeres que hoy seguimos sometidas no s\u00f3lo en lo dom\u00e9stico, sino tambi\u00e9n en lo laboral como lo marca esta fecha 8 de marzo d\u00f3nde muchas mujeres pararon y dijeron \u00a1\u00a1basta!! Por los mismos motivos que pasan y se visibilizan ayer y hoy en las mujeres trabajadoras.<\/p>\n\n\n\n<p>En ese momento la conciencia moviliz\u00f3 a ese grupo de empleadas textiles. La falta de justicia laboral y la desigualdad social, por ende, impuls\u00f3 un momento de reclamo colectivo desde el cansancio, la humillaci\u00f3n y la precarizaci\u00f3n. Hecho funesto, irreparable e hist\u00f3rico, que dio lugar a un impacto social inolvidable. El reclamo de esas mujeres no debe ser tergiversado con una caja de bombones o un ramo de flores. Creo que la lucha se volvi\u00f3 ancestral, sin lugar a dudas.<\/p>\n\n\n\n<p>Es lo que nos venden&#8230;no perdamos la memoria.<\/p>\n\n\n\n<p>Reconozco que a lo largo de la historia fueron de destacar los derechos humanos y laborales alcanzados. \u00a1Pero a\u00fan falta lograr que se construya una igualdad social con respecto a todos los derechos que por ley como ciudadanos nos corresponden, independientemente del g\u00e9nero!<\/p>\n\n\n\n<p>\u00bfQu\u00e9 nos pasa? \u00bfNos paraliza el miedo? \u00bfHay personas con mucho poder, el sistema, sectores hegem\u00f3nicos de la sociedad que nos quieren &#8220;arriar&#8221; como ganado?<\/p>\n\n\n\n<p>Yo seguir\u00e9 pensando que hay un futuro mejor. No temo a nada, no cambiar\u00e9 mi forma de pensar. No me puedo silenciar cuando hay derechos sociales que dependen de una decisi\u00f3n unilateral con tan solo subir o bajar el pulgar. No voy a bajar los brazos, pero siento que esto debe tener una onda expansiva. Basta de tanta ignominia y violencia. Queremos una ciudad y un pa\u00eds productivo, d\u00e9jenos ser. \u00a1Apoyen y escuchen nuestras voces!<\/p>\n\n\n\n<p>Hace 95 a\u00f1os fue este tr\u00e1gico suceso d\u00f3nde perdieron la vida mujeres trabajadoras, explotadas, vulneradas, cansadas de una remuneraci\u00f3n l\u00edquida, inconsistente, \u00ednfima, sin posibilidades de proyecci\u00f3n a una vida digna. Casi un siglo y seguimos en algunos espacios laborales peleando por lo mismo. Si existe en este d\u00eda un momento de celebraci\u00f3n, que sea para reconocer lo que valemos, lo que podemos aportar a la sociedad, con SALARIOS DIGNOS, y trabajar por el sueldo, por la necesidad, por vocaci\u00f3n, por lo que sea que nos incentive, pero que se nos respete&#8221;.<\/p>\n","protected":false},"excerpt":{"rendered":"<p>Nuestra compa\u00f1era Mar\u00eda Isabel D\u00edaz, secretar\u00eda Adjunta de CTA-A Traslasierra y delegada de Salud del Hospital Regional Villa Dolores, se refiri\u00f3 al 8M en el contexto laboral actual de su tarea como Coordinadora del Servicio Social del nosocomio de Traslasierra. &#8220;Tantas mujeres que hoy seguimos sometidas no s\u00f3lo en lo dom\u00e9stico, sino tambi\u00e9n en lo [&hellip;]<\/p>\n","protected":false},"author":7,"featured_media":36095,"comment_status":"open","ping_status":"open","sticky":false,"template":"","format":"standard","meta":{"_exactmetrics_skip_tracking":false,"_exactmetrics_sitenote_active":false,"_exactmetrics_sitenote_note":"","_exactmetrics_sitenote_category":0,"jnews-multi-image_gallery":[],"jnews_single_post":{"subtitle":"Referente de ATE Traslasierra y secretaria Adjunta de la CTAA del valle, Mar\u00eda Isabel Diaz valor\u00f3 la lucha que celebra el D\u00eda de las Mujeres.","format":"standard","video":"","gallery":"","source_name":"","source_url":"","via_name":"","via_url":"","override_template":"0","override":[{"template":"1","single_blog_custom":"","parallax":"1","fullscreen":"1","layout":"right-sidebar","sidebar":"default-sidebar","second_sidebar":"default-sidebar","sticky_sidebar":"1","share_position":"top","share_float_style":"share-monocrhome","show_share_counter":"1","show_view_counter":"1","show_featured":"1","show_post_meta":"1","show_post_author":"1","show_post_author_image":"1","show_post_date":"1","post_date_format":"default","post_date_format_custom":"Y\/m\/d","show_post_category":"1","show_post_reading_time":"0","post_reading_time_wpm":"300","show_zoom_button":"0","zoom_button_out_step":"2","zoom_button_in_step":"3","show_post_tag":"1","show_prev_next_post":"1","show_popup_post":"1","number_popup_post":"1","show_author_box":"0","show_post_related":"0","show_inline_post_related":"0"}],"override_image_size":"0","image_override":[{"single_post_thumbnail_size":"crop-500","single_post_gallery_size":"crop-500"}],"trending_post":"0","trending_post_position":"meta","trending_post_label":"Trending","sponsored_post":"0","sponsored_post_label":"Sponsored by","sponsored_post_name":"","sponsored_post_url":"","sponsored_post_logo_enable":"0","sponsored_post_logo":"","sponsored_post_desc":"","disable_ad":"0"},"jnews_primary_category":{"id":""},"jnews_social_meta":{"fb_title":"","fb_description":"","fb_image":"","twitter_title":"","twitter_description":"","twitter_image":""},"jnews_review":[],"enable_review":"0","type":"percentage","name":"","summary":"","brand":"","sku":"","good":[{"good_text":""}],"bad":[{"bad_text":""}],"score_override":"","override_value":"","rating":[{"rating_text":"","rating_number":"10"}],"price":[{"shop":"","price":"","link":"","icon":""}],"jnews_override_counter":{"override_view_counter":"0","view_counter_number":"0","override_share_counter":"0","share_counter_number":"0","override_like_counter":"0","like_counter_number":"0","override_dislike_counter":"0","dislike_counter_number":"0"},"jnews_post_split":{"enable_post_split":"0","post_split":[{"template":"1","tag":"h2","numbering":"asc","mode":"normal","first":"0","enable_toc":"0","toc_type":"normal"}]},"footnotes":""},"categories":[325],"tags":[],"class_list":["post-36091","post","type-post","status-publish","format-standard","has-post-thumbnail","hentry","category-generos-y-diversidades"],"jetpack_featured_media_url":"https:\/\/atecordoba.org\/wp-content\/uploads\/2023\/03\/331834589_1227767454811017_9205442866195787435_n-e1678194602773.jpg","_links":{"self":[{"href":"https:\/\/atecordoba.org\/index.php?rest_route=\/wp\/v2\/posts\/36091","targetHints":{"allow":["GET"]}}],"collection":[{"href":"https:\/\/atecordoba.org\/index.php?rest_route=\/wp\/v2\/posts"}],"about":[{"href":"https:\/\/atecordoba.org\/index.php?rest_route=\/wp\/v2\/types\/post"}],"author":[{"embeddable":true,"href":"https:\/\/atecordoba.org\/index.php?rest_route=\/wp\/v2\/users\/7"}],"replies":[{"embeddable":true,"href":"https:\/\/atecordoba.org\/index.php?rest_route=%2Fwp%2Fv2%2Fcomments&post=36091"}],"version-history":[{"count":2,"href":"https:\/\/atecordoba.org\/index.php?rest_route=\/wp\/v2\/posts\/36091\/revisions"}],"predecessor-version":[{"id":36097,"href":"https:\/\/atecordoba.org\/index.php?rest_route=\/wp\/v2\/posts\/36091\/revisions\/36097"}],"wp:featuredmedia":[{"embeddable":true,"href":"https:\/\/atecordoba.org\/index.php?rest_route=\/wp\/v2\/media\/36095"}],"wp:attachment":[{"href":"https:\/\/atecordoba.org\/index.php?rest_route=%2Fwp%2Fv2%2Fmedia&parent=36091"}],"wp:term":[{"taxonomy":"category","embeddable":true,"href":"https:\/\/atecordoba.org\/index.php?rest_route=%2Fwp%2Fv2%2Fcategories&post=36091"},{"taxonomy":"post_tag","embeddable":true,"href":"https:\/\/atecordoba.org\/index.php?rest_route=%2Fwp%2Fv2%2Ftags&post=36091"}],"curies":[{"name":"wp","href":"https:\/\/api.w.org\/{rel}","templated":true}]}}