{"id":3607,"date":"2013-11-13T18:55:51","date_gmt":"2013-11-13T21:55:51","guid":{"rendered":"http:\/\/www.atecordoba.org\/?p=3607"},"modified":"2013-11-13T18:55:51","modified_gmt":"2013-11-13T21:55:51","slug":"trabajadores-del-pami-celebran-su-dia","status":"publish","type":"post","link":"https:\/\/atecordoba.org\/?p=3607","title":{"rendered":"Trabajadores del PAMI celebran su D\u00eda"},"content":{"rendered":"<div><em>Uno de los logros paritarios de los compa\u00f1eros fue conseguir que se reconociera al\u00a013 de noviembre\u00a0como el D\u00eda del Trabajador del Programa de Atenci\u00f3n M\u00e9dica Integral (PAMI).<\/em><\/div>\n<div><\/div>\n<div><\/div>\n<div><a href=\"http:\/\/www.atecordoba.org\/wp-content\/uploads\/2013\/11\/PAMI.jpg\"><img loading=\"lazy\" decoding=\"async\" class=\"aligncenter  wp-image-3608\" alt=\"PAMI\" src=\"http:\/\/www.atecordoba.org\/wp-content\/uploads\/2013\/11\/PAMI.jpg\" width=\"540\" height=\"404\" \/><\/a><\/div>\n<div>Desde la Asociaci\u00f3n Trabajadores del Estado saludamos a los compa\u00f1eros que en cada jornada brindan un servicio tan esencial como es el de la obra social de jubilados y pensionados. Asimismo refrendamos una vez m\u00e1s nuestro compromiso en continuar la pelea hasta que logremos el 82% m\u00f3vil para todos los jubilados del pa\u00eds.<\/div>\n<div><\/div>\n<div>Mar\u00eda Teresa Romero<\/div>\n<div>Secretaria General<\/div>\n<div>ATE C\u00f3rdoba<\/div>\n","protected":false},"excerpt":{"rendered":"<p>Uno de los logros paritarios de los compa\u00f1eros fue conseguir que se reconociera al\u00a013 de noviembre\u00a0como el D\u00eda del Trabajador del Programa de Atenci\u00f3n M\u00e9dica Integral (PAMI). Desde la Asociaci\u00f3n Trabajadores del Estado saludamos a los compa\u00f1eros que en cada jornada brindan un servicio tan esencial como es el de la obra social de jubilados [&hellip;]<\/p>\n","protected":false},"author":1,"featured_media":19220,"comment_status":"open","ping_status":"open","sticky":false,"template":"","format":"standard","meta":{"_exactmetrics_skip_tracking":false,"_exactmetrics_sitenote_active":false,"_exactmetrics_sitenote_note":"","_exactmetrics_sitenote_category":0,"jnews-multi-image_gallery":[],"jnews_single_post":[],"jnews_primary_category":[],"jnews_social_meta":[],"jnews_review":[],"enable_review":"","type":"","name":"","summary":"","brand":"","sku":"","good":[],"bad":[],"score_override":"","override_value":"","rating":[],"price":[],"jnews_override_counter":[],"jnews_post_split":[],"footnotes":""},"categories":[53,8],"tags":[],"class_list":["post-3607","post","type-post","status-publish","format-standard","has-post-thumbnail","hentry","category-comunicados-de-prensa","category-provinciales"],"jetpack_featured_media_url":"https:\/\/atecordoba.org\/wp-content\/uploads\/2020\/05\/logo-nuevochico-e1561581322808.png","_links":{"self":[{"href":"https:\/\/atecordoba.org\/index.php?rest_route=\/wp\/v2\/posts\/3607","targetHints":{"allow":["GET"]}}],"collection":[{"href":"https:\/\/atecordoba.org\/index.php?rest_route=\/wp\/v2\/posts"}],"about":[{"href":"https:\/\/atecordoba.org\/index.php?rest_route=\/wp\/v2\/types\/post"}],"author":[{"embeddable":true,"href":"https:\/\/atecordoba.org\/index.php?rest_route=\/wp\/v2\/users\/1"}],"replies":[{"embeddable":true,"href":"https:\/\/atecordoba.org\/index.php?rest_route=%2Fwp%2Fv2%2Fcomments&post=3607"}],"version-history":[{"count":0,"href":"https:\/\/atecordoba.org\/index.php?rest_route=\/wp\/v2\/posts\/3607\/revisions"}],"wp:featuredmedia":[{"embeddable":true,"href":"https:\/\/atecordoba.org\/index.php?rest_route=\/wp\/v2\/media\/19220"}],"wp:attachment":[{"href":"https:\/\/atecordoba.org\/index.php?rest_route=%2Fwp%2Fv2%2Fmedia&parent=3607"}],"wp:term":[{"taxonomy":"category","embeddable":true,"href":"https:\/\/atecordoba.org\/index.php?rest_route=%2Fwp%2Fv2%2Fcategories&post=3607"},{"taxonomy":"post_tag","embeddable":true,"href":"https:\/\/atecordoba.org\/index.php?rest_route=%2Fwp%2Fv2%2Ftags&post=3607"}],"curies":[{"name":"wp","href":"https:\/\/api.w.org\/{rel}","templated":true}]}}