{"id":36045,"date":"2023-03-03T11:47:37","date_gmt":"2023-03-03T14:47:37","guid":{"rendered":"https:\/\/atecordoba.org\/?p=36045"},"modified":"2023-03-03T13:10:33","modified_gmt":"2023-03-03T16:10:33","slug":"ate-cordoba-repudia-el-accionar-de-la-superintendencia-de-riesgos-de-trabajo","status":"publish","type":"post","link":"https:\/\/atecordoba.org\/?p=36045","title":{"rendered":"ATE C\u00f3rdoba repudia el accionar de la Superintendencia de Riesgos de Trabajo"},"content":{"rendered":"\n<figure class=\"wp-block-gallery has-nested-images columns-default is-cropped wp-block-gallery-1 is-layout-flex wp-block-gallery-is-layout-flex\">\n<figure class=\"wp-block-image size-large\"><a href=\"https:\/\/atecordoba.org\/wp-content\/uploads\/2023\/03\/Comunicado-ATE-SRT_Pagina_1-1-scaled.jpg\" target=\"_blank\" rel=\"noopener\"><img loading=\"lazy\" decoding=\"async\" width=\"794\" height=\"1024\" data-id=\"36064\" src=\"https:\/\/atecordoba.org\/wp-content\/uploads\/2023\/03\/Comunicado-ATE-SRT_Pagina_1-1-794x1024.jpg\" alt=\"\" class=\"wp-image-36064\" srcset=\"https:\/\/atecordoba.org\/wp-content\/uploads\/2023\/03\/Comunicado-ATE-SRT_Pagina_1-1-794x1024.jpg 794w, https:\/\/atecordoba.org\/wp-content\/uploads\/2023\/03\/Comunicado-ATE-SRT_Pagina_1-1-233x300.jpg 233w, https:\/\/atecordoba.org\/wp-content\/uploads\/2023\/03\/Comunicado-ATE-SRT_Pagina_1-1-768x991.jpg 768w, https:\/\/atecordoba.org\/wp-content\/uploads\/2023\/03\/Comunicado-ATE-SRT_Pagina_1-1-1191x1536.jpg 1191w, https:\/\/atecordoba.org\/wp-content\/uploads\/2023\/03\/Comunicado-ATE-SRT_Pagina_1-1-1588x2048.jpg 1588w, https:\/\/atecordoba.org\/wp-content\/uploads\/2023\/03\/Comunicado-ATE-SRT_Pagina_1-1-750x967.jpg 750w, https:\/\/atecordoba.org\/wp-content\/uploads\/2023\/03\/Comunicado-ATE-SRT_Pagina_1-1-1140x1471.jpg 1140w, https:\/\/atecordoba.org\/wp-content\/uploads\/2023\/03\/Comunicado-ATE-SRT_Pagina_1-1-scaled.jpg 1985w\" sizes=\"auto, (max-width: 794px) 100vw, 794px\" \/><\/a><\/figure>\n\n\n\n<figure class=\"wp-block-image size-large\"><a href=\"https:\/\/atecordoba.org\/wp-content\/uploads\/2023\/03\/Comunicado-ATE-SRT_Pagina_2-1-scaled.jpg\" target=\"_blank\" rel=\"noopener\"><img loading=\"lazy\" decoding=\"async\" width=\"794\" height=\"1024\" data-id=\"36065\" src=\"https:\/\/atecordoba.org\/wp-content\/uploads\/2023\/03\/Comunicado-ATE-SRT_Pagina_2-1-794x1024.jpg\" alt=\"\" class=\"wp-image-36065\" srcset=\"https:\/\/atecordoba.org\/wp-content\/uploads\/2023\/03\/Comunicado-ATE-SRT_Pagina_2-1-794x1024.jpg 794w, https:\/\/atecordoba.org\/wp-content\/uploads\/2023\/03\/Comunicado-ATE-SRT_Pagina_2-1-233x300.jpg 233w, https:\/\/atecordoba.org\/wp-content\/uploads\/2023\/03\/Comunicado-ATE-SRT_Pagina_2-1-768x991.jpg 768w, https:\/\/atecordoba.org\/wp-content\/uploads\/2023\/03\/Comunicado-ATE-SRT_Pagina_2-1-1191x1536.jpg 1191w, https:\/\/atecordoba.org\/wp-content\/uploads\/2023\/03\/Comunicado-ATE-SRT_Pagina_2-1-1588x2048.jpg 1588w, https:\/\/atecordoba.org\/wp-content\/uploads\/2023\/03\/Comunicado-ATE-SRT_Pagina_2-1-750x967.jpg 750w, https:\/\/atecordoba.org\/wp-content\/uploads\/2023\/03\/Comunicado-ATE-SRT_Pagina_2-1-1140x1471.jpg 1140w, https:\/\/atecordoba.org\/wp-content\/uploads\/2023\/03\/Comunicado-ATE-SRT_Pagina_2-1-scaled.jpg 1985w\" sizes=\"auto, (max-width: 794px) 100vw, 794px\" \/><\/a><\/figure>\n<\/figure>\n\n\n\n<p>La Superintendencia de Riesgos de Trabajo incumpli\u00f3 la normativa vigente y omiti\u00f3 convocar a ATE en un inspecci\u00f3n de su propia sede de Rivadavia 767, C\u00f3rdoba Capital, para constatar los avances en la obra de refacciones por la ca\u00edda de un techo del edificio que de casualidad no caus\u00f3 una tragedia, ya que solo result\u00f3 una trabajadora levemente herida por el suceso.<\/p>\n\n\n\n<p>Cronol\u00f3gicamente, tras el derrumbe del techo el pasado 31 de enero en el edificio, sede de la Comisi\u00f3n M\u00e9dica 05 de la Superintendencia de Riesgos del Trabajo (SRT), ATE C\u00f3rdoba logr\u00f3 que desde la SRT Central dispongan la reparaci\u00f3n del mismo por lo que el edificio se cerr\u00f3 y las y los compa\u00f1eros se encuentran trabajando modalidad 50\/50 o virtual.<\/p>\n\n\n\n<div class=\"wp-block-image\"><figure class=\"aligncenter size-large is-resized\"><img loading=\"lazy\" decoding=\"async\" src=\"https:\/\/atecordoba.org\/wp-content\/uploads\/2023\/03\/IMG-20220608-WA0033-1024x576.jpg\" alt=\"\" class=\"wp-image-36046\" width=\"768\" height=\"432\"\/><\/figure><\/div>\n\n\n\n<p>Vale recordar que es el tercer techo que se derrumba desde 2020 en el sector, donde la desidia de las autoridades genera estos accidentes toda vez que son prevenibles, situaci\u00f3n sumamente grave y repudiable en el ente madre de la salud y seguridad de las y los trabajadores.<\/p>\n\n\n\n<div class=\"wp-block-image\"><figure class=\"alignright size-large is-resized\"><img loading=\"lazy\" decoding=\"async\" src=\"https:\/\/atecordoba.org\/wp-content\/uploads\/2023\/03\/portada-1024x576.jpg\" alt=\"\" class=\"wp-image-36047\" width=\"512\" height=\"288\" srcset=\"https:\/\/atecordoba.org\/wp-content\/uploads\/2023\/03\/portada-1024x576.jpg 1024w, https:\/\/atecordoba.org\/wp-content\/uploads\/2023\/03\/portada-300x169.jpg 300w, https:\/\/atecordoba.org\/wp-content\/uploads\/2023\/03\/portada-768x432.jpg 768w, https:\/\/atecordoba.org\/wp-content\/uploads\/2023\/03\/portada-1536x864.jpg 1536w, https:\/\/atecordoba.org\/wp-content\/uploads\/2023\/03\/portada-750x422.jpg 750w, https:\/\/atecordoba.org\/wp-content\/uploads\/2023\/03\/portada-1140x641.jpg 1140w, https:\/\/atecordoba.org\/wp-content\/uploads\/2023\/03\/portada.jpg 1600w\" sizes=\"auto, (max-width: 512px) 100vw, 512px\" \/><\/figure><\/div>\n\n\n\n<p>Por tal motivo y tras dar aviso formal a la directiva local, miembros del Departamento de Salud Laboral de este Consejo Directivo Provincial se hicieron presentes en la oportunidad en el edificio para realizar una inspecci\u00f3n sindical de Condiciones y Medio Ambiente de Trabajo. Sin embargo, el se\u00f1or Gustavo Xamena, Subgerente de Comisiones M\u00e9dicas de la SRT, impidi\u00f3 el ingreso de la delegaci\u00f3n. Se trata de un funcionario que arrastra numerosas denuncias por parte de nuestro sindicato por persecuci\u00f3n, hostigamiento, irregularidades, entre otras y que prohibi\u00f3 el acceso informando que ten\u00eda &#8220;\u00f3rdenes de arriba&#8221;, incurriendo as\u00ed en un grave desconocimiento de las leyes y resoluciones que, entre otros derechos, permiten a las trabajadoras, trabajadores y a los sindicatos que los representan, controlar el cumplimiento de los Convenios Colectivos de Trabajo y de la normativa vigente, desnudando su brutal ignorancia como funcionario del ente regidor del actual Sistema de Riesgos del Trabajo. \u00a0<\/p>\n\n\n\n<p>Ante este panorama, denunciamos el hecho al Superintendente de Riesgos del Trabajo, Enrique Cossio, y al Gerente General del organismo, Marcelo Dom\u00ednguez, para exigirles que informen de manera fehaciente a nuestra organizaci\u00f3n los motivos por los cuales se ha negado la inspecci\u00f3n anteriormente mencionada, petici\u00f3n que a casi un mes de realizada, sigue sin respuesta efectiva.&nbsp;<\/p>\n\n\n\n<p>Por otro lado hicimos la denuncia al Ministerio de Trabajo de la Provincia de C\u00f3rdoba para que disponga una Inspecci\u00f3n de Higiene y Seguridad en el sector. &nbsp;Tambi\u00e9n denunciamos al Ministerio de Trabajo de la Naci\u00f3n para que arbitre los medios y se tomen todas las medidas correctivas correspondientes, tanto edilicias como organizativas y operacionales, para salvaguardar la salud y vida de las y los trabajadores del organismo, como as\u00ed tambi\u00e9n de las y los usuarios.<\/p>\n\n\n\n<p><strong>Inspecci\u00f3n Cymat a espaldas de ATE<\/strong><\/p>\n\n\n\n<div class=\"wp-block-image\"><figure class=\"alignleft size-large is-resized\"><img loading=\"lazy\" decoding=\"async\" src=\"https:\/\/atecordoba.org\/wp-content\/uploads\/2023\/03\/portada2-1024x576.jpg\" alt=\"\" class=\"wp-image-36048\" width=\"512\" height=\"288\" srcset=\"https:\/\/atecordoba.org\/wp-content\/uploads\/2023\/03\/portada2-1024x576.jpg 1024w, https:\/\/atecordoba.org\/wp-content\/uploads\/2023\/03\/portada2-300x169.jpg 300w, https:\/\/atecordoba.org\/wp-content\/uploads\/2023\/03\/portada2-768x432.jpg 768w, https:\/\/atecordoba.org\/wp-content\/uploads\/2023\/03\/portada2-1536x864.jpg 1536w, https:\/\/atecordoba.org\/wp-content\/uploads\/2023\/03\/portada2-750x422.jpg 750w, https:\/\/atecordoba.org\/wp-content\/uploads\/2023\/03\/portada2-1140x641.jpg 1140w, https:\/\/atecordoba.org\/wp-content\/uploads\/2023\/03\/portada2.jpg 1600w\" sizes=\"auto, (max-width: 512px) 100vw, 512px\" \/><\/figure><\/div>\n\n\n\n<p>Gracias a la lucha de ATE C\u00f3rdoba en relaci\u00f3n a este conflicto, se logr\u00f3 reabrir la Comisi\u00f3n CyMAT del organismo, la cual resolvi\u00f3 una inspecci\u00f3n en el edificio para el d\u00eda 1\u00ba de marzo del corriente. Esta inspecci\u00f3n fue dictaminada inorg\u00e1nicamente y a espaldas de nuestra ATE ya que nunca se nos inform\u00f3 formalmente. Esto representa una doble falta de voluntad pol\u00edtica, de respeto e incumplimiento de la normativa anteriormente destacada por parte de las autoridades, que NO dieron curso a lo que en su oportunidad le exigimos al Superintendente Enrique Cossio: que se cite a ATE C\u00f3rdoba al momento de concretar esta inspecci\u00f3n CyMAT. Es por esto que sostenemos que el proceso inspectivo NO TUVO LEGITIMIDAD porque no convocaron a agentes locales que conocen de primera mano las problem\u00e1ticas del territorio, incluso le prohibieron el acceso a nuestra Delegada de base que trabaja en el lugar.&nbsp;<\/p>\n\n\n\n<p>Dicha inspecci\u00f3n se limit\u00f3 al control del avance de obra sobre el techo derrumbado y no de uno integral sobre todo el edificio como pretende ATE C\u00f3rdoba, que es lo que corresponde.<\/p>\n\n\n\n<p>Es importante destacar que las autoridades de la SRT permitieron la intromisi\u00f3n del Secretario General de la Junta Interna ATE-SRT Central (Verde y Blanca) Ra\u00fal G\u00f3mez, al designarlo dentro de la comitiva y que nada ten\u00eda que hacer en C\u00f3rdoba.&nbsp;Es el mismo G\u00f3mez que brill\u00f3 por su ausencia en nuestra pelea por revertir cinco despidos en C\u00f3rdoba el a\u00f1o pasado y que est\u00e1 sindicado por los compa\u00f1eros y compa\u00f1eras de la SRT como claudicante ante las autoridades, al punto que \u201cbaj\u00f3\u201d una medida de fuerza en diciembre pasado resuelta en asamblea convocada por el Consejo Directivo Nacional de ATE y firmada por Flavio Vergara, Director del Departamento de Negociaci\u00f3n Colectiva de nuestro sindicato a nivel pa\u00eds. Gomez asegur\u00f3 v\u00eda e-mail que el \u00fanico mandato leg\u00edtimo de representaci\u00f3n gremial dentro de la SRT para todos y todas las trabajadoras del pa\u00edses el de la Junta Interna ATE-SRT, desconociendo e incumpliendo de manera artera el Estatuto de nuestro sindicato que establece la autonom\u00eda gremial para la realizaci\u00f3n de planes de lucha, paros, asambleas, entre otros.<\/p>\n\n\n\n<div class=\"wp-block-image\"><figure class=\"alignright size-large is-resized\"><img loading=\"lazy\" decoding=\"async\" src=\"https:\/\/atecordoba.org\/wp-content\/uploads\/2023\/03\/IMG-20220608-WA0012-1024x576.jpg\" alt=\"\" class=\"wp-image-36049\" width=\"512\" height=\"288\" srcset=\"https:\/\/atecordoba.org\/wp-content\/uploads\/2023\/03\/IMG-20220608-WA0012-1024x576.jpg 1024w, https:\/\/atecordoba.org\/wp-content\/uploads\/2023\/03\/IMG-20220608-WA0012-300x169.jpg 300w, https:\/\/atecordoba.org\/wp-content\/uploads\/2023\/03\/IMG-20220608-WA0012-768x432.jpg 768w, https:\/\/atecordoba.org\/wp-content\/uploads\/2023\/03\/IMG-20220608-WA0012-1536x864.jpg 1536w, https:\/\/atecordoba.org\/wp-content\/uploads\/2023\/03\/IMG-20220608-WA0012-750x422.jpg 750w, https:\/\/atecordoba.org\/wp-content\/uploads\/2023\/03\/IMG-20220608-WA0012-1140x641.jpg 1140w, https:\/\/atecordoba.org\/wp-content\/uploads\/2023\/03\/IMG-20220608-WA0012.jpg 1600w\" sizes=\"auto, (max-width: 512px) 100vw, 512px\" \/><\/figure><\/div>\n\n\n\n<p>Desde ATE C\u00f3rdoba iniciamos, mantenemos y rodeamos org\u00e1nicamente el conflicto en la SRT con leg\u00edtima representatividad y autonom\u00eda de la mano de su Cuerpo de Delegadxs y gracias a los aportes del Departamento de Asuntos Nacionales, a las gestiones del Departamento de Salud Laboral, y al apoyo del Consejo Directivo Provincial.<\/p>\n\n\n\n<p>Por ello repudiamos y nos mostramos en estado de alerta ante tanta desidia y desconocimiento por parte de las autoridades de la SRT, tanto locales como nacionales.<\/p>\n\n\n\n<p>Es inaceptable que el organismo que debe ser faro en el cumplimiento de la normativa vigente para garantizar el bienestar y la salud de sus trabajadores y trabajadoras, no brinde las adecuadas Condiciones y Medio Ambiente de Trabajo (CyMAT).<\/p>\n\n\n\n<p class=\"has-text-align-center\"><strong>Departamento de Salud Laboral y Medio Ambiente de Trabajo<\/strong><\/p>\n\n\n\n<p class=\"has-text-align-center\"><strong>Consejo Directivo Provincial ATE C\u00f3rdoba<\/strong><\/p>\n","protected":false},"excerpt":{"rendered":"<p>La Superintendencia de Riesgos de Trabajo incumpli\u00f3 la normativa vigente y omiti\u00f3 convocar a ATE en un inspecci\u00f3n de su propia sede de Rivadavia 767, C\u00f3rdoba Capital, para constatar los avances en la obra de refacciones por la ca\u00edda de un techo del edificio que de casualidad no caus\u00f3 una tragedia, ya que solo result\u00f3 [&hellip;]<\/p>\n","protected":false},"author":7,"featured_media":36046,"comment_status":"open","ping_status":"open","sticky":false,"template":"","format":"standard","meta":{"_exactmetrics_skip_tracking":false,"_exactmetrics_sitenote_active":false,"_exactmetrics_sitenote_note":"","_exactmetrics_sitenote_category":0,"jnews-multi-image_gallery":[],"jnews_single_post":{"subtitle":"Es inaceptable que el organismo que debe ser faro en el cumplimiento de la normativa vigente para garantizar el bienestar y la salud de sus trabajadores y trabajadoras, no brinde las adecuadas Condiciones y Medio Ambiente de Trabajo.","format":"standard","video":"","gallery":"","source_name":"","source_url":"","via_name":"","via_url":"","override_template":"0","override":[{"template":"1","single_blog_custom":"","parallax":"1","fullscreen":"1","layout":"right-sidebar","sidebar":"default-sidebar","second_sidebar":"default-sidebar","sticky_sidebar":"1","share_position":"top","share_float_style":"share-monocrhome","show_share_counter":"1","show_view_counter":"1","show_featured":"1","show_post_meta":"1","show_post_author":"1","show_post_author_image":"1","show_post_date":"1","post_date_format":"default","post_date_format_custom":"Y\/m\/d","show_post_category":"1","show_post_reading_time":"0","post_reading_time_wpm":"300","show_zoom_button":"0","zoom_button_out_step":"2","zoom_button_in_step":"3","show_post_tag":"1","show_prev_next_post":"1","show_popup_post":"1","number_popup_post":"1","show_author_box":"0","show_post_related":"0","show_inline_post_related":"0"}],"override_image_size":"0","image_override":[{"single_post_thumbnail_size":"crop-500","single_post_gallery_size":"crop-500"}],"trending_post":"0","trending_post_position":"meta","trending_post_label":"Trending","sponsored_post":"0","sponsored_post_label":"Sponsored by","sponsored_post_name":"","sponsored_post_url":"","sponsored_post_logo_enable":"0","sponsored_post_logo":"","sponsored_post_desc":"","disable_ad":"0"},"jnews_primary_category":{"id":""},"jnews_social_meta":{"fb_title":"","fb_description":"","fb_image":"","twitter_title":"","twitter_description":"","twitter_image":""},"jnews_review":[],"enable_review":"0","type":"percentage","name":"","summary":"","brand":"","sku":"","good":[{"good_text":""}],"bad":[{"bad_text":""}],"score_override":"","override_value":"","rating":[{"rating_text":"","rating_number":"10"}],"price":[{"shop":"","price":"","link":"","icon":""}],"jnews_override_counter":{"override_view_counter":"0","view_counter_number":"0","override_share_counter":"0","share_counter_number":"0","override_like_counter":"0","like_counter_number":"0","override_dislike_counter":"0","dislike_counter_number":"0"},"jnews_post_split":{"enable_post_split":"0","post_split":[{"template":"1","tag":"h2","numbering":"asc","mode":"normal","first":"0","enable_toc":"0","toc_type":"normal"}]},"footnotes":""},"categories":[53,18],"tags":[],"class_list":["post-36045","post","type-post","status-publish","format-standard","has-post-thumbnail","hentry","category-comunicados-de-prensa","category-nacionales"],"jetpack_featured_media_url":"https:\/\/atecordoba.org\/wp-content\/uploads\/2023\/03\/IMG-20220608-WA0033-e1677854852383.jpg","_links":{"self":[{"href":"https:\/\/atecordoba.org\/index.php?rest_route=\/wp\/v2\/posts\/36045","targetHints":{"allow":["GET"]}}],"collection":[{"href":"https:\/\/atecordoba.org\/index.php?rest_route=\/wp\/v2\/posts"}],"about":[{"href":"https:\/\/atecordoba.org\/index.php?rest_route=\/wp\/v2\/types\/post"}],"author":[{"embeddable":true,"href":"https:\/\/atecordoba.org\/index.php?rest_route=\/wp\/v2\/users\/7"}],"replies":[{"embeddable":true,"href":"https:\/\/atecordoba.org\/index.php?rest_route=%2Fwp%2Fv2%2Fcomments&post=36045"}],"version-history":[{"count":5,"href":"https:\/\/atecordoba.org\/index.php?rest_route=\/wp\/v2\/posts\/36045\/revisions"}],"predecessor-version":[{"id":36067,"href":"https:\/\/atecordoba.org\/index.php?rest_route=\/wp\/v2\/posts\/36045\/revisions\/36067"}],"wp:featuredmedia":[{"embeddable":true,"href":"https:\/\/atecordoba.org\/index.php?rest_route=\/wp\/v2\/media\/36046"}],"wp:attachment":[{"href":"https:\/\/atecordoba.org\/index.php?rest_route=%2Fwp%2Fv2%2Fmedia&parent=36045"}],"wp:term":[{"taxonomy":"category","embeddable":true,"href":"https:\/\/atecordoba.org\/index.php?rest_route=%2Fwp%2Fv2%2Fcategories&post=36045"},{"taxonomy":"post_tag","embeddable":true,"href":"https:\/\/atecordoba.org\/index.php?rest_route=%2Fwp%2Fv2%2Ftags&post=36045"}],"curies":[{"name":"wp","href":"https:\/\/api.w.org\/{rel}","templated":true}]}}