{"id":35986,"date":"2023-03-01T12:27:56","date_gmt":"2023-03-01T15:27:56","guid":{"rendered":"https:\/\/atecordoba.org\/?p=35986"},"modified":"2023-03-01T12:28:54","modified_gmt":"2023-03-01T15:28:54","slug":"marcha-al-panal-seguimos-construyendo-unidad-en-la-accion-y-suma-repudios-la-politica-de-schiaretti","status":"publish","type":"post","link":"https:\/\/atecordoba.org\/?p=35986","title":{"rendered":"Marcha al Panal: Seguimos construyendo unidad en la acci\u00f3n y suma repudios la pol\u00edtica de Schiaretti"},"content":{"rendered":"\n<p><\/p>\n\n\n\n<div class=\"wp-block-image\"><figure class=\"alignright size-large is-resized\"><img loading=\"lazy\" decoding=\"async\" src=\"https:\/\/atecordoba.org\/wp-content\/uploads\/2023\/03\/WhatsApp-Image-2023-03-01-at-11.55.59-1024x1024.jpeg\" alt=\"\" class=\"wp-image-35987\" width=\"512\" height=\"512\" srcset=\"https:\/\/atecordoba.org\/wp-content\/uploads\/2023\/03\/WhatsApp-Image-2023-03-01-at-11.55.59-1024x1024.jpeg 1024w, https:\/\/atecordoba.org\/wp-content\/uploads\/2023\/03\/WhatsApp-Image-2023-03-01-at-11.55.59-300x300.jpeg 300w, https:\/\/atecordoba.org\/wp-content\/uploads\/2023\/03\/WhatsApp-Image-2023-03-01-at-11.55.59-150x150.jpeg 150w, https:\/\/atecordoba.org\/wp-content\/uploads\/2023\/03\/WhatsApp-Image-2023-03-01-at-11.55.59-768x768.jpeg 768w, https:\/\/atecordoba.org\/wp-content\/uploads\/2023\/03\/WhatsApp-Image-2023-03-01-at-11.55.59-560x560.jpeg 560w, https:\/\/atecordoba.org\/wp-content\/uploads\/2023\/03\/WhatsApp-Image-2023-03-01-at-11.55.59-75x75.jpeg 75w, https:\/\/atecordoba.org\/wp-content\/uploads\/2023\/03\/WhatsApp-Image-2023-03-01-at-11.55.59-350x350.jpeg 350w, https:\/\/atecordoba.org\/wp-content\/uploads\/2023\/03\/WhatsApp-Image-2023-03-01-at-11.55.59-750x750.jpeg 750w, https:\/\/atecordoba.org\/wp-content\/uploads\/2023\/03\/WhatsApp-Image-2023-03-01-at-11.55.59.jpeg 1081w\" sizes=\"auto, (max-width: 512px) 100vw, 512px\" \/><\/figure><\/div>\n\n\n\n<p>El secretario General de ATE C\u00f3rdoba y la CTA Aut\u00f3noma provincia de C\u00f3rdoba, Federico Giuliani, dio a conocer los principales lineamientos que convocan a la marcha que se realizar\u00e1 ma\u00f1ana en C\u00f3rdoba Capital para repudiar la pol\u00edtica de ajuste del gobierno provincial que encabeza Juan Schiaretti. La concentraci\u00f3n se llevar\u00e1 a cabo a las 10 horas en Col\u00f3n y General Paz, para movilizar a El Panal. <\/p>\n\n\n\n<p>En comunicaci\u00f3n con el programa radial Entre Todos y Todas, que la Secretar\u00eda de Prensa emite cada martes por GEN FM 107.5, Giuliani explic\u00f3 que la convocatoria parti\u00f3 del plenario abierto de ocupado y desocupados que se realiz\u00f3 el jueves pasado. &#8220;La marcha se va dirigir a El Panal para dirigir la impugnaci\u00f3n al poder pol\u00edtico y a la gesti\u00f3n de Juan Schiaretti como parte fundamental de la p\u00e9rdida de derechos que hoy sufre la clase obrera en C\u00f3rdoba. Por ejemplo, en el sector privado, en una empresa como Atanor que tuvo 1000 millones de d\u00f3lares de ganancias el a\u00f1o pasado y que despidi\u00f3 24 trabajadores en enero, el rol que est\u00e1 desempe\u00f1ando el Ministerio de Trabajo en ese conflicto es lamentable. El ministro Omar Sereno, en vez de ser garante de los derechos de los laburantes y de exigir a la empresa la reinstalaci\u00f3n de los despedidos, sigue mirando para el costado y dilata en el tiempo la pelea, entorpeciendo la perspectiva de ganar ese conflicto. Con lo cual lo cual queda a la vista que el gobierno de C\u00f3rdoba no es neutral sino que juega para el capital privado. Que dicho sea de paso se trata de una multinacional que se la lleva en pala&#8221;, dijo el dirigente.<\/p>\n\n\n\n<p>En esa l\u00ednea, apunt\u00f3 sobre &#8220;qu\u00e9 decir de los conflictos que hay en el Estado provincial: en Salud, en Educaci\u00f3n, con las trabajadoras de PAICOR, de Senaf, con salarios que no alcanzan, con alta precarizaci\u00f3n laboral. Y en lo institucional, con la exigencia de ATE de ser reconocido como gremio paritario al igual que otros que est\u00e1n siendo parte de una virtual discusi\u00f3n paritaria, cuando sabemos que el gobierno ya la tiene prefijada de antemano&#8221;.<\/p>\n\n\n\n<p><strong>Construcci\u00f3n de unidad<\/strong><\/p>\n\n\n\n<p>En otro tramo, Giuliani remarco &#8220;la importancia de construir este segundo plenario en conjunto con organizaciones sociales, piqueteras, pol\u00edticas y culturales de C\u00f3rdoba, que sea un espacio de encuentro y debate, de disenso pero donde acordemos tres o cuatro puntos en com\u00fan entre los trabajadores ocupados, que laburamos para ser pobres o estar precarizados y en condiciones de trabajo indignas, y aquellos compa\u00f1eros desocupados que obviamente la pasan peor porque est\u00e1n por debajo de la indigencia, que viven en las barriadas populares hacinados sin los servicios p\u00fablicos b\u00e1sicos, que tienen problemas para la alimentaci\u00f3n d\u00eda a d\u00eda&#8221;.<\/p>\n\n\n\n<p>&#8220;Nos parece importante seguir avanzando en esta experiencia que el a\u00f1o pasado cerr\u00f3 de la mejor manera, y luego de intercambiar miradas, donde hubo trabajadores estatales de distintos sectores en lucha como Salud, como Senaf, tambi\u00e9n pudimos escuchar de primera mano a compa\u00f1eros privados que est\u00e1n en proceso de lucha, como los compa\u00f1eros Petroqu\u00edmicos por los despidos de Atanor, como los docentes que hicieron un paro, como las auxiliares de salud que tambi\u00e9n resolvieron un paro para el 27 de febrero pasado&#8221;, asegur\u00f3 el secretario General de ATE C\u00f3rdoba. <\/p>\n\n\n\n<div class=\"wp-block-image\"><figure class=\"alignleft size-large is-resized\"><img loading=\"lazy\" decoding=\"async\" src=\"https:\/\/atecordoba.org\/wp-content\/uploads\/2023\/03\/palco-1024x684.jpg\" alt=\"\" class=\"wp-image-35988\" width=\"512\" height=\"342\" \/><\/figure><\/div>\n\n\n\n<p>Y avanz\u00f3: &#8220;vamos a mostrar el alto nivel de conflictividad que hay hoy. Se sigue avanzando en la confianza pol\u00edtica y la construcci\u00f3n, sabiendo que hay sectores que est\u00e1n faltando, que hay que seguir convocando porque con lo que hay no alcanza. Por eso se defini\u00f3 una nueva movilizaci\u00f3n en conjunto para vertebrar las peleas, que no se han saldado sino que se profundizan y que nos van a permitir marchar este jueves 2 de marzo. Est\u00e1n invitadas todas las organizaciones libres del pueblo que se banquen la lucha&#8221;.<\/p>\n\n\n\n<p><strong>Moratoria previsional<\/strong><\/p>\n\n\n\n<p>Giuliani estuvo presente ayer en el Congreso nacional para saludar a las y los compa\u00f1eros jubilados que apoyaron fuertemente, a trav\u00e9s de nuestro Centro Nacional de Jubilados, la aprobaci\u00f3n de la ley que establece la moratoria para permitir que 800 mil compa\u00f1eros y compa\u00f1eras sin aportes puedan acceder a su jubilaci\u00f3n v\u00eda Anses.<\/p>\n\n\n\n<p>En al sentido desde el Entre Todos y Todas consultaron al dirigente su parecer respecto a la falta de aportes que sufren millones de trabajadores y trabajadoras, atento que diferentes informes se\u00f1alan que  actualmente solo una de cada 10 mujeres tienen los aportes completos y, solo 3 de cada 10 hombres, est\u00e1n en condiciones de jubilarse, situaci\u00f3n que expresa el impacto de las reformas laborales neoliberales de los \u201990 donde la precarizaci\u00f3n es sin\u00f3nimo de falta de aportes.<\/p>\n\n\n\n<div class=\"wp-block-image\"><figure class=\"alignright size-full\"><img decoding=\"async\" src=\"https:\/\/atecordoba.org\/wp-content\/uploads\/2023\/03\/carucha.jpeg\" alt=\"\" class=\"wp-image-35989\" \/><\/figure><\/div>\n\n\n\n<p>&#8220;Esto demuestra que cambian los gobiernos pero el poder pol\u00edtico y econ\u00f3mico que opera en las sombras sigue siendo los grandes grupos econ\u00f3micos que imponen condiciones a la Argentina. Y esto convoca a seguir con la discusi\u00f3n sobre la capacidad de construir poder real al campo popular. Porque el poder real de los grupos econ\u00f3micos opera diariamente por medio del mercado laboral y, simult\u00e1neamente, con los aumentos de precios que jaquean los salarios de activos y pasivos&#8221;, reflexion\u00f3 Giuliani.<\/p>\n\n\n\n<p>Y trajo la problem\u00e1tica a C\u00f3rdoba al se\u00f1alar que Hay que se\u00f1alar que &#8220;nuestros viejos, que lo dejaron todo para tener una argentina distinta y una jubilaci\u00f3n digna, hoy son los que sufren los embates de las pol\u00edticas neoliberales de ajuste. Celebramos que se apruebe la ley y pasamos por el congreso a saludar donde estaba la presidenta del Centro de Jubilados , Noelia Guzman. En C\u00f3rdoba nos plantea la necesidad de seguir construyendo la unidad en la acci\u00f3n, tambi\u00e9n con los jubilados. Recordemos la reforma express que hizo aprobar Schiaretti en plena pandemia, cuando el pueblo de C\u00f3rdoba estaba encerrado por la cuarentena, que castig\u00f3 el salario real de los jubilados. Hicimos una presentaci\u00f3n de inconstitucionalidad, que fue aceptada por la justicia y est\u00e1 en el Tribunal Superior de Justicia -r\u00e1pido para fallar en favor del gobierno pero lento cuando se trata de temas en favor de los laburantes-. Planteamos la necesidad de derogar la ley para que los jubilados tengan una vida digna&#8221;.<\/p>\n","protected":false},"excerpt":{"rendered":"<p>El secretario General de ATE C\u00f3rdoba y la CTA Aut\u00f3noma provincia de C\u00f3rdoba, Federico Giuliani, dio a conocer los principales lineamientos que convocan a la marcha que se realizar\u00e1 ma\u00f1ana en C\u00f3rdoba Capital para repudiar la pol\u00edtica de ajuste del gobierno provincial que encabeza Juan Schiaretti. La concentraci\u00f3n se llevar\u00e1 a cabo a las 10 [&hellip;]<\/p>\n","protected":false},"author":7,"featured_media":35988,"comment_status":"open","ping_status":"open","sticky":false,"template":"","format":"standard","meta":{"_exactmetrics_skip_tracking":false,"_exactmetrics_sitenote_active":false,"_exactmetrics_sitenote_note":"","_exactmetrics_sitenote_category":0,"jnews-multi-image_gallery":[],"jnews_single_post":{"subtitle":"\"Vamos a mostrar el alto nivel de conflictividad que hay hoy. Se sigue avanzando en la confianza pol\u00edtica y la construcci\u00f3n de poder popular entre trabajadoras y trabajadores ocupados y desocupados\", dijo Federico Giuliani, secretario General de ATE C\u00f3rdoba. ","format":"standard","video":"","gallery":"","source_name":"","source_url":"","via_name":"","via_url":"","override_template":"0","override":[{"template":"1","single_blog_custom":"","parallax":"1","fullscreen":"1","layout":"right-sidebar","sidebar":"default-sidebar","second_sidebar":"default-sidebar","sticky_sidebar":"1","share_position":"top","share_float_style":"share-monocrhome","show_share_counter":"1","show_view_counter":"1","show_featured":"1","show_post_meta":"1","show_post_author":"1","show_post_author_image":"1","show_post_date":"1","post_date_format":"default","post_date_format_custom":"Y\/m\/d","show_post_category":"1","show_post_reading_time":"0","post_reading_time_wpm":"300","show_zoom_button":"0","zoom_button_out_step":"2","zoom_button_in_step":"3","show_post_tag":"1","show_prev_next_post":"1","show_popup_post":"1","number_popup_post":"1","show_author_box":"0","show_post_related":"0","show_inline_post_related":"0"}],"override_image_size":"0","image_override":[{"single_post_thumbnail_size":"crop-500","single_post_gallery_size":"crop-500"}],"trending_post":"0","trending_post_position":"meta","trending_post_label":"Trending","sponsored_post":"0","sponsored_post_label":"Sponsored by","sponsored_post_name":"","sponsored_post_url":"","sponsored_post_logo_enable":"0","sponsored_post_logo":"","sponsored_post_desc":"","disable_ad":"0"},"jnews_primary_category":{"id":""},"jnews_social_meta":{"fb_title":"","fb_description":"","fb_image":"","twitter_title":"","twitter_description":"","twitter_image":""},"jnews_review":[],"enable_review":"0","type":"percentage","name":"","summary":"","brand":"","sku":"","good":[{"good_text":""}],"bad":[{"bad_text":""}],"score_override":"","override_value":"","rating":[{"rating_text":"","rating_number":"10"}],"price":[{"shop":"","price":"","link":"","icon":""}],"jnews_override_counter":{"override_view_counter":"0","view_counter_number":"0","override_share_counter":"0","share_counter_number":"0","override_like_counter":"0","like_counter_number":"0","override_dislike_counter":"0","dislike_counter_number":"0"},"jnews_post_split":{"enable_post_split":"0","post_split":[{"template":"1","tag":"h2","numbering":"asc","mode":"normal","first":"0","enable_toc":"0","toc_type":"normal"}]},"footnotes":""},"categories":[10,92],"tags":[],"class_list":["post-35986","post","type-post","status-publish","format-standard","has-post-thumbnail","hentry","category-accion-politica","category-cta"],"jetpack_featured_media_url":"https:\/\/atecordoba.org\/wp-content\/uploads\/2023\/03\/palco-e1677684468910.jpg","_links":{"self":[{"href":"https:\/\/atecordoba.org\/index.php?rest_route=\/wp\/v2\/posts\/35986","targetHints":{"allow":["GET"]}}],"collection":[{"href":"https:\/\/atecordoba.org\/index.php?rest_route=\/wp\/v2\/posts"}],"about":[{"href":"https:\/\/atecordoba.org\/index.php?rest_route=\/wp\/v2\/types\/post"}],"author":[{"embeddable":true,"href":"https:\/\/atecordoba.org\/index.php?rest_route=\/wp\/v2\/users\/7"}],"replies":[{"embeddable":true,"href":"https:\/\/atecordoba.org\/index.php?rest_route=%2Fwp%2Fv2%2Fcomments&post=35986"}],"version-history":[{"count":1,"href":"https:\/\/atecordoba.org\/index.php?rest_route=\/wp\/v2\/posts\/35986\/revisions"}],"predecessor-version":[{"id":35990,"href":"https:\/\/atecordoba.org\/index.php?rest_route=\/wp\/v2\/posts\/35986\/revisions\/35990"}],"wp:featuredmedia":[{"embeddable":true,"href":"https:\/\/atecordoba.org\/index.php?rest_route=\/wp\/v2\/media\/35988"}],"wp:attachment":[{"href":"https:\/\/atecordoba.org\/index.php?rest_route=%2Fwp%2Fv2%2Fmedia&parent=35986"}],"wp:term":[{"taxonomy":"category","embeddable":true,"href":"https:\/\/atecordoba.org\/index.php?rest_route=%2Fwp%2Fv2%2Fcategories&post=35986"},{"taxonomy":"post_tag","embeddable":true,"href":"https:\/\/atecordoba.org\/index.php?rest_route=%2Fwp%2Fv2%2Ftags&post=35986"}],"curies":[{"name":"wp","href":"https:\/\/api.w.org\/{rel}","templated":true}]}}