{"id":35945,"date":"2023-02-24T14:38:46","date_gmt":"2023-02-24T17:38:46","guid":{"rendered":"https:\/\/atecordoba.org\/?p=35945"},"modified":"2023-02-24T14:38:48","modified_gmt":"2023-02-24T17:38:48","slug":"coronel-baigorria-asamblea-calienta-motores-para-la-paritaria-que-se-viene","status":"publish","type":"post","link":"https:\/\/atecordoba.org\/?p=35945","title":{"rendered":"Coronel Baigorria: asamblea calienta motores para la paritaria que se viene"},"content":{"rendered":"\n<p><\/p>\n\n\n\n<div class=\"wp-block-image\"><figure class=\"alignleft size-large is-resized\"><img loading=\"lazy\" decoding=\"async\" src=\"https:\/\/atecordoba.org\/wp-content\/uploads\/2023\/02\/WhatsApp-Image-2023-02-24-at-13.37.08-1024x768.jpeg\" alt=\"\" class=\"wp-image-35946\" width=\"660\" height=\"495\" srcset=\"https:\/\/atecordoba.org\/wp-content\/uploads\/2023\/02\/WhatsApp-Image-2023-02-24-at-13.37.08-1024x768.jpeg 1024w, https:\/\/atecordoba.org\/wp-content\/uploads\/2023\/02\/WhatsApp-Image-2023-02-24-at-13.37.08-300x225.jpeg 300w, https:\/\/atecordoba.org\/wp-content\/uploads\/2023\/02\/WhatsApp-Image-2023-02-24-at-13.37.08-768x576.jpeg 768w, https:\/\/atecordoba.org\/wp-content\/uploads\/2023\/02\/WhatsApp-Image-2023-02-24-at-13.37.08-1536x1152.jpeg 1536w, https:\/\/atecordoba.org\/wp-content\/uploads\/2023\/02\/WhatsApp-Image-2023-02-24-at-13.37.08-750x563.jpeg 750w, https:\/\/atecordoba.org\/wp-content\/uploads\/2023\/02\/WhatsApp-Image-2023-02-24-at-13.37.08-1140x855.jpeg 1140w, https:\/\/atecordoba.org\/wp-content\/uploads\/2023\/02\/WhatsApp-Image-2023-02-24-at-13.37.08.jpeg 1600w\" sizes=\"auto, (max-width: 660px) 100vw, 660px\" \/><\/figure><\/div>\n\n\n\n<p>Hoy se llev\u00f3 a cabo una asamblea en la localidad de Coronel Baigorria, motorizada por la seccional ATE Rio Cuarto, donde las y los municipales debatieron la planificaci\u00f3n de la agenda de reclamos que debe plantearse al Departamento Ejecutivo en funci\u00f3n de las necesidades del sector. <\/p>\n\n\n\n<p>En la oportunidad, la secretaria general de la seccional, Rafaela Alcoba, explic\u00f3 que la reuni\u00f3n se concret\u00f3 &#8220;en vista de\u00a0 la apertura de paritarias, atento a que venimos viendo que ya hace un tiempo que esperamos respuestas que las y los trabajadores necesitan para el sector municipal, el m\u00e1s castigado durante los \u00faltimos a\u00f1os en materia salarial en el \u00e1mbito del Estado y en lo referido a agenda laboral&#8221;.<\/p>\n\n\n\n<p>La dirigente evalu\u00f3 que &#8220;siempre somos las y los municipales quienes quedamos relegados a la hora de discutir un estatuto actualizado, cobrar las asignaciones como corresponde y lo establece la grilla de pago de Anses. Un sinf\u00edn de puntos que tiene que ser retomados para avanzar en distintas instancias&#8221;.<\/p>\n\n\n\n<p>Por eso Alcoba postul\u00f3 que &#8220;la asamblea fue en post de armar esta agenda que ATE quiere plantear en la reapertura de paritarias en Baigorria, en Alejandro, en R\u00edo de los Sauces y que tendr\u00e1 continuidad en otras localidades&#8221;.<\/p>\n\n\n\n<p> <\/p>\n","protected":false},"excerpt":{"rendered":"<p>Hoy se llev\u00f3 a cabo una asamblea en la localidad de Coronel Baigorria, motorizada por la seccional ATE Rio Cuarto, donde las y los municipales debatieron la planificaci\u00f3n de la agenda de reclamos que debe plantearse al Departamento Ejecutivo en funci\u00f3n de las necesidades del sector. En la oportunidad, la secretaria general de la seccional, [&hellip;]<\/p>\n","protected":false},"author":7,"featured_media":35947,"comment_status":"open","ping_status":"open","sticky":false,"template":"","format":"standard","meta":{"_exactmetrics_skip_tracking":false,"_exactmetrics_sitenote_active":false,"_exactmetrics_sitenote_note":"","_exactmetrics_sitenote_category":0,"jnews-multi-image_gallery":[],"jnews_single_post":{"subtitle":"La secretaria General de ATE R\u00edo Cuarto, Rafaela Alcoba, encabez\u00f3 la reuni\u00f3n advirtiendo que \"venimos viendo que ya hace un tiempo que esperamos respuestas que las y los trabajadores necesitan para el sector municipal, el m\u00e1s castigado durante los \u00faltimos a\u00f1os en materia salarial en el \u00e1mbito del Estado y en lo referido a agenda laboral\".","format":"standard","video":"","gallery":"","source_name":"","source_url":"","via_name":"","via_url":"","override_template":"0","override":[{"template":"1","single_blog_custom":"","parallax":"1","fullscreen":"1","layout":"right-sidebar","sidebar":"default-sidebar","second_sidebar":"default-sidebar","sticky_sidebar":"1","share_position":"top","share_float_style":"share-monocrhome","show_share_counter":"1","show_view_counter":"1","show_featured":"1","show_post_meta":"1","show_post_author":"1","show_post_author_image":"1","show_post_date":"1","post_date_format":"default","post_date_format_custom":"Y\/m\/d","show_post_category":"1","show_post_reading_time":"0","post_reading_time_wpm":"300","show_zoom_button":"0","zoom_button_out_step":"2","zoom_button_in_step":"3","show_post_tag":"1","show_prev_next_post":"1","show_popup_post":"1","number_popup_post":"1","show_author_box":"0","show_post_related":"0","show_inline_post_related":"0"}],"override_image_size":"0","image_override":[{"single_post_thumbnail_size":"crop-500","single_post_gallery_size":"crop-500"}],"trending_post":"0","trending_post_position":"meta","trending_post_label":"Trending","sponsored_post":"0","sponsored_post_label":"Sponsored by","sponsored_post_name":"","sponsored_post_url":"","sponsored_post_logo_enable":"0","sponsored_post_logo":"","sponsored_post_desc":"","disable_ad":"0"},"jnews_primary_category":{"id":""},"jnews_social_meta":{"fb_title":"","fb_description":"","fb_image":"","twitter_title":"","twitter_description":"","twitter_image":""},"jnews_review":[],"enable_review":"0","type":"percentage","name":"","summary":"","brand":"","sku":"","good":[{"good_text":""}],"bad":[{"bad_text":""}],"score_override":"","override_value":"","rating":[{"rating_text":"","rating_number":"10"}],"price":[{"shop":"","price":"","link":"","icon":""}],"jnews_override_counter":{"override_view_counter":"0","view_counter_number":"0","override_share_counter":"0","share_counter_number":"0","override_like_counter":"0","like_counter_number":"0","override_dislike_counter":"0","dislike_counter_number":"0"},"jnews_post_split":{"enable_post_split":"0","post_split":[{"template":"1","tag":"h2","numbering":"asc","mode":"normal","first":"0","enable_toc":"0","toc_type":"normal"}]},"footnotes":""},"categories":[20],"tags":[],"class_list":["post-35945","post","type-post","status-publish","format-standard","has-post-thumbnail","hentry","category-municipales"],"jetpack_featured_media_url":"https:\/\/atecordoba.org\/wp-content\/uploads\/2023\/02\/baigorria-e1677260164298.jpeg","_links":{"self":[{"href":"https:\/\/atecordoba.org\/index.php?rest_route=\/wp\/v2\/posts\/35945","targetHints":{"allow":["GET"]}}],"collection":[{"href":"https:\/\/atecordoba.org\/index.php?rest_route=\/wp\/v2\/posts"}],"about":[{"href":"https:\/\/atecordoba.org\/index.php?rest_route=\/wp\/v2\/types\/post"}],"author":[{"embeddable":true,"href":"https:\/\/atecordoba.org\/index.php?rest_route=\/wp\/v2\/users\/7"}],"replies":[{"embeddable":true,"href":"https:\/\/atecordoba.org\/index.php?rest_route=%2Fwp%2Fv2%2Fcomments&post=35945"}],"version-history":[{"count":1,"href":"https:\/\/atecordoba.org\/index.php?rest_route=\/wp\/v2\/posts\/35945\/revisions"}],"predecessor-version":[{"id":35948,"href":"https:\/\/atecordoba.org\/index.php?rest_route=\/wp\/v2\/posts\/35945\/revisions\/35948"}],"wp:featuredmedia":[{"embeddable":true,"href":"https:\/\/atecordoba.org\/index.php?rest_route=\/wp\/v2\/media\/35947"}],"wp:attachment":[{"href":"https:\/\/atecordoba.org\/index.php?rest_route=%2Fwp%2Fv2%2Fmedia&parent=35945"}],"wp:term":[{"taxonomy":"category","embeddable":true,"href":"https:\/\/atecordoba.org\/index.php?rest_route=%2Fwp%2Fv2%2Fcategories&post=35945"},{"taxonomy":"post_tag","embeddable":true,"href":"https:\/\/atecordoba.org\/index.php?rest_route=%2Fwp%2Fv2%2Ftags&post=35945"}],"curies":[{"name":"wp","href":"https:\/\/api.w.org\/{rel}","templated":true}]}}