{"id":35935,"date":"2023-02-23T14:49:08","date_gmt":"2023-02-23T17:49:08","guid":{"rendered":"https:\/\/atecordoba.org\/?p=35935"},"modified":"2023-02-23T14:49:10","modified_gmt":"2023-02-23T17:49:10","slug":"atanor-importante-movilizacion-en-respaldo-del-sindicato-de-petroquimicos-ante-el-ministerio-de-trabajo-de-la-provincia","status":"publish","type":"post","link":"https:\/\/atecordoba.org\/?p=35935","title":{"rendered":"ATANOR: Importante movilizaci\u00f3n en respaldo del Sindicato de Petroqu\u00edmicos ante el Ministerio de Trabajo de la provincia"},"content":{"rendered":"\n<div class=\"wp-block-image\"><figure class=\"aligncenter size-large is-resized\"><img loading=\"lazy\" decoding=\"async\" src=\"https:\/\/atecordoba.org\/wp-content\/uploads\/2023\/02\/IMG_20230223_101642179-1024x576.jpg\" alt=\"\" class=\"wp-image-35936\" width=\"768\" height=\"432\" \/><\/figure><\/div>\n\n\n\n<p>Hoy por la ma\u00f1ana se llev\u00f3 a cabo una marcha en apoyo a la lucha del Sindicato de Qu\u00edmicos y Petroqu\u00edmicos de R\u00edo Tercero, en largo conflicto con la multinacional due\u00f1a de la firma ATANOR, que despidi\u00f3 24 trabajadores sin causa a fines del a\u00f1o pasado.<\/p>\n\n\n\n<p>ATE C\u00f3rdoba y la CTAA junto a organizaciones que la integran, organizaciones piqueteras como el Polo Obrero, en una unidad que cada vez se conforma de manera m\u00e1s s\u00f3lida, nos movilizamos para exigir que el Ministerio de Trabajo de C\u00f3rdoba intervenga parando los despidos y ordenando la reincorporaci\u00f3n de los 24 compa\u00f1eros. <\/p>\n\n\n\n<div class=\"wp-block-image\"><figure class=\"alignright size-large is-resized\"><img loading=\"lazy\" decoding=\"async\" src=\"https:\/\/atecordoba.org\/wp-content\/uploads\/2023\/02\/IMG_20230223_102553497_HDR-1024x576.jpg\" alt=\"\" class=\"wp-image-35937\" width=\"512\" height=\"288\" srcset=\"https:\/\/atecordoba.org\/wp-content\/uploads\/2023\/02\/IMG_20230223_102553497_HDR-1024x576.jpg 1024w, https:\/\/atecordoba.org\/wp-content\/uploads\/2023\/02\/IMG_20230223_102553497_HDR-300x169.jpg 300w, https:\/\/atecordoba.org\/wp-content\/uploads\/2023\/02\/IMG_20230223_102553497_HDR-768x432.jpg 768w, https:\/\/atecordoba.org\/wp-content\/uploads\/2023\/02\/IMG_20230223_102553497_HDR-1536x864.jpg 1536w, https:\/\/atecordoba.org\/wp-content\/uploads\/2023\/02\/IMG_20230223_102553497_HDR-2048x1152.jpg 2048w, https:\/\/atecordoba.org\/wp-content\/uploads\/2023\/02\/IMG_20230223_102553497_HDR-750x422.jpg 750w, https:\/\/atecordoba.org\/wp-content\/uploads\/2023\/02\/IMG_20230223_102553497_HDR-1140x641.jpg 1140w\" sizes=\"auto, (max-width: 512px) 100vw, 512px\" \/><\/figure><\/div>\n\n\n\n<p>En tal sentido, mientras se desarrolla una conciliaci\u00f3n voluntaria propuesta por la empresa, una vez concluidos los plazos de la conciliaci\u00f3n obligatoria dispuesta por el ministro Omar Sereno, el secretario General de los Qu\u00edmicos, Lucas Felici, agradeci\u00f3 &#8220;a las organizaciones sociales, el Poo Obrero, ATE y CTAA, los sindicatos que nos est\u00e1n acompa\u00f1ando, en este hilo entre trabajadores ocupados y desocupados que es la construcci\u00f3n que llevamos adelante&#8221;. <\/p>\n\n\n\n<p>El dirigente apunt\u00f3 contra el gobierno cordob\u00e9s al se\u00f1alar que &#8220;esperamos que el Ministerio de Trabajo cumpla su rol y fije una posici\u00f3n del lado de los trabajadores, en el marco de estos despidos sin causa. La empresa tiene que dar muchas explicaciones al ministro de Trabajo Omar Sereno para justificar lo que pas\u00f3. Si las inversiones en nuestra provincia van a venir a costa de despidos y gente en la calle qu\u00e9 pol\u00edtica se est\u00e1 haciendo en C\u00f3rdoba&#8221;.<\/p>\n\n\n\n<p><strong>\u00bfEn que situaci\u00f3n est\u00e1 la planta de Atanor?<\/strong><\/p>\n\n\n\n<p>Lucas Felici: Est\u00e1 todo parado desde el 15 de diciembre, sin producir. Primero adujeron que iban a hacer el mantenimiento y luego, el 12 de enero, cuando nos desayunamos de la lista de 24 compa\u00f1eros pegados en un papel en un vidrio en el ingreso de la planta resolvimos el paro total de actividades y sali\u00f3 la conciliaci\u00f3n obligatoria. Y dentro de la conciliaci\u00f3n nos quisieron meter a los 24 compa\u00f1eros solos a capacitarlos en una sala y les dijimos que no, que \u00edbamos todos los 200 del plantel solidariamente con ellos y por eso est\u00e1 la planta parada.<\/p>\n\n\n\n<p><strong>En este momento se encuentran en una conciliaci\u00f3n voluntaria.<\/strong><\/p>\n\n\n\n<p>L.F.: Si. Se vence el martes pr\u00f3ximo. Si no hay acuerdo vamos al paro.<\/p>\n\n\n\n<h2 class=\"wp-block-heading\"><strong>La CTAA presente por la unidad contra los despidos<\/strong><\/h2>\n\n\n\n<p>Por su parte, el secretario General de ATE C\u00f3rdoba y la CTAA provincia, Federico Giuliani, destac\u00f3 que &#8220;acompa\u00f1amos a nuestros compa\u00f1eros y hermanos del Sindicato de Qu\u00edmicos de R\u00edo Tercero en su justa lucha para la inmediata reincorporaci\u00f3n de 24 despedidos&#8221;. \u00a0<\/p>\n\n\n\n<p>La marcha parti\u00f3 de av Colon y General Paz &#8220;con numerosas organizaciones combativas para llegar al Ministerio de Trabajo donde esperamos que Omar Sereno deje de jugar para los grupos econ\u00f3micos y los intereses patronales como viene haciendo el cordobesismo desde el \u201999 a esta parte. Creo que esta unidad entre sindicatos y organizaciones piqueteras es un ejemplo a seguir en las distintas luchas que se desarrollan en Argentina, sin mezquindades ni sectarismo porque en definitiva en la hora que corre lo que vale es la unidad en la calle&#8221;, agreg\u00f3 el dirigente.<\/p>\n\n\n\n<figure class=\"wp-block-gallery has-nested-images columns-default is-cropped wp-block-gallery-1 is-layout-flex wp-block-gallery-is-layout-flex\">\n<figure class=\"wp-block-image size-large\"><a href=\"https:\/\/atecordoba.org\/wp-content\/uploads\/2023\/02\/IMG_20230223_103354764-scaled.jpg\"><img loading=\"lazy\" decoding=\"async\" width=\"1024\" height=\"576\" data-id=\"35938\" src=\"https:\/\/atecordoba.org\/wp-content\/uploads\/2023\/02\/IMG_20230223_103354764-1024x576.jpg\" alt=\"\" class=\"wp-image-35938\" srcset=\"https:\/\/atecordoba.org\/wp-content\/uploads\/2023\/02\/IMG_20230223_103354764-1024x576.jpg 1024w, https:\/\/atecordoba.org\/wp-content\/uploads\/2023\/02\/IMG_20230223_103354764-300x169.jpg 300w, https:\/\/atecordoba.org\/wp-content\/uploads\/2023\/02\/IMG_20230223_103354764-768x432.jpg 768w, https:\/\/atecordoba.org\/wp-content\/uploads\/2023\/02\/IMG_20230223_103354764-1536x864.jpg 1536w, https:\/\/atecordoba.org\/wp-content\/uploads\/2023\/02\/IMG_20230223_103354764-2048x1152.jpg 2048w, https:\/\/atecordoba.org\/wp-content\/uploads\/2023\/02\/IMG_20230223_103354764-750x422.jpg 750w, https:\/\/atecordoba.org\/wp-content\/uploads\/2023\/02\/IMG_20230223_103354764-1140x641.jpg 1140w\" sizes=\"auto, (max-width: 1024px) 100vw, 1024px\" \/><\/a><\/figure>\n\n\n\n<figure class=\"wp-block-image size-large\"><a href=\"https:\/\/atecordoba.org\/wp-content\/uploads\/2023\/02\/IMG_20230223_105916595-scaled.jpg\"><img loading=\"lazy\" decoding=\"async\" width=\"1024\" height=\"576\" data-id=\"35939\" src=\"https:\/\/atecordoba.org\/wp-content\/uploads\/2023\/02\/IMG_20230223_105916595-1024x576.jpg\" alt=\"\" class=\"wp-image-35939\" srcset=\"https:\/\/atecordoba.org\/wp-content\/uploads\/2023\/02\/IMG_20230223_105916595-1024x576.jpg 1024w, https:\/\/atecordoba.org\/wp-content\/uploads\/2023\/02\/IMG_20230223_105916595-300x169.jpg 300w, https:\/\/atecordoba.org\/wp-content\/uploads\/2023\/02\/IMG_20230223_105916595-768x432.jpg 768w, https:\/\/atecordoba.org\/wp-content\/uploads\/2023\/02\/IMG_20230223_105916595-1536x864.jpg 1536w, https:\/\/atecordoba.org\/wp-content\/uploads\/2023\/02\/IMG_20230223_105916595-2048x1152.jpg 2048w, https:\/\/atecordoba.org\/wp-content\/uploads\/2023\/02\/IMG_20230223_105916595-750x422.jpg 750w, https:\/\/atecordoba.org\/wp-content\/uploads\/2023\/02\/IMG_20230223_105916595-1140x641.jpg 1140w\" sizes=\"auto, (max-width: 1024px) 100vw, 1024px\" \/><\/a><\/figure>\n\n\n\n<figure class=\"wp-block-image size-large\"><a href=\"https:\/\/atecordoba.org\/wp-content\/uploads\/2023\/02\/IMG_20230223_111702924_HDR-scaled.jpg\"><img loading=\"lazy\" decoding=\"async\" width=\"1024\" height=\"576\" data-id=\"35940\" src=\"https:\/\/atecordoba.org\/wp-content\/uploads\/2023\/02\/IMG_20230223_111702924_HDR-1024x576.jpg\" alt=\"\" class=\"wp-image-35940\" srcset=\"https:\/\/atecordoba.org\/wp-content\/uploads\/2023\/02\/IMG_20230223_111702924_HDR-1024x576.jpg 1024w, https:\/\/atecordoba.org\/wp-content\/uploads\/2023\/02\/IMG_20230223_111702924_HDR-300x169.jpg 300w, https:\/\/atecordoba.org\/wp-content\/uploads\/2023\/02\/IMG_20230223_111702924_HDR-768x432.jpg 768w, https:\/\/atecordoba.org\/wp-content\/uploads\/2023\/02\/IMG_20230223_111702924_HDR-1536x864.jpg 1536w, https:\/\/atecordoba.org\/wp-content\/uploads\/2023\/02\/IMG_20230223_111702924_HDR-2048x1152.jpg 2048w, https:\/\/atecordoba.org\/wp-content\/uploads\/2023\/02\/IMG_20230223_111702924_HDR-750x422.jpg 750w, https:\/\/atecordoba.org\/wp-content\/uploads\/2023\/02\/IMG_20230223_111702924_HDR-1140x641.jpg 1140w\" sizes=\"auto, (max-width: 1024px) 100vw, 1024px\" \/><\/a><\/figure>\n<\/figure>\n\n\n\n<p>En esa l\u00ednea, Giuliani advirti\u00f3 que &#8220;estos son casos testigo, si las organizaciones no luchamos despu\u00e9s se termina convirtiendo en una pr\u00e1ctica com\u00fan. Este es el caso de una empresa trasnacional con sus capitales en Nueva York, que el a\u00f1o pasado tuvo una rentabilidad de 1000 millones de d\u00f3lares pero que no le importa despedir a 24 compa\u00f1eros. Un n\u00famero simb\u00f3lico porque en la dictadura en Atanor hubo 24 compa\u00f1eros desaparecidos&#8221;.<\/p>\n\n\n\n<p>Por su parte, el secretario General del CIS-CTAA, Walter Camino, denunci\u00f3 que &#8220;esto es algo que se viene repitiendo, una modalidad de las multinacionales. Ac\u00e1 estamos representando al CIS y como parte de la CTAA, apoyando a los trabajadores contra los despidos realizados como en la mejor \u00e9poca de Macri, con los mismos m\u00e9todos&#8221;. <\/p>\n\n\n\n<p>&#8220;Lamentablemente, no se diferencia este Gobierno de C\u00f3rdoba del macrismo. Esto es lo que est\u00e1n viviendo los trabajadores no solo del sector privado sino tambi\u00e9n del p\u00fablico, como es el caso de las auxiliares de PAICOR&#8221;, concluy\u00f3 Camino.<\/p>\n\n\n\n<figure class=\"wp-block-gallery has-nested-images columns-default is-cropped wp-block-gallery-2 is-layout-flex wp-block-gallery-is-layout-flex\">\n<figure class=\"wp-block-image size-large\"><a href=\"https:\/\/atecordoba.org\/wp-content\/uploads\/2023\/02\/IMG_20230223_103345535_HDR-scaled.jpg\"><img loading=\"lazy\" decoding=\"async\" width=\"1024\" height=\"576\" data-id=\"35942\" src=\"https:\/\/atecordoba.org\/wp-content\/uploads\/2023\/02\/IMG_20230223_103345535_HDR-1024x576.jpg\" alt=\"\" class=\"wp-image-35942\" srcset=\"https:\/\/atecordoba.org\/wp-content\/uploads\/2023\/02\/IMG_20230223_103345535_HDR-1024x576.jpg 1024w, https:\/\/atecordoba.org\/wp-content\/uploads\/2023\/02\/IMG_20230223_103345535_HDR-300x169.jpg 300w, https:\/\/atecordoba.org\/wp-content\/uploads\/2023\/02\/IMG_20230223_103345535_HDR-768x432.jpg 768w, https:\/\/atecordoba.org\/wp-content\/uploads\/2023\/02\/IMG_20230223_103345535_HDR-1536x864.jpg 1536w, https:\/\/atecordoba.org\/wp-content\/uploads\/2023\/02\/IMG_20230223_103345535_HDR-2048x1152.jpg 2048w, https:\/\/atecordoba.org\/wp-content\/uploads\/2023\/02\/IMG_20230223_103345535_HDR-750x422.jpg 750w, https:\/\/atecordoba.org\/wp-content\/uploads\/2023\/02\/IMG_20230223_103345535_HDR-1140x641.jpg 1140w\" sizes=\"auto, (max-width: 1024px) 100vw, 1024px\" \/><\/a><\/figure>\n\n\n\n<figure class=\"wp-block-image size-large\"><a href=\"https:\/\/atecordoba.org\/wp-content\/uploads\/2023\/02\/IMG_20230223_101601940-scaled.jpg\"><img loading=\"lazy\" decoding=\"async\" width=\"1024\" height=\"576\" data-id=\"35943\" src=\"https:\/\/atecordoba.org\/wp-content\/uploads\/2023\/02\/IMG_20230223_101601940-1024x576.jpg\" alt=\"\" class=\"wp-image-35943\" srcset=\"https:\/\/atecordoba.org\/wp-content\/uploads\/2023\/02\/IMG_20230223_101601940-1024x576.jpg 1024w, https:\/\/atecordoba.org\/wp-content\/uploads\/2023\/02\/IMG_20230223_101601940-300x169.jpg 300w, https:\/\/atecordoba.org\/wp-content\/uploads\/2023\/02\/IMG_20230223_101601940-768x432.jpg 768w, https:\/\/atecordoba.org\/wp-content\/uploads\/2023\/02\/IMG_20230223_101601940-1536x864.jpg 1536w, https:\/\/atecordoba.org\/wp-content\/uploads\/2023\/02\/IMG_20230223_101601940-2048x1152.jpg 2048w, https:\/\/atecordoba.org\/wp-content\/uploads\/2023\/02\/IMG_20230223_101601940-750x422.jpg 750w, https:\/\/atecordoba.org\/wp-content\/uploads\/2023\/02\/IMG_20230223_101601940-1140x641.jpg 1140w\" sizes=\"auto, (max-width: 1024px) 100vw, 1024px\" \/><\/a><\/figure>\n\n\n\n<figure class=\"wp-block-image size-large\"><a href=\"https:\/\/atecordoba.org\/wp-content\/uploads\/2023\/02\/IMG_20230223_101852902-scaled.jpg\"><img loading=\"lazy\" decoding=\"async\" width=\"1024\" height=\"576\" data-id=\"35941\" src=\"https:\/\/atecordoba.org\/wp-content\/uploads\/2023\/02\/IMG_20230223_101852902-1024x576.jpg\" alt=\"\" class=\"wp-image-35941\" srcset=\"https:\/\/atecordoba.org\/wp-content\/uploads\/2023\/02\/IMG_20230223_101852902-1024x576.jpg 1024w, https:\/\/atecordoba.org\/wp-content\/uploads\/2023\/02\/IMG_20230223_101852902-300x169.jpg 300w, https:\/\/atecordoba.org\/wp-content\/uploads\/2023\/02\/IMG_20230223_101852902-768x432.jpg 768w, https:\/\/atecordoba.org\/wp-content\/uploads\/2023\/02\/IMG_20230223_101852902-1536x864.jpg 1536w, https:\/\/atecordoba.org\/wp-content\/uploads\/2023\/02\/IMG_20230223_101852902-2048x1152.jpg 2048w, https:\/\/atecordoba.org\/wp-content\/uploads\/2023\/02\/IMG_20230223_101852902-750x422.jpg 750w, https:\/\/atecordoba.org\/wp-content\/uploads\/2023\/02\/IMG_20230223_101852902-1140x641.jpg 1140w\" sizes=\"auto, (max-width: 1024px) 100vw, 1024px\" \/><\/a><\/figure>\n<\/figure>\n","protected":false},"excerpt":{"rendered":"<p>Hoy por la ma\u00f1ana se llev\u00f3 a cabo una marcha en apoyo a la lucha del Sindicato de Qu\u00edmicos y Petroqu\u00edmicos de R\u00edo Tercero, en largo conflicto con la multinacional due\u00f1a de la firma ATANOR, que despidi\u00f3 24 trabajadores sin causa a fines del a\u00f1o pasado. ATE C\u00f3rdoba y la CTAA junto a organizaciones que [&hellip;]<\/p>\n","protected":false},"author":7,"featured_media":35936,"comment_status":"open","ping_status":"open","sticky":false,"template":"","format":"standard","meta":{"_exactmetrics_skip_tracking":false,"_exactmetrics_sitenote_active":false,"_exactmetrics_sitenote_note":"","_exactmetrics_sitenote_category":0,"jnews-multi-image_gallery":[],"jnews_single_post":{"subtitle":"El secretario General de ATE C\u00f3rdoba y la CTAA provincia, Giuliani, destac\u00f3 que \"acompa\u00f1amos a nuestros compa\u00f1eros y hermanos del Sindicato de Qu\u00edmicos de R\u00edo Tercero en su justa lucha para la inmediata reincorporaci\u00f3n de 24 despedidos\". \u00a0","format":"standard","video":"","gallery":"","source_name":"","source_url":"","via_name":"","via_url":"","override_template":"0","override":[{"template":"1","single_blog_custom":"","parallax":"1","fullscreen":"1","layout":"right-sidebar","sidebar":"default-sidebar","second_sidebar":"default-sidebar","sticky_sidebar":"1","share_position":"top","share_float_style":"share-monocrhome","show_share_counter":"1","show_view_counter":"1","show_featured":"1","show_post_meta":"1","show_post_author":"1","show_post_author_image":"1","show_post_date":"1","post_date_format":"default","post_date_format_custom":"Y\/m\/d","show_post_category":"1","show_post_reading_time":"0","post_reading_time_wpm":"300","show_zoom_button":"0","zoom_button_out_step":"2","zoom_button_in_step":"3","show_post_tag":"1","show_prev_next_post":"1","show_popup_post":"1","number_popup_post":"1","show_author_box":"0","show_post_related":"0","show_inline_post_related":"0"}],"override_image_size":"0","image_override":[{"single_post_thumbnail_size":"crop-500","single_post_gallery_size":"crop-500"}],"trending_post":"0","trending_post_position":"meta","trending_post_label":"Trending","sponsored_post":"0","sponsored_post_label":"Sponsored by","sponsored_post_name":"","sponsored_post_url":"","sponsored_post_logo_enable":"0","sponsored_post_logo":"","sponsored_post_desc":"","disable_ad":"0"},"jnews_primary_category":{"id":""},"jnews_social_meta":{"fb_title":"","fb_description":"","fb_image":"","twitter_title":"","twitter_description":"","twitter_image":""},"jnews_review":[],"enable_review":"0","type":"percentage","name":"","summary":"","brand":"","sku":"","good":[{"good_text":""}],"bad":[{"bad_text":""}],"score_override":"","override_value":"","rating":[{"rating_text":"","rating_number":"10"}],"price":[{"shop":"","price":"","link":"","icon":""}],"jnews_override_counter":{"override_view_counter":"0","view_counter_number":"0","override_share_counter":"0","share_counter_number":"0","override_like_counter":"0","like_counter_number":"0","override_dislike_counter":"0","dislike_counter_number":"0"},"jnews_post_split":{"enable_post_split":"0","post_split":[{"template":"1","tag":"h2","numbering":"asc","mode":"normal","first":"0","enable_toc":"0","toc_type":"normal"}]},"footnotes":""},"categories":[10,92],"tags":[],"class_list":["post-35935","post","type-post","status-publish","format-standard","has-post-thumbnail","hentry","category-accion-politica","category-cta"],"jetpack_featured_media_url":"https:\/\/atecordoba.org\/wp-content\/uploads\/2023\/02\/IMG_20230223_101642179-scaled-e1677174484441.jpg","_links":{"self":[{"href":"https:\/\/atecordoba.org\/index.php?rest_route=\/wp\/v2\/posts\/35935","targetHints":{"allow":["GET"]}}],"collection":[{"href":"https:\/\/atecordoba.org\/index.php?rest_route=\/wp\/v2\/posts"}],"about":[{"href":"https:\/\/atecordoba.org\/index.php?rest_route=\/wp\/v2\/types\/post"}],"author":[{"embeddable":true,"href":"https:\/\/atecordoba.org\/index.php?rest_route=\/wp\/v2\/users\/7"}],"replies":[{"embeddable":true,"href":"https:\/\/atecordoba.org\/index.php?rest_route=%2Fwp%2Fv2%2Fcomments&post=35935"}],"version-history":[{"count":1,"href":"https:\/\/atecordoba.org\/index.php?rest_route=\/wp\/v2\/posts\/35935\/revisions"}],"predecessor-version":[{"id":35944,"href":"https:\/\/atecordoba.org\/index.php?rest_route=\/wp\/v2\/posts\/35935\/revisions\/35944"}],"wp:featuredmedia":[{"embeddable":true,"href":"https:\/\/atecordoba.org\/index.php?rest_route=\/wp\/v2\/media\/35936"}],"wp:attachment":[{"href":"https:\/\/atecordoba.org\/index.php?rest_route=%2Fwp%2Fv2%2Fmedia&parent=35935"}],"wp:term":[{"taxonomy":"category","embeddable":true,"href":"https:\/\/atecordoba.org\/index.php?rest_route=%2Fwp%2Fv2%2Fcategories&post=35935"},{"taxonomy":"post_tag","embeddable":true,"href":"https:\/\/atecordoba.org\/index.php?rest_route=%2Fwp%2Fv2%2Ftags&post=35935"}],"curies":[{"name":"wp","href":"https:\/\/api.w.org\/{rel}","templated":true}]}}