{"id":35896,"date":"2023-02-23T10:14:47","date_gmt":"2023-02-23T13:14:47","guid":{"rendered":"https:\/\/atecordoba.org\/?p=35896"},"modified":"2023-02-23T11:55:09","modified_gmt":"2023-02-23T14:55:09","slug":"ate-alcanza-acuerdo-paritario-en-san-basilio-15-al-basico-en-febrero","status":"publish","type":"post","link":"https:\/\/atecordoba.org\/?p=35896","title":{"rendered":"ATE alcanza acuerdo paritario en San Basilio: 15% al b\u00e1sico en febrero"},"content":{"rendered":"\n<div class=\"wp-block-image\"><figure class=\"aligncenter size-large is-resized\"><img loading=\"lazy\" decoding=\"async\" src=\"https:\/\/atecordoba.org\/wp-content\/uploads\/2023\/02\/San-Basilio6-1024x535.jpeg\" alt=\"\" class=\"wp-image-35897\" width=\"768\" height=\"401\" srcset=\"https:\/\/atecordoba.org\/wp-content\/uploads\/2023\/02\/San-Basilio6-1024x535.jpeg 1024w, https:\/\/atecordoba.org\/wp-content\/uploads\/2023\/02\/San-Basilio6-300x157.jpeg 300w, https:\/\/atecordoba.org\/wp-content\/uploads\/2023\/02\/San-Basilio6-768x401.jpeg 768w, https:\/\/atecordoba.org\/wp-content\/uploads\/2023\/02\/San-Basilio6-750x392.jpeg 750w, https:\/\/atecordoba.org\/wp-content\/uploads\/2023\/02\/San-Basilio6.jpeg 1080w\" sizes=\"auto, (max-width: 768px) 100vw, 768px\" \/><\/figure><\/div>\n\n\n\n<p>En reuni\u00f3n realizada con el Intendente, Rub\u00e9n Moine, la seccional de ATE Adelia Mar\u00eda encabezada por su Secretario General Diego Villegas, firm\u00f3 un acuerdo salarial del 15% para el mes de febrero. El mismo alcanza a todo el conjunto de la sy los trabajadores independientemente de su condici\u00f3n laboral.<\/p>\n\n\n\n<p>La firma del acta fue apoyada por asambleas realizadas en distintos sectores del municipio, estando presentes Villegas, Federico Giuliani secretario General del Consejo Directivo Provincial de ATE, Rafaela Alcoba Secretaria General de la seccional R\u00edo Cuarto y Marcelo Alfonso, delegado de ATE en la municipalidad de San Basilio, pilar fundamental para el crecimiento sindical dentro de la localidad.<\/p>\n\n\n\n<figure class=\"wp-block-gallery has-nested-images columns-default is-cropped wp-block-gallery-1 is-layout-flex wp-block-gallery-is-layout-flex\">\n<figure class=\"wp-block-image size-large\"><img loading=\"lazy\" decoding=\"async\" width=\"1024\" height=\"535\" data-id=\"35898\" src=\"https:\/\/atecordoba.org\/wp-content\/uploads\/2023\/02\/San-Basilio8-1024x535.jpeg\" alt=\"\" class=\"wp-image-35898\" srcset=\"https:\/\/atecordoba.org\/wp-content\/uploads\/2023\/02\/San-Basilio8-1024x535.jpeg 1024w, https:\/\/atecordoba.org\/wp-content\/uploads\/2023\/02\/San-Basilio8-300x157.jpeg 300w, https:\/\/atecordoba.org\/wp-content\/uploads\/2023\/02\/San-Basilio8-768x401.jpeg 768w, https:\/\/atecordoba.org\/wp-content\/uploads\/2023\/02\/San-Basilio8-750x392.jpeg 750w, https:\/\/atecordoba.org\/wp-content\/uploads\/2023\/02\/San-Basilio8.jpeg 1080w\" sizes=\"auto, (max-width: 1024px) 100vw, 1024px\" \/><\/figure>\n\n\n\n<figure class=\"wp-block-image size-large\"><img loading=\"lazy\" decoding=\"async\" width=\"1024\" height=\"767\" data-id=\"35899\" src=\"https:\/\/atecordoba.org\/wp-content\/uploads\/2023\/02\/San-Basilio3-1024x767.jpeg\" alt=\"\" class=\"wp-image-35899\" srcset=\"https:\/\/atecordoba.org\/wp-content\/uploads\/2023\/02\/San-Basilio3-1024x767.jpeg 1024w, https:\/\/atecordoba.org\/wp-content\/uploads\/2023\/02\/San-Basilio3-300x225.jpeg 300w, https:\/\/atecordoba.org\/wp-content\/uploads\/2023\/02\/San-Basilio3-768x575.jpeg 768w, https:\/\/atecordoba.org\/wp-content\/uploads\/2023\/02\/San-Basilio3-750x562.jpeg 750w, https:\/\/atecordoba.org\/wp-content\/uploads\/2023\/02\/San-Basilio3.jpeg 1080w\" sizes=\"auto, (max-width: 1024px) 100vw, 1024px\" \/><\/figure>\n\n\n\n<figure class=\"wp-block-image size-large\"><img loading=\"lazy\" decoding=\"async\" width=\"1024\" height=\"576\" data-id=\"35900\" src=\"https:\/\/atecordoba.org\/wp-content\/uploads\/2023\/02\/San-Basilio4-1024x576.jpeg\" alt=\"\" class=\"wp-image-35900\" srcset=\"https:\/\/atecordoba.org\/wp-content\/uploads\/2023\/02\/San-Basilio4-1024x576.jpeg 1024w, https:\/\/atecordoba.org\/wp-content\/uploads\/2023\/02\/San-Basilio4-300x169.jpeg 300w, https:\/\/atecordoba.org\/wp-content\/uploads\/2023\/02\/San-Basilio4-768x432.jpeg 768w, https:\/\/atecordoba.org\/wp-content\/uploads\/2023\/02\/San-Basilio4-750x422.jpeg 750w, https:\/\/atecordoba.org\/wp-content\/uploads\/2023\/02\/San-Basilio4.jpeg 1080w\" sizes=\"auto, (max-width: 1024px) 100vw, 1024px\" \/><\/figure>\n<\/figure>\n\n\n\n<p>De esta forma el salario b\u00e1sico de la categor\u00eda inicial para el personal quedar\u00e1 desde los $102.126; quedando prevista una nueva convocatoria para el mes de abril sentarse a lograr un nuevo aumento salarial.<\/p>\n\n\n\n<figure class=\"wp-block-gallery has-nested-images columns-default is-cropped wp-block-gallery-2 is-layout-flex wp-block-gallery-is-layout-flex\">\n<figure class=\"wp-block-image size-large\"><a href=\"https:\/\/atecordoba.org\/wp-content\/uploads\/2023\/02\/San-Basilio.jpeg\"><img loading=\"lazy\" decoding=\"async\" width=\"768\" height=\"1024\" data-id=\"35902\" src=\"https:\/\/atecordoba.org\/wp-content\/uploads\/2023\/02\/San-Basilio-768x1024.jpeg\" alt=\"\" class=\"wp-image-35902\" srcset=\"https:\/\/atecordoba.org\/wp-content\/uploads\/2023\/02\/San-Basilio-768x1024.jpeg 768w, https:\/\/atecordoba.org\/wp-content\/uploads\/2023\/02\/San-Basilio-225x300.jpeg 225w, https:\/\/atecordoba.org\/wp-content\/uploads\/2023\/02\/San-Basilio-1152x1536.jpeg 1152w, https:\/\/atecordoba.org\/wp-content\/uploads\/2023\/02\/San-Basilio-750x1000.jpeg 750w, https:\/\/atecordoba.org\/wp-content\/uploads\/2023\/02\/San-Basilio-1140x1520.jpeg 1140w, https:\/\/atecordoba.org\/wp-content\/uploads\/2023\/02\/San-Basilio.jpeg 1200w\" sizes=\"auto, (max-width: 768px) 100vw, 768px\" \/><\/a><\/figure>\n\n\n\n<figure class=\"wp-block-image size-large\"><a href=\"https:\/\/atecordoba.org\/wp-content\/uploads\/2023\/02\/San-Basilio2.jpeg\"><img loading=\"lazy\" decoding=\"async\" width=\"768\" height=\"1024\" data-id=\"35901\" src=\"https:\/\/atecordoba.org\/wp-content\/uploads\/2023\/02\/San-Basilio2-768x1024.jpeg\" alt=\"\" class=\"wp-image-35901\" srcset=\"https:\/\/atecordoba.org\/wp-content\/uploads\/2023\/02\/San-Basilio2-768x1024.jpeg 768w, https:\/\/atecordoba.org\/wp-content\/uploads\/2023\/02\/San-Basilio2-225x300.jpeg 225w, https:\/\/atecordoba.org\/wp-content\/uploads\/2023\/02\/San-Basilio2-1152x1536.jpeg 1152w, https:\/\/atecordoba.org\/wp-content\/uploads\/2023\/02\/San-Basilio2-750x1000.jpeg 750w, https:\/\/atecordoba.org\/wp-content\/uploads\/2023\/02\/San-Basilio2-1140x1520.jpeg 1140w, https:\/\/atecordoba.org\/wp-content\/uploads\/2023\/02\/San-Basilio2.jpeg 1200w\" sizes=\"auto, (max-width: 768px) 100vw, 768px\" \/><\/a><\/figure>\n<\/figure>\n","protected":false},"excerpt":{"rendered":"<p>En reuni\u00f3n realizada con el Intendente, Rub\u00e9n Moine, la seccional de ATE Adelia Mar\u00eda encabezada por su Secretario General Diego Villegas, firm\u00f3 un acuerdo salarial del 15% para el mes de febrero. El mismo alcanza a todo el conjunto de la sy los trabajadores independientemente de su condici\u00f3n laboral. La firma del acta fue apoyada [&hellip;]<\/p>\n","protected":false},"author":7,"featured_media":35903,"comment_status":"open","ping_status":"open","sticky":false,"template":"","format":"standard","meta":{"_exactmetrics_skip_tracking":false,"_exactmetrics_sitenote_active":false,"_exactmetrics_sitenote_note":"","_exactmetrics_sitenote_category":0,"jnews-multi-image_gallery":[],"jnews_single_post":{"subtitle":"De esta forma, el salario b\u00e1sico de la categor\u00eda inicial para el personal de planta partir\u00e1 desde los 102.126 pesos.","format":"standard","video":"","gallery":"","source_name":"","source_url":"","via_name":"","via_url":"","override_template":"0","override":[{"template":"1","single_blog_custom":"","parallax":"1","fullscreen":"1","layout":"right-sidebar","sidebar":"default-sidebar","second_sidebar":"default-sidebar","sticky_sidebar":"1","share_position":"top","share_float_style":"share-monocrhome","show_share_counter":"1","show_view_counter":"1","show_featured":"1","show_post_meta":"1","show_post_author":"1","show_post_author_image":"1","show_post_date":"1","post_date_format":"default","post_date_format_custom":"Y\/m\/d","show_post_category":"1","show_post_reading_time":"0","post_reading_time_wpm":"300","show_zoom_button":"0","zoom_button_out_step":"2","zoom_button_in_step":"3","show_post_tag":"1","show_prev_next_post":"1","show_popup_post":"1","number_popup_post":"1","show_author_box":"0","show_post_related":"0","show_inline_post_related":"0"}],"override_image_size":"0","image_override":[{"single_post_thumbnail_size":"crop-500","single_post_gallery_size":"crop-500"}],"trending_post":"0","trending_post_position":"meta","trending_post_label":"Trending","sponsored_post":"0","sponsored_post_label":"Sponsored by","sponsored_post_name":"","sponsored_post_url":"","sponsored_post_logo_enable":"0","sponsored_post_logo":"","sponsored_post_desc":"","disable_ad":"0"},"jnews_primary_category":{"id":""},"jnews_social_meta":{"fb_title":"","fb_description":"","fb_image":"","twitter_title":"","twitter_description":"","twitter_image":""},"jnews_review":[],"enable_review":"0","type":"percentage","name":"","summary":"","brand":"","sku":"","good":[{"good_text":""}],"bad":[{"bad_text":""}],"score_override":"","override_value":"","rating":[{"rating_text":"","rating_number":"10"}],"price":[{"shop":"","price":"","link":"","icon":""}],"jnews_override_counter":{"override_view_counter":"0","view_counter_number":"0","override_share_counter":"0","share_counter_number":"0","override_like_counter":"0","like_counter_number":"0","override_dislike_counter":"0","dislike_counter_number":"0"},"jnews_post_split":{"enable_post_split":"0","post_split":[{"template":"1","tag":"h2","numbering":"asc","mode":"normal","first":"0","enable_toc":"0","toc_type":"normal"}]},"footnotes":""},"categories":[20],"tags":[],"class_list":["post-35896","post","type-post","status-publish","format-standard","has-post-thumbnail","hentry","category-municipales"],"jetpack_featured_media_url":"https:\/\/atecordoba.org\/wp-content\/uploads\/2023\/02\/portada-1-e1677157993727.jpeg","_links":{"self":[{"href":"https:\/\/atecordoba.org\/index.php?rest_route=\/wp\/v2\/posts\/35896","targetHints":{"allow":["GET"]}}],"collection":[{"href":"https:\/\/atecordoba.org\/index.php?rest_route=\/wp\/v2\/posts"}],"about":[{"href":"https:\/\/atecordoba.org\/index.php?rest_route=\/wp\/v2\/types\/post"}],"author":[{"embeddable":true,"href":"https:\/\/atecordoba.org\/index.php?rest_route=\/wp\/v2\/users\/7"}],"replies":[{"embeddable":true,"href":"https:\/\/atecordoba.org\/index.php?rest_route=%2Fwp%2Fv2%2Fcomments&post=35896"}],"version-history":[{"count":2,"href":"https:\/\/atecordoba.org\/index.php?rest_route=\/wp\/v2\/posts\/35896\/revisions"}],"predecessor-version":[{"id":35934,"href":"https:\/\/atecordoba.org\/index.php?rest_route=\/wp\/v2\/posts\/35896\/revisions\/35934"}],"wp:featuredmedia":[{"embeddable":true,"href":"https:\/\/atecordoba.org\/index.php?rest_route=\/wp\/v2\/media\/35903"}],"wp:attachment":[{"href":"https:\/\/atecordoba.org\/index.php?rest_route=%2Fwp%2Fv2%2Fmedia&parent=35896"}],"wp:term":[{"taxonomy":"category","embeddable":true,"href":"https:\/\/atecordoba.org\/index.php?rest_route=%2Fwp%2Fv2%2Fcategories&post=35896"},{"taxonomy":"post_tag","embeddable":true,"href":"https:\/\/atecordoba.org\/index.php?rest_route=%2Fwp%2Fv2%2Ftags&post=35896"}],"curies":[{"name":"wp","href":"https:\/\/api.w.org\/{rel}","templated":true}]}}