{"id":35876,"date":"2023-02-22T12:04:32","date_gmt":"2023-02-22T15:04:32","guid":{"rendered":"https:\/\/atecordoba.org\/?p=35876"},"modified":"2023-02-22T12:04:33","modified_gmt":"2023-02-22T15:04:33","slug":"tomas-raffo-massa-expresa-el-giro-conservador-del-frente-de-todos","status":"publish","type":"post","link":"https:\/\/atecordoba.org\/?p=35876","title":{"rendered":"Tomas Raffo: &#8220;Massa expresa el giro conservador del Frente de Todos&#8221;"},"content":{"rendered":"\n<div class=\"wp-block-image\"><figure class=\"alignleft size-full\"><img decoding=\"async\" src=\"https:\/\/atecordoba.org\/wp-content\/uploads\/2023\/02\/massa.jpg\" alt=\"\" class=\"wp-image-35877\" \/><\/figure><\/div>\n\n\n\n<p>En di\u00e1logo con el programa radial Entre Todos y Todas, que la Secretar\u00eda de Prensa de ATE C\u00f3rdoba emite por GEN FM 107.5, el economista Tom\u00e1s Raffo analiz\u00f3 el proceso econ\u00f3mico que comanda el ministro de Econom\u00eda Sergio Massa y conden\u00f3 la p\u00e9rdida de peso de los sectores populares de nuestro pa\u00eds, a partir de la aceleraci\u00f3n de ajuste que implementa el ex presidente de la C\u00e1mara de Diputados de la Naci\u00f3n.<\/p>\n\n\n\n<p>Raffo integra el<a href=\"https:\/\/ipypp.org.ar\/institucional\/\"> Instituto de Pensamiento y Pol\u00edticas P\u00fablicas (IPPyP)<\/a>, centro de estudios que orienta el compa\u00f1ero Claudio Lozano, donde se vuelcan estudios de tipo econ\u00f3mico, social, laboral, energ\u00e9tico, previsional e internacional, entre otros. Y est\u00e1 coordinado por Ana Rameri.<\/p>\n\n\n\n<p>Raffo public\u00f3 <a href=\"https:\/\/ate.org.ar\/gestion-de-massa-en-economia-mas-inflacion-mas-ajuste-fiscal-y-beneficios-a-los-exportadores\/\">una columna muy completa en ATE Naciona<\/a>l analizando el periodo massista frente a Econom\u00eda, titulada &#8220;Gesti\u00f3n de Massa en Econom\u00eda: m\u00e1s inflaci\u00f3n, m\u00e1s ajuste fiscal y beneficios a los exportadores&#8221;.<\/p>\n\n\n\n<p>&#8220;Con muestras simb\u00f3licas a niveles inauditos, como el pedido de aplauso de Paolo Rocca, el Ceo de Techint, a finales del a\u00f1o pasado para celebrar la gesti\u00f3n de Massa queda claro que hubo un giro conservador del Frente de Todos al ubicar a Sergio Massa en el Ministerio,. Pero tambi\u00e9n con el nombramiento como jefe de asesores a Antonio Araque, principal Ceo de Sygenta, la multinacional china vinculada con la sojizaci\u00f3n en Argentina. Y en este marco, el giro conservador da se\u00f1ales al mercado de que se va a cumplir con el acuerdo con el FMI, que es una pol\u00edtica de ajuste del gasto p\u00fablico que estaba en discusi\u00f3n respecto a la profundidad en el marco de la gesti\u00f3n de Guzm\u00e1n&#8221;, explica Raffo.<\/p>\n\n\n\n<p>&#8220;Entonces, agrega, la discusi\u00f3n estaba en torno a si hab\u00eda o no ajuste y su grado, debate que se puso de relevancia con las cartas de CFK y la pol\u00e9mica con Guzm\u00e1n. Massa despeja la duda y llega con el plan de cumplir las metas fiscales. Efectivamente en t\u00e9rminos ideol\u00f3gicos si ve las cuentas fiscales de 2022, es a partir de la asunci\u00f3n de Massa que se acelera el ajuste fiscal, hay un aumento de la recaudaci\u00f3n que duplica el gasto y eso, principalmente, se observa en el segundo semestre del a\u00f1o. El impacto mayor es en las asignaciones de los sectores populares, tanto previsional como en jubilaciones, planes sociales, AUH aceleraron su ca\u00edda en t\u00e9rminos reales, en un contexto donde casi todos los sectores populares cayeron con la inflaci\u00f3n del 100% anual&#8221;, dice.<\/p>\n\n\n\n<p>Para el economista, el papel de Massa es, consecuentemente, dar garant\u00eda &#8220;de llevar adelante la pol\u00edtica de ajuste del Fondo en l\u00ednea con los intereses de los sectores dominantes, por eso los aplausos recibidos y as\u00ed tambi\u00e9n se entiende el apoyo impl\u00edcito que tiene de la oposici\u00f3n, que le pide a Massa que diga que no va a ser candidato a Presidente, porque en el fondo quiere que la pol\u00edtica de Massa se implemente con \u00e9xito pero sin alimentar un eventual competidor electoral. As\u00ed est\u00e1 la trampa del gobierno, que ven\u00edan con una alianza electoral en sentido opuesto al actual&#8221;.<\/p>\n\n\n\n<p><strong>\u00bfC\u00f3mo explicas en ese marco el apoyo financiero a los exportadores?<\/strong><\/p>\n\n\n\n<div class=\"wp-block-image\"><figure class=\"alignright size-full is-resized\"><img loading=\"lazy\" decoding=\"async\" src=\"https:\/\/atecordoba.org\/wp-content\/uploads\/2023\/02\/tomas-raffo.jpg\" alt=\"\" class=\"wp-image-35878\" width=\"551\" height=\"321\" srcset=\"https:\/\/atecordoba.org\/wp-content\/uploads\/2023\/02\/tomas-raffo.jpg 400w, https:\/\/atecordoba.org\/wp-content\/uploads\/2023\/02\/tomas-raffo-300x175.jpg 300w\" sizes=\"auto, (max-width: 551px) 100vw, 551px\" \/><\/figure><\/div>\n\n\n\n<p>Tomas Raffo: Se entiende porque el gobierno abocado a dar respuesta a los intereses de los grandes exportadores, hay ah\u00ed un claro ejemplo. Lo mismo que se les ha dado a los exportadores es lo que se ajust\u00f3 a los sectores populares, al reconocer un tipo de cambio por encima oficial, por debajo del d\u00f3lar paralelo, en torno a 320-330 pesos por d\u00f3lar. Un monumental subsidio y mala se\u00f1al porque reconoce que las presiones devaluatorias para las exportaciones de los recursos naturales tienen \u00e9xito.<\/p>\n\n\n\n<p>Es lo que estamos presenciando en el contexto actual, donde se habla de un d\u00f3lar-soja 3 o d\u00f3lar-soja 4 a al nuevo valor de 340. Cuando eso suceda, seguramente el d\u00f3lar no oficial seguir\u00e1 escalando y tendremos una inducci\u00f3n a la corrida cambiaria, convalidada porque el gobierno quiere resolver la demanda de los sectores concentrados, sin advertir que esas demandas son infinitas y de nunca acabar. Todo en el escenario donde gran parte del capital est\u00e1 en debate respecto a c\u00f3mo va a ser el futuro de la Argentina y qu\u00e9 signo pol\u00edtico va a tener. \u00a0Hay muchos que quieren que esa pol\u00edtica no tenga nada que ver con un frente que contenga sectores populares. Hay muchos en el capital concentrado que quisieran que gane Macri o inclusive Milei. En ese marco, convalidar las presiones devaluatorias es echar le\u00f1a al fuego para llevarnos a un lugar muy complicado en t\u00e9rminos de pol\u00edtica cambiaria y de ajuste fiscal en un a\u00f1o electoral. Son preocupaciones que est\u00e1n a la orden del d\u00eda.<\/p>\n\n\n\n<p>Entrevista completa<\/p>\n\n\n\n<figure class=\"wp-block-embed\"><div class=\"wp-block-embed__wrapper\">\nhttps:\/\/ar.radiocut.fm\/audiocut\/tomas-raffo-del-ipypp-analiza-rumbo-economico-del-gobierno-y-sus-implicancias-para-pueblo\/\n<\/div><\/figure>\n","protected":false},"excerpt":{"rendered":"<p>En di\u00e1logo con el programa radial Entre Todos y Todas, que la Secretar\u00eda de Prensa de ATE C\u00f3rdoba emite por GEN FM 107.5, el economista Tom\u00e1s Raffo analiz\u00f3 el proceso econ\u00f3mico que comanda el ministro de Econom\u00eda Sergio Massa y conden\u00f3 la p\u00e9rdida de peso de los sectores populares de nuestro pa\u00eds, a partir de [&hellip;]<\/p>\n","protected":false},"author":7,"featured_media":35877,"comment_status":"open","ping_status":"open","sticky":false,"template":"","format":"standard","meta":{"_exactmetrics_skip_tracking":false,"_exactmetrics_sitenote_active":false,"_exactmetrics_sitenote_note":"","_exactmetrics_sitenote_category":0,"jnews-multi-image_gallery":[],"jnews_single_post":{"subtitle":"Para el economista, el papel del ministro es dar garant\u00eda de llevar adelante la pol\u00edtica de ajuste del Fondo en l\u00ednea con los intereses de los sectores dominantes.","format":"standard","video":"","gallery":"","source_name":"","source_url":"","via_name":"","via_url":"","override_template":"0","override":[{"template":"1","single_blog_custom":"","parallax":"1","fullscreen":"1","layout":"right-sidebar","sidebar":"default-sidebar","second_sidebar":"default-sidebar","sticky_sidebar":"1","share_position":"top","share_float_style":"share-monocrhome","show_share_counter":"1","show_view_counter":"1","show_featured":"1","show_post_meta":"1","show_post_author":"1","show_post_author_image":"1","show_post_date":"1","post_date_format":"default","post_date_format_custom":"Y\/m\/d","show_post_category":"1","show_post_reading_time":"0","post_reading_time_wpm":"300","show_zoom_button":"0","zoom_button_out_step":"2","zoom_button_in_step":"3","show_post_tag":"1","show_prev_next_post":"1","show_popup_post":"1","number_popup_post":"1","show_author_box":"0","show_post_related":"0","show_inline_post_related":"0"}],"override_image_size":"0","image_override":[{"single_post_thumbnail_size":"crop-500","single_post_gallery_size":"crop-500"}],"trending_post":"0","trending_post_position":"meta","trending_post_label":"Trending","sponsored_post":"0","sponsored_post_label":"Sponsored by","sponsored_post_name":"","sponsored_post_url":"","sponsored_post_logo_enable":"0","sponsored_post_logo":"","sponsored_post_desc":"","disable_ad":"0"},"jnews_primary_category":{"id":""},"jnews_social_meta":{"fb_title":"","fb_description":"","fb_image":"","twitter_title":"","twitter_description":"","twitter_image":""},"jnews_review":[],"enable_review":"0","type":"percentage","name":"","summary":"","brand":"","sku":"","good":[{"good_text":""}],"bad":[{"bad_text":""}],"score_override":"","override_value":"","rating":[{"rating_text":"","rating_number":"10"}],"price":[{"shop":"","price":"","link":"","icon":""}],"jnews_override_counter":{"override_view_counter":"0","view_counter_number":"0","override_share_counter":"0","share_counter_number":"0","override_like_counter":"0","like_counter_number":"0","override_dislike_counter":"0","dislike_counter_number":"0"},"jnews_post_split":{"enable_post_split":"0","post_split":[{"template":"1","tag":"h2","numbering":"asc","mode":"normal","first":"0","enable_toc":"0","toc_type":"normal"}]},"footnotes":""},"categories":[10],"tags":[],"class_list":["post-35876","post","type-post","status-publish","format-standard","has-post-thumbnail","hentry","category-accion-politica"],"jetpack_featured_media_url":"https:\/\/atecordoba.org\/wp-content\/uploads\/2023\/02\/massa-e1677078263579.jpg","_links":{"self":[{"href":"https:\/\/atecordoba.org\/index.php?rest_route=\/wp\/v2\/posts\/35876","targetHints":{"allow":["GET"]}}],"collection":[{"href":"https:\/\/atecordoba.org\/index.php?rest_route=\/wp\/v2\/posts"}],"about":[{"href":"https:\/\/atecordoba.org\/index.php?rest_route=\/wp\/v2\/types\/post"}],"author":[{"embeddable":true,"href":"https:\/\/atecordoba.org\/index.php?rest_route=\/wp\/v2\/users\/7"}],"replies":[{"embeddable":true,"href":"https:\/\/atecordoba.org\/index.php?rest_route=%2Fwp%2Fv2%2Fcomments&post=35876"}],"version-history":[{"count":1,"href":"https:\/\/atecordoba.org\/index.php?rest_route=\/wp\/v2\/posts\/35876\/revisions"}],"predecessor-version":[{"id":35879,"href":"https:\/\/atecordoba.org\/index.php?rest_route=\/wp\/v2\/posts\/35876\/revisions\/35879"}],"wp:featuredmedia":[{"embeddable":true,"href":"https:\/\/atecordoba.org\/index.php?rest_route=\/wp\/v2\/media\/35877"}],"wp:attachment":[{"href":"https:\/\/atecordoba.org\/index.php?rest_route=%2Fwp%2Fv2%2Fmedia&parent=35876"}],"wp:term":[{"taxonomy":"category","embeddable":true,"href":"https:\/\/atecordoba.org\/index.php?rest_route=%2Fwp%2Fv2%2Fcategories&post=35876"},{"taxonomy":"post_tag","embeddable":true,"href":"https:\/\/atecordoba.org\/index.php?rest_route=%2Fwp%2Fv2%2Ftags&post=35876"}],"curies":[{"name":"wp","href":"https:\/\/api.w.org\/{rel}","templated":true}]}}