{"id":35867,"date":"2023-02-17T14:08:28","date_gmt":"2023-02-17T17:08:28","guid":{"rendered":"https:\/\/atecordoba.org\/?p=35867"},"modified":"2023-02-17T14:08:30","modified_gmt":"2023-02-17T17:08:30","slug":"cruz-del-eje-la-municipalidad-se-comprometio-a-blanquear-tramos-no-remunerativos-en-marzo-y-abril","status":"publish","type":"post","link":"https:\/\/atecordoba.org\/?p=35867","title":{"rendered":"Cruz del Eje: la municipalidad se comprometi\u00f3 a blanquear tramos no remunerativos en marzo y abril"},"content":{"rendered":"\n<figure class=\"wp-block-gallery has-nested-images columns-default is-cropped wp-block-gallery-1 is-layout-flex wp-block-gallery-is-layout-flex\">\n<figure class=\"wp-block-image size-large\"><img loading=\"lazy\" decoding=\"async\" width=\"1024\" height=\"576\" data-id=\"35869\" src=\"https:\/\/atecordoba.org\/wp-content\/uploads\/2023\/02\/IMG-20230217-WA0027-1024x576.jpg\" alt=\"\" class=\"wp-image-35869\" srcset=\"https:\/\/atecordoba.org\/wp-content\/uploads\/2023\/02\/IMG-20230217-WA0027-1024x576.jpg 1024w, https:\/\/atecordoba.org\/wp-content\/uploads\/2023\/02\/IMG-20230217-WA0027-300x169.jpg 300w, https:\/\/atecordoba.org\/wp-content\/uploads\/2023\/02\/IMG-20230217-WA0027-768x432.jpg 768w, https:\/\/atecordoba.org\/wp-content\/uploads\/2023\/02\/IMG-20230217-WA0027-1536x864.jpg 1536w, https:\/\/atecordoba.org\/wp-content\/uploads\/2023\/02\/IMG-20230217-WA0027-750x422.jpg 750w, https:\/\/atecordoba.org\/wp-content\/uploads\/2023\/02\/IMG-20230217-WA0027-1140x641.jpg 1140w, https:\/\/atecordoba.org\/wp-content\/uploads\/2023\/02\/IMG-20230217-WA0027.jpg 1600w\" sizes=\"auto, (max-width: 1024px) 100vw, 1024px\" \/><\/figure>\n\n\n\n<figure class=\"wp-block-image size-large\"><img loading=\"lazy\" decoding=\"async\" width=\"1024\" height=\"576\" data-id=\"35868\" src=\"https:\/\/atecordoba.org\/wp-content\/uploads\/2023\/02\/IMG-20230217-WA0029-1024x576.jpg\" alt=\"\" class=\"wp-image-35868\" srcset=\"https:\/\/atecordoba.org\/wp-content\/uploads\/2023\/02\/IMG-20230217-WA0029-1024x576.jpg 1024w, https:\/\/atecordoba.org\/wp-content\/uploads\/2023\/02\/IMG-20230217-WA0029-300x169.jpg 300w, https:\/\/atecordoba.org\/wp-content\/uploads\/2023\/02\/IMG-20230217-WA0029-768x432.jpg 768w, https:\/\/atecordoba.org\/wp-content\/uploads\/2023\/02\/IMG-20230217-WA0029-1536x864.jpg 1536w, https:\/\/atecordoba.org\/wp-content\/uploads\/2023\/02\/IMG-20230217-WA0029-750x422.jpg 750w, https:\/\/atecordoba.org\/wp-content\/uploads\/2023\/02\/IMG-20230217-WA0029-1140x641.jpg 1140w, https:\/\/atecordoba.org\/wp-content\/uploads\/2023\/02\/IMG-20230217-WA0029.jpg 1600w\" sizes=\"auto, (max-width: 1024px) 100vw, 1024px\" \/><\/figure>\n<\/figure>\n\n\n\n<p>En una audiencia realizada esta ma\u00f1ana con el ejecutivo municipal de Cruz del Eje, ATE logr\u00f3 el compromiso para que comience el proceso de blanqueo de las sumas no remunerativas al b\u00e1sico para las y los municipales de la localidad.<\/p>\n\n\n\n<p>El acuerdo se produjo en el marco de una audiencia que una delegaci\u00f3n de ATE C\u00f3rdoba, encabezada por nuestro secretario General, Federico Giuliani, mantuvo con el secretario de Gobierno de Cruz del Eje, Nelson Acu\u00f1a, y el titular de Recursos Humanos de la comuna.<\/p>\n\n\n\n<p>Junto a Giuliani participaron de la reuni\u00f3n los compa\u00f1eros municipales Alexis Mercado y Ricardo Rodr\u00edguez, M\u00f3nica Rodr\u00edguez, titular dela CTAA Cruz del Eje, y Juan Pozzi, referente de ATE en Punilla.<\/p>\n\n\n\n<p>Al finalizar la audiencia Giuliani resalt\u00f3 que &#8220;hay que destacar el espacio institucional logrado en una Mesa de Relaciones Laborales&#8221;.<\/p>\n\n\n\n<p>En ese marco, el dirigente inform\u00f3 que &#8220;planteamos tres temas: reconocimiento de ATE, pasar las cifras en negro a remunerativa, donde obtuvimos el compromiso a hacerlo en dos tramos en marzo y abril del corriente, y generar m\u00e1s estabilidad laboral pasando becas a contratos y contratos a planta permanente&#8221;.<\/p>\n\n\n\n<p>&#8220;Quedamos para una pr\u00f3xima reuni\u00f3n para seguir avanzando en definiciones respecto a las condiciones de trabajo de las y los municipales de Cruz del Eje&#8221;, concluy\u00f3 Giuliani.<\/p>\n","protected":false},"excerpt":{"rendered":"<p>En una audiencia realizada esta ma\u00f1ana con el ejecutivo municipal de Cruz del Eje, ATE logr\u00f3 el compromiso para que comience el proceso de blanqueo de las sumas no remunerativas al b\u00e1sico para las y los municipales de la localidad. El acuerdo se produjo en el marco de una audiencia que una delegaci\u00f3n de ATE [&hellip;]<\/p>\n","protected":false},"author":7,"featured_media":35870,"comment_status":"open","ping_status":"open","sticky":false,"template":"","format":"standard","meta":{"_exactmetrics_skip_tracking":false,"_exactmetrics_sitenote_active":false,"_exactmetrics_sitenote_note":"","_exactmetrics_sitenote_category":0,"jnews-multi-image_gallery":[],"jnews_single_post":{"subtitle":"El secretario General de ATE C\u00f3rdoba, Federic\u00f3 Giuliani, resalt\u00f3 que \"hay que destacar el espacio institucional logrado en una Mesa de Relaciones Laborales\".","format":"standard","video":"","gallery":"","source_name":"","source_url":"","via_name":"","via_url":"","override_template":"0","override":[{"template":"1","single_blog_custom":"","parallax":"1","fullscreen":"1","layout":"right-sidebar","sidebar":"default-sidebar","second_sidebar":"default-sidebar","sticky_sidebar":"1","share_position":"top","share_float_style":"share-monocrhome","show_share_counter":"1","show_view_counter":"1","show_featured":"1","show_post_meta":"1","show_post_author":"1","show_post_author_image":"1","show_post_date":"1","post_date_format":"default","post_date_format_custom":"Y\/m\/d","show_post_category":"1","show_post_reading_time":"0","post_reading_time_wpm":"300","show_zoom_button":"0","zoom_button_out_step":"2","zoom_button_in_step":"3","show_post_tag":"1","show_prev_next_post":"1","show_popup_post":"1","number_popup_post":"1","show_author_box":"0","show_post_related":"0","show_inline_post_related":"0"}],"override_image_size":"0","image_override":[{"single_post_thumbnail_size":"crop-500","single_post_gallery_size":"crop-500"}],"trending_post":"0","trending_post_position":"meta","trending_post_label":"Trending","sponsored_post":"0","sponsored_post_label":"Sponsored by","sponsored_post_name":"","sponsored_post_url":"","sponsored_post_logo_enable":"0","sponsored_post_logo":"","sponsored_post_desc":"","disable_ad":"0"},"jnews_primary_category":{"id":""},"jnews_social_meta":{"fb_title":"","fb_description":"","fb_image":"","twitter_title":"","twitter_description":"","twitter_image":""},"jnews_review":[],"enable_review":"0","type":"percentage","name":"","summary":"","brand":"","sku":"","good":[{"good_text":""}],"bad":[{"bad_text":""}],"score_override":"","override_value":"","rating":[{"rating_text":"","rating_number":"10"}],"price":[{"shop":"","price":"","link":"","icon":""}],"jnews_override_counter":{"override_view_counter":"0","view_counter_number":"0","override_share_counter":"0","share_counter_number":"0","override_like_counter":"0","like_counter_number":"0","override_dislike_counter":"0","dislike_counter_number":"0"},"jnews_post_split":{"enable_post_split":"0","post_split":[{"template":"1","tag":"h2","numbering":"asc","mode":"normal","first":"0","enable_toc":"0","toc_type":"normal"}]},"footnotes":""},"categories":[20],"tags":[],"class_list":["post-35867","post","type-post","status-publish","format-standard","has-post-thumbnail","hentry","category-municipales"],"jetpack_featured_media_url":"https:\/\/atecordoba.org\/wp-content\/uploads\/2023\/02\/tapa-e1676653653705.jpg","_links":{"self":[{"href":"https:\/\/atecordoba.org\/index.php?rest_route=\/wp\/v2\/posts\/35867","targetHints":{"allow":["GET"]}}],"collection":[{"href":"https:\/\/atecordoba.org\/index.php?rest_route=\/wp\/v2\/posts"}],"about":[{"href":"https:\/\/atecordoba.org\/index.php?rest_route=\/wp\/v2\/types\/post"}],"author":[{"embeddable":true,"href":"https:\/\/atecordoba.org\/index.php?rest_route=\/wp\/v2\/users\/7"}],"replies":[{"embeddable":true,"href":"https:\/\/atecordoba.org\/index.php?rest_route=%2Fwp%2Fv2%2Fcomments&post=35867"}],"version-history":[{"count":1,"href":"https:\/\/atecordoba.org\/index.php?rest_route=\/wp\/v2\/posts\/35867\/revisions"}],"predecessor-version":[{"id":35871,"href":"https:\/\/atecordoba.org\/index.php?rest_route=\/wp\/v2\/posts\/35867\/revisions\/35871"}],"wp:featuredmedia":[{"embeddable":true,"href":"https:\/\/atecordoba.org\/index.php?rest_route=\/wp\/v2\/media\/35870"}],"wp:attachment":[{"href":"https:\/\/atecordoba.org\/index.php?rest_route=%2Fwp%2Fv2%2Fmedia&parent=35867"}],"wp:term":[{"taxonomy":"category","embeddable":true,"href":"https:\/\/atecordoba.org\/index.php?rest_route=%2Fwp%2Fv2%2Fcategories&post=35867"},{"taxonomy":"post_tag","embeddable":true,"href":"https:\/\/atecordoba.org\/index.php?rest_route=%2Fwp%2Fv2%2Ftags&post=35867"}],"curies":[{"name":"wp","href":"https:\/\/api.w.org\/{rel}","templated":true}]}}