{"id":35841,"date":"2023-02-16T14:15:39","date_gmt":"2023-02-16T17:15:39","guid":{"rendered":"https:\/\/atecordoba.org\/?p=35841"},"modified":"2023-02-17T10:11:14","modified_gmt":"2023-02-17T13:11:14","slug":"avanzan-las-paritarias-en-adelia-maria-y-rio-de-los-sauces","status":"publish","type":"post","link":"https:\/\/atecordoba.org\/?p=35841","title":{"rendered":"Avanzan las paritarias en Adelia Mar\u00eda y R\u00edo de los Sauces"},"content":{"rendered":"\n<figure class=\"wp-block-gallery has-nested-images columns-default is-cropped wp-block-gallery-1 is-layout-flex wp-block-gallery-is-layout-flex\">\n<figure class=\"wp-block-image size-large\"><img loading=\"lazy\" decoding=\"async\" width=\"1024\" height=\"768\" data-id=\"35843\" src=\"https:\/\/atecordoba.org\/wp-content\/uploads\/2023\/02\/WhatsApp-Image-2023-02-16-at-12.25.24-1-1024x768.jpeg\" alt=\"\" class=\"wp-image-35843\" \/><\/figure>\n\n\n\n<figure class=\"wp-block-image size-large\"><img loading=\"lazy\" decoding=\"async\" width=\"1024\" height=\"576\" data-id=\"35842\" src=\"https:\/\/atecordoba.org\/wp-content\/uploads\/2023\/02\/WhatsApp-Image-2023-02-16-at-12.25.23-1024x576.jpeg\" alt=\"\" class=\"wp-image-35842\" srcset=\"https:\/\/atecordoba.org\/wp-content\/uploads\/2023\/02\/WhatsApp-Image-2023-02-16-at-12.25.23-1024x576.jpeg 1024w, https:\/\/atecordoba.org\/wp-content\/uploads\/2023\/02\/WhatsApp-Image-2023-02-16-at-12.25.23-300x169.jpeg 300w, https:\/\/atecordoba.org\/wp-content\/uploads\/2023\/02\/WhatsApp-Image-2023-02-16-at-12.25.23-768x432.jpeg 768w, https:\/\/atecordoba.org\/wp-content\/uploads\/2023\/02\/WhatsApp-Image-2023-02-16-at-12.25.23-1536x864.jpeg 1536w, https:\/\/atecordoba.org\/wp-content\/uploads\/2023\/02\/WhatsApp-Image-2023-02-16-at-12.25.23-750x422.jpeg 750w, https:\/\/atecordoba.org\/wp-content\/uploads\/2023\/02\/WhatsApp-Image-2023-02-16-at-12.25.23-1140x641.jpeg 1140w, https:\/\/atecordoba.org\/wp-content\/uploads\/2023\/02\/WhatsApp-Image-2023-02-16-at-12.25.23.jpeg 1599w\" sizes=\"auto, (max-width: 1024px) 100vw, 1024px\" \/><\/figure>\n<\/figure>\n\n\n\n<p>Las seccionales ATE Adelia Mar\u00eda y ATE R\u00edo Cuarto informaron del avance de las negociaciones con los municipios de Adelia Mar\u00eda y R\u00edo de los Sauces para actualizar los salarios de las y los municipales de ambas localidades.<\/p>\n\n\n\n<p>En el primer caso, ayer se llev\u00f3 a cabo una audiencia donde particip\u00f3 el intendente de Adelia Mar\u00eda, Jorge Marino, y el secretario de Gobierno, Flavio Liotti; en tanto, por ATE estuvieron el secretario General de la seccional, Diego Villegas, la delegada Agustina Ira\u00f1eta y su par Carlos Montero. <\/p>\n\n\n\n<p>A ra\u00edz de las conversaciones se alcanza un acuerdo que estable un aumento acumulativo del 20% en marzo y otro 20%, en iguales t\u00e9rminos, a pagar con los salarios de mayo. Adem\u00e1s, se acord\u00f3 la entrega de calzado de trabajo para las mucamas del hospital municipal.<\/p>\n\n\n\n<p>La pr\u00f3ximo audiencia se llevar\u00e1 a cabo en el mes de abril, para analizar los posibles pases a planta permanente y analizar cambios contractuales en funci\u00f3n de la antig\u00fcedad y el reconocimiento de las labores realizadas. En tanto, en junio se realizar\u00e1 una nueva convocatoria para analizar la situaci\u00f3n salarial.<\/p>\n\n\n\n<p><strong>R\u00edo de los Sauces<\/strong><\/p>\n\n\n\n<p>Por otro lado, ayer se concret\u00f3 una audiencia con el Ejecutivo municipal de la localidad de R\u00edo de Los Sauces donde estuvieron en representaci\u00f3n de ATE R\u00edo Cuarto el secretario Progremial de la seccional, Rodrigo Olgu\u00edn y el delegado municipal Juan Rivoiro, mientra que por la municipalidad particip\u00f3 el intendente N\u00e9stor Gigena.<\/p>\n\n\n\n<p>All\u00ed, el acuerdo salarial alcanzado incluye el pago de un aumento del 11% en febrero, mientras que a partir de marzo las actualizaciones se ir\u00e1n estableciendo de manera mensual conforme la inflaci\u00f3n registrada, similar al m\u00e9todo &#8216;clausula gatillo&#8217;. <\/p>\n\n\n\n<p>En la misma acta, Gigena se comprometi\u00f3 a pasar al b\u00e1sico salarial el 20% de los pagos no remunerativos del 2022, trasladar a porcentaje los items de asistencia y puntualidad y entregar ropa de trabajo en marzo a los compa\u00f1eros del Corral\u00f3n.<\/p>\n\n\n\n<p>Para junio se realizar\u00e1 una nueva audiencia a los fines de evaluar la situaci\u00f3n salarial del sector. <\/p>\n\n\n\n<figure class=\"wp-block-gallery has-nested-images columns-default is-cropped wp-block-gallery-2 is-layout-flex wp-block-gallery-is-layout-flex\">\n<figure class=\"wp-block-image size-large\"><img loading=\"lazy\" decoding=\"async\" width=\"1024\" height=\"576\" data-id=\"35844\" src=\"https:\/\/atecordoba.org\/wp-content\/uploads\/2023\/02\/WhatsApp-Image-2023-02-16-at-12.25.22-1024x576.jpeg\" alt=\"\" class=\"wp-image-35844\" srcset=\"https:\/\/atecordoba.org\/wp-content\/uploads\/2023\/02\/WhatsApp-Image-2023-02-16-at-12.25.22-1024x576.jpeg 1024w, https:\/\/atecordoba.org\/wp-content\/uploads\/2023\/02\/WhatsApp-Image-2023-02-16-at-12.25.22-300x169.jpeg 300w, https:\/\/atecordoba.org\/wp-content\/uploads\/2023\/02\/WhatsApp-Image-2023-02-16-at-12.25.22-768x432.jpeg 768w, https:\/\/atecordoba.org\/wp-content\/uploads\/2023\/02\/WhatsApp-Image-2023-02-16-at-12.25.22-750x422.jpeg 750w, https:\/\/atecordoba.org\/wp-content\/uploads\/2023\/02\/WhatsApp-Image-2023-02-16-at-12.25.22-1140x641.jpeg 1140w, https:\/\/atecordoba.org\/wp-content\/uploads\/2023\/02\/WhatsApp-Image-2023-02-16-at-12.25.22.jpeg 1280w\" sizes=\"auto, (max-width: 1024px) 100vw, 1024px\" \/><\/figure>\n\n\n\n<figure class=\"wp-block-image size-large\"><img loading=\"lazy\" decoding=\"async\" width=\"768\" height=\"1024\" data-id=\"35845\" src=\"https:\/\/atecordoba.org\/wp-content\/uploads\/2023\/02\/WhatsApp-Image-2023-02-16-at-12.25.24-768x1024.jpeg\" alt=\"\" class=\"wp-image-35845\" srcset=\"https:\/\/atecordoba.org\/wp-content\/uploads\/2023\/02\/WhatsApp-Image-2023-02-16-at-12.25.24-768x1024.jpeg 768w, https:\/\/atecordoba.org\/wp-content\/uploads\/2023\/02\/WhatsApp-Image-2023-02-16-at-12.25.24-225x300.jpeg 225w, https:\/\/atecordoba.org\/wp-content\/uploads\/2023\/02\/WhatsApp-Image-2023-02-16-at-12.25.24-1152x1536.jpeg 1152w, https:\/\/atecordoba.org\/wp-content\/uploads\/2023\/02\/WhatsApp-Image-2023-02-16-at-12.25.24-750x1000.jpeg 750w, https:\/\/atecordoba.org\/wp-content\/uploads\/2023\/02\/WhatsApp-Image-2023-02-16-at-12.25.24-1140x1520.jpeg 1140w, https:\/\/atecordoba.org\/wp-content\/uploads\/2023\/02\/WhatsApp-Image-2023-02-16-at-12.25.24.jpeg 1200w\" sizes=\"auto, (max-width: 768px) 100vw, 768px\" \/><\/figure>\n<\/figure>\n\n\n\n<p><\/p>\n","protected":false},"excerpt":{"rendered":"<p>Las seccionales ATE Adelia Mar\u00eda y ATE R\u00edo Cuarto informaron del avance de las negociaciones con los municipios de Adelia Mar\u00eda y R\u00edo de los Sauces para actualizar los salarios de las y los municipales de ambas localidades. En el primer caso, ayer se llev\u00f3 a cabo una audiencia donde particip\u00f3 el intendente de Adelia [&hellip;]<\/p>\n","protected":false},"author":7,"featured_media":35843,"comment_status":"open","ping_status":"open","sticky":false,"template":"","format":"standard","meta":{"_exactmetrics_skip_tracking":false,"_exactmetrics_sitenote_active":false,"_exactmetrics_sitenote_note":"","_exactmetrics_sitenote_category":0,"jnews-multi-image_gallery":[],"jnews_single_post":{"subtitle":"Se lograron importantes aumentos salariales en ambas localidades del sur provincial. ","format":"standard","video":"","gallery":"","source_name":"","source_url":"","via_name":"","via_url":"","override_template":"0","override":[{"template":"1","single_blog_custom":"","parallax":"1","fullscreen":"1","layout":"right-sidebar","sidebar":"default-sidebar","second_sidebar":"default-sidebar","sticky_sidebar":"1","share_position":"top","share_float_style":"share-monocrhome","show_share_counter":"1","show_view_counter":"1","show_featured":"1","show_post_meta":"1","show_post_author":"1","show_post_author_image":"1","show_post_date":"1","post_date_format":"default","post_date_format_custom":"Y\/m\/d","show_post_category":"1","show_post_reading_time":"0","post_reading_time_wpm":"300","show_zoom_button":"0","zoom_button_out_step":"2","zoom_button_in_step":"3","show_post_tag":"1","show_prev_next_post":"1","show_popup_post":"1","number_popup_post":"1","show_author_box":"0","show_post_related":"0","show_inline_post_related":"0"}],"override_image_size":"0","image_override":[{"single_post_thumbnail_size":"crop-500","single_post_gallery_size":"crop-500"}],"trending_post":"0","trending_post_position":"meta","trending_post_label":"Trending","sponsored_post":"0","sponsored_post_label":"Sponsored by","sponsored_post_name":"","sponsored_post_url":"","sponsored_post_logo_enable":"0","sponsored_post_logo":"","sponsored_post_desc":"","disable_ad":"0"},"jnews_primary_category":{"id":""},"jnews_social_meta":{"fb_title":"","fb_description":"","fb_image":"","twitter_title":"","twitter_description":"","twitter_image":""},"jnews_review":[],"enable_review":"0","type":"percentage","name":"","summary":"","brand":"","sku":"","good":[{"good_text":""}],"bad":[{"bad_text":""}],"score_override":"","override_value":"","rating":[{"rating_text":"","rating_number":"10"}],"price":[{"shop":"","price":"","link":"","icon":""}],"jnews_override_counter":{"override_view_counter":"0","view_counter_number":"0","override_share_counter":"0","share_counter_number":"0","override_like_counter":"0","like_counter_number":"0","override_dislike_counter":"0","dislike_counter_number":"0"},"jnews_post_split":{"enable_post_split":"0","post_split":[{"template":"1","tag":"h2","numbering":"asc","mode":"normal","first":"0","enable_toc":"0","toc_type":"normal"}]},"footnotes":""},"categories":[20],"tags":[],"class_list":["post-35841","post","type-post","status-publish","format-standard","has-post-thumbnail","hentry","category-municipales"],"jetpack_featured_media_url":"https:\/\/atecordoba.org\/wp-content\/uploads\/2023\/02\/WhatsApp-Image-2023-02-16-at-12.25.24-1-e1676567681704.jpeg","_links":{"self":[{"href":"https:\/\/atecordoba.org\/index.php?rest_route=\/wp\/v2\/posts\/35841","targetHints":{"allow":["GET"]}}],"collection":[{"href":"https:\/\/atecordoba.org\/index.php?rest_route=\/wp\/v2\/posts"}],"about":[{"href":"https:\/\/atecordoba.org\/index.php?rest_route=\/wp\/v2\/types\/post"}],"author":[{"embeddable":true,"href":"https:\/\/atecordoba.org\/index.php?rest_route=\/wp\/v2\/users\/7"}],"replies":[{"embeddable":true,"href":"https:\/\/atecordoba.org\/index.php?rest_route=%2Fwp%2Fv2%2Fcomments&post=35841"}],"version-history":[{"count":3,"href":"https:\/\/atecordoba.org\/index.php?rest_route=\/wp\/v2\/posts\/35841\/revisions"}],"predecessor-version":[{"id":35861,"href":"https:\/\/atecordoba.org\/index.php?rest_route=\/wp\/v2\/posts\/35841\/revisions\/35861"}],"wp:featuredmedia":[{"embeddable":true,"href":"https:\/\/atecordoba.org\/index.php?rest_route=\/wp\/v2\/media\/35843"}],"wp:attachment":[{"href":"https:\/\/atecordoba.org\/index.php?rest_route=%2Fwp%2Fv2%2Fmedia&parent=35841"}],"wp:term":[{"taxonomy":"category","embeddable":true,"href":"https:\/\/atecordoba.org\/index.php?rest_route=%2Fwp%2Fv2%2Fcategories&post=35841"},{"taxonomy":"post_tag","embeddable":true,"href":"https:\/\/atecordoba.org\/index.php?rest_route=%2Fwp%2Fv2%2Ftags&post=35841"}],"curies":[{"name":"wp","href":"https:\/\/api.w.org\/{rel}","templated":true}]}}