{"id":35785,"date":"2023-02-15T12:50:35","date_gmt":"2023-02-15T15:50:35","guid":{"rendered":"https:\/\/atecordoba.org\/?p=35785"},"modified":"2023-02-15T13:06:45","modified_gmt":"2023-02-15T16:06:45","slug":"atanor-se-prorroga-la-conciliacion-una-paso-mas-contra-los-despidos","status":"publish","type":"post","link":"https:\/\/atecordoba.org\/?p=35785","title":{"rendered":"ATANOR: se prorroga la conciliaci\u00f3n, una paso m\u00e1s contra los despidos"},"content":{"rendered":"\n<p><\/p>\n\n\n\n<div class=\"wp-block-image\"><figure class=\"alignleft size-full\"><img decoding=\"async\" src=\"https:\/\/atecordoba.org\/wp-content\/uploads\/2023\/02\/atanor-entrevista-felici-giuliani.jpeg\" alt=\"\" class=\"wp-image-35787\"\/><\/figure><\/div>\n\n\n\n<p>Ayer se realiz\u00f3 una movilizaci\u00f3n frente al Ministerio de Trabajo provincial, en el marco del plan de lucha que viene desarrollando el Sindicato de Qu\u00edmicos y Petroqu\u00edmicos de R\u00edo Tercero por los 24 despidos de la f\u00e1brica de ATANOR.<\/p>\n\n\n\n<p><a href=\"https:\/\/atecordoba.org\/?p=35752\">ATE y la CTAA estuvieron presentes solidariz\u00e1ndose con las y los compa\u00f1eros en luch<\/a>a, al igual que una serie de organizaciones, sindicatos como los aceiteros de Tancacha o los piqueteros del Polo Obrero, dando cuenta de la unidad que se genera alrededor del conflicto, que lleva varias semanas en pie y donde la cartera laboral no parece obrar en favor de la defensa de los puestos de trabajo. <\/p>\n\n\n\n<p>En ese marco, el programa radial Entre Todos y Todas, que emite cada martes la Secretar\u00eda de Prensa de ATE C\u00f3rdoba por GEN FM 107.5, entrevist\u00f3 al secretario General de ATE C\u00f3rdoba y la CTAA, Federico Giuliani, y el secretario Gremial de los Qu\u00edmicos, Lucas Felici, para abordar el conflicto en particular pero tambi\u00e9n la mirada general sobre el estado de situaci\u00f3n del movimiento obrero.<\/p>\n\n\n\n<p>Fue en ese marco de Felici explic\u00f3 que en la audiencia de ayer ATANOR propuso prorrogar la conciliaci\u00f3n de manera voluntaria y que le sindicato acept\u00f3 la propuesta a fin de avanzar en la negociaci\u00f3n para mantener en pie los 24 puestos de trabajo. &#8220;El viernes se vence la conciliaci\u00f3n obligatoria. La empresa propuso una conciliaci\u00f3n voluntaria que aceptamos porque en este momento la f\u00e1brica est\u00e1 parada y no produce. Son cinco d\u00edas h\u00e1biles que empiezan a correr a partir del mi\u00e9rcoles 22, despu\u00e9s de los feriados de carnaval&#8221;, remarc\u00f3 el dirigente.<\/p>\n\n\n\n<p>No obstante, Felici advirti\u00f3 que &#8220;terminada este nuevo instancia, si no hay acuerdo vamos al paro. Y la construcci\u00f3n del paro debe ser nacional porque tambi\u00e9n la federaci\u00f3n debe poner un marco de protecci\u00f3n, no se debe permitir que estas multinacionales hagan lo que quieran en el pa\u00eds. Por eso la semana siguiente vamos a ir con todos los que nos est\u00e1n apoyando. Vamos a ir a exigirle al Ministerio que tome decisiones y empiece a apretar porque Trabajo no puede ser una mesa y cuatro sillas donde discuten las partes sino que debe tomar una posici\u00f3n clara frente a tama\u00f1a injusticia&#8221;.<\/p>\n\n\n<p><iframe loading=\"lazy\" width=\"100%\" height=\"175px\" scrolling=\"no\" frameborder=\"no\" src=\"\/\/ar.radiocut.fm\/audiocut\/embed\/hori\/sindicato-quimicos-contra-despidos-en-atanor-dialogo-giuliani-cta-a-y-felici-spiqyp\/\" ><\/iframe><\/p>\n\n\n\n<p>En esa l\u00ednea asegur\u00f3 que &#8220;en la fabricas hay convenios colectivos de trabajo y no vamos a permitir que Schiaretti impulse la precarizaci\u00f3n. Estos golpes que estamos recibiendo es para llevar a la tercerizaci\u00f3n de los trabajos y las consecuencias que trae eso son salariales, de salud (atento que la industria qu\u00edmica es una actividad donde el trabajador pone en riesgo potencialmente su salud). Por lo tanto no solo los puestos de trabajo sino que son 24 familias que quedan en la calle en medio de una crisis econ\u00f3mica. Y genera para dentro de la f\u00e1brica una serie de problemas de condiciones de trabajo, de forma que la discusi\u00f3n con ATANOR es con el ingreso de personal a la f\u00e1brica. Tenemos una decisi\u00f3n pol\u00edtico-gremial del sindicato de irnos del ministerio con un acuerdo&#8221;.<\/p>\n\n\n\n<p>A su turno, Giuliani apunt\u00f3 contra el ministro de Trabajo Omar Sereno al afirmar que &#8220;no se maquilla ni se pone colorado para fallar a favor de las empresas privadas o del gobierno, directamente es parte del armado empresarial explotador que genera este tipo de situaciones. Se supone que el Ministerio es quien debe garantizar el derecho de los laburantes y no soluciona nada, no por una incapacidad sino por la decisi\u00f3n pol\u00edtica que toman. Evidentemente juegan para los grupos concentrados porque esa es la pol\u00edtica de Schiaretti y el ministro es su empleado&#8221;.<\/p>\n\n\n\n<p>Por otro lado, el dirigente estatal destac\u00f3 &#8220;que en la marcha juntamos a trabajadores ocupados y desocupados, sindicatos y organizaciones piqueteras&#8221;.<\/p>\n\n\n\n<p>&#8220;Estos 24 despidos son un n\u00famero para la empresa, pero para nosotros no. Detr\u00e1s est\u00e1n familias, hay una historia y por m\u00e1s que aceche este capitalismo las maquinas, las f\u00e1bricas o los medios de producci\u00f3n no funcionan solos. Por eso hay que revalorizar a los laburantes, es central en esta etapa de crisis del capitalismo en su conjunto y destacamos que desde la pelea sindical es que se va a transformar y es importante valorar los gremios. Puede hacer organizaciones malas, bur\u00f3cratas o entreguista, con dirigentes choros, empresarios o corruptos. Pero tambi\u00e9n hay sindicatos combativos y buenos como Petroqu\u00edmicos, como ATE, centrales que pelean como la CTA en C\u00f3rdoba y tambi\u00e9n dirigentes honestos, que bancan con el cuerpo lo que dicen con la boca. En ese marco se da la pelea, remarcando la importancia de la unidad en la acci\u00f3n en la calle porque nos espera un a\u00f1o complejo, cruzado por m\u00faltiples elecciones&#8221;, declar\u00f3 Giuliani.<\/p>\n\n\n\n<p>La <a href=\"https:\/\/ar.radiocut.fm\/audiocut\/sindicato-quimicos-contra-despidos-en-atanor-dialogo-giuliani-cta-a-y-felici-spiqyp\/#\">entrevista completa<\/a><\/p>\n\n\n\n<figure class=\"wp-block-embed\"><div class=\"wp-block-embed__wrapper\">\nhttps:\/\/ar.radiocut.fm\/audiocut\/sindicato-quimicos-contra-despidos-en-atanor-dialogo-giuliani-cta-a-y-felici-spiqyp\/#\n<\/div><\/figure>\n\n\n\n<p> <\/p>\n\n\n\n<p><\/p>\n","protected":false},"excerpt":{"rendered":"<p>Ayer se realiz\u00f3 una movilizaci\u00f3n frente al Ministerio de Trabajo provincial, en el marco del plan de lucha que viene desarrollando el Sindicato de Qu\u00edmicos y Petroqu\u00edmicos de R\u00edo Tercero por los 24 despidos de la f\u00e1brica de ATANOR. ATE y la CTAA estuvieron presentes solidariz\u00e1ndose con las y los compa\u00f1eros en lucha, al igual [&hellip;]<\/p>\n","protected":false},"author":7,"featured_media":35787,"comment_status":"open","ping_status":"open","sticky":false,"template":"","format":"standard","meta":{"_exactmetrics_skip_tracking":false,"_exactmetrics_sitenote_active":false,"_exactmetrics_sitenote_note":"","_exactmetrics_sitenote_category":0,"jnews-multi-image_gallery":[],"jnews_single_post":{"subtitle":"El secretario General de ATE C\u00f3rdoba, Federico Giuliani, y el dirigente del Sindicato de Qu\u00edmicos y Petroqu\u00edmicos de R\u00edo Tercero, Lucas Felici, dieron una larga entrevista donde contaron los pormenores del conflicto que dispar\u00f3 la empresa con 24 despidos. El dirigente estatal destac\u00f3 \"que en la marcha juntamos a trabajadores ocupados y desocupados, sindicatos y organizaciones piqueteras\".","format":"standard","video":"","gallery":"","source_name":"","source_url":"","via_name":"","via_url":"","override_template":"0","override":[{"template":"1","single_blog_custom":"","parallax":"1","fullscreen":"1","layout":"right-sidebar","sidebar":"default-sidebar","second_sidebar":"default-sidebar","sticky_sidebar":"1","share_position":"top","share_float_style":"share-monocrhome","show_share_counter":"1","show_view_counter":"1","show_featured":"1","show_post_meta":"1","show_post_author":"1","show_post_author_image":"1","show_post_date":"1","post_date_format":"default","post_date_format_custom":"Y\/m\/d","show_post_category":"1","show_post_reading_time":"0","post_reading_time_wpm":"300","show_zoom_button":"0","zoom_button_out_step":"2","zoom_button_in_step":"3","show_post_tag":"1","show_prev_next_post":"1","show_popup_post":"1","number_popup_post":"1","show_author_box":"0","show_post_related":"0","show_inline_post_related":"0"}],"override_image_size":"0","image_override":[{"single_post_thumbnail_size":"crop-500","single_post_gallery_size":"crop-500"}],"trending_post":"0","trending_post_position":"meta","trending_post_label":"Trending","sponsored_post":"0","sponsored_post_label":"Sponsored by","sponsored_post_name":"","sponsored_post_url":"","sponsored_post_logo_enable":"0","sponsored_post_logo":"","sponsored_post_desc":"","disable_ad":"0"},"jnews_primary_category":{"id":""},"jnews_social_meta":{"fb_title":"Acci\u00f3n Politica: se prorroga la conciliaci\u00f3n, una paso m\u00e1s contra los despidos en ATANOR","fb_description":"","fb_image":"","twitter_title":"","twitter_description":"","twitter_image":""},"jnews_review":[],"enable_review":"0","type":"percentage","name":"","summary":"","brand":"","sku":"","good":[{"good_text":""}],"bad":[{"bad_text":""}],"score_override":"","override_value":"","rating":[{"rating_text":"","rating_number":"10"}],"price":[{"shop":"","price":"","link":"","icon":""}],"jnews_override_counter":{"override_view_counter":"0","view_counter_number":"0","override_share_counter":"0","share_counter_number":"0","override_like_counter":"0","like_counter_number":"0","override_dislike_counter":"0","dislike_counter_number":"0"},"jnews_post_split":{"enable_post_split":"0","post_split":[{"template":"1","tag":"h2","numbering":"asc","mode":"normal","first":"0","enable_toc":"0","toc_type":"normal"}]},"footnotes":""},"categories":[10],"tags":[],"class_list":["post-35785","post","type-post","status-publish","format-standard","has-post-thumbnail","hentry","category-accion-politica"],"jetpack_featured_media_url":"https:\/\/atecordoba.org\/wp-content\/uploads\/2023\/02\/atanor-entrevista-felici-giuliani-e1676476052832.jpeg","_links":{"self":[{"href":"https:\/\/atecordoba.org\/index.php?rest_route=\/wp\/v2\/posts\/35785","targetHints":{"allow":["GET"]}}],"collection":[{"href":"https:\/\/atecordoba.org\/index.php?rest_route=\/wp\/v2\/posts"}],"about":[{"href":"https:\/\/atecordoba.org\/index.php?rest_route=\/wp\/v2\/types\/post"}],"author":[{"embeddable":true,"href":"https:\/\/atecordoba.org\/index.php?rest_route=\/wp\/v2\/users\/7"}],"replies":[{"embeddable":true,"href":"https:\/\/atecordoba.org\/index.php?rest_route=%2Fwp%2Fv2%2Fcomments&post=35785"}],"version-history":[{"count":3,"href":"https:\/\/atecordoba.org\/index.php?rest_route=\/wp\/v2\/posts\/35785\/revisions"}],"predecessor-version":[{"id":35789,"href":"https:\/\/atecordoba.org\/index.php?rest_route=\/wp\/v2\/posts\/35785\/revisions\/35789"}],"wp:featuredmedia":[{"embeddable":true,"href":"https:\/\/atecordoba.org\/index.php?rest_route=\/wp\/v2\/media\/35787"}],"wp:attachment":[{"href":"https:\/\/atecordoba.org\/index.php?rest_route=%2Fwp%2Fv2%2Fmedia&parent=35785"}],"wp:term":[{"taxonomy":"category","embeddable":true,"href":"https:\/\/atecordoba.org\/index.php?rest_route=%2Fwp%2Fv2%2Fcategories&post=35785"},{"taxonomy":"post_tag","embeddable":true,"href":"https:\/\/atecordoba.org\/index.php?rest_route=%2Fwp%2Fv2%2Ftags&post=35785"}],"curies":[{"name":"wp","href":"https:\/\/api.w.org\/{rel}","templated":true}]}}