{"id":35718,"date":"2023-02-10T10:14:50","date_gmt":"2023-02-10T13:14:50","guid":{"rendered":"https:\/\/atecordoba.org\/?p=35718"},"modified":"2023-02-10T10:51:36","modified_gmt":"2023-02-10T13:51:36","slug":"ya-estan-disponibles-para-el-acceso-publico-a-documentos-y-campanas-sobre-derechos-de-generos-y-diversidades-en-ate","status":"publish","type":"post","link":"https:\/\/atecordoba.org\/?p=35718","title":{"rendered":"Ya est\u00e1n disponibles para el acceso p\u00fablico a documentos y campa\u00f1as sobre derechos de g\u00e9neros y diversidades en ATE"},"content":{"rendered":"\n<figure class=\"wp-block-image size-large\"><img loading=\"lazy\" decoding=\"async\" width=\"1024\" height=\"576\" src=\"https:\/\/atecordoba.org\/wp-content\/uploads\/2023\/02\/IMG_20230210_073259581-1024x576.jpg\" alt=\"\" class=\"wp-image-35724\" srcset=\"https:\/\/atecordoba.org\/wp-content\/uploads\/2023\/02\/IMG_20230210_073259581-1024x576.jpg 1024w, https:\/\/atecordoba.org\/wp-content\/uploads\/2023\/02\/IMG_20230210_073259581-300x169.jpg 300w, https:\/\/atecordoba.org\/wp-content\/uploads\/2023\/02\/IMG_20230210_073259581-768x432.jpg 768w, https:\/\/atecordoba.org\/wp-content\/uploads\/2023\/02\/IMG_20230210_073259581-1536x864.jpg 1536w, https:\/\/atecordoba.org\/wp-content\/uploads\/2023\/02\/IMG_20230210_073259581-2048x1152.jpg 2048w, https:\/\/atecordoba.org\/wp-content\/uploads\/2023\/02\/IMG_20230210_073259581-750x422.jpg 750w, https:\/\/atecordoba.org\/wp-content\/uploads\/2023\/02\/IMG_20230210_073259581-1140x641.jpg 1140w\" sizes=\"auto, (max-width: 1024px) 100vw, 1024px\" \/><\/figure>\n\n\n\n<p><\/p>\n\n\n\n<p>Se encuentran a disposici\u00f3n en la web del Consejo Directivo Nacional de ATE documentos y campa\u00f1as de difusi\u00f3n sobre tem\u00e1ticas relacionadas con la ampliaci\u00f3n de derechos e identidades de g\u00e9neros y diversidades. <\/p>\n\n\n\n<p>Para acceder al material debe ingresarse a https:\/\/ate.org.ar\/generoydiversidad\/cajaherramientas\/<\/p>\n\n\n\n<p>All\u00ed es posible descargar materiales educativos referidos a &#8220;autoformaci\u00f3n pol\u00edtico-sindical en g\u00e9nero y diversidad&#8221; en tres cap\u00edtulos, &#8220;cupo laboral travesti-trans en el  Estado&#8221;, &#8220;historias de aborteras en nuestro pasado reciente&#8221;,  y la campa\u00f1a &#8220;pongamos fin a la violencia y el acoso en el mundo del trabajo&#8221;.<\/p>\n\n\n\n<figure class=\"wp-block-gallery has-nested-images columns-default is-cropped wp-block-gallery-1 is-layout-flex wp-block-gallery-is-layout-flex\">\n<figure class=\"wp-block-image size-large\"><img loading=\"lazy\" decoding=\"async\" width=\"381\" height=\"255\" data-id=\"35719\" src=\"https:\/\/atecordoba.org\/wp-content\/uploads\/2023\/02\/3.jpg\" alt=\"\" class=\"wp-image-35719\" srcset=\"https:\/\/atecordoba.org\/wp-content\/uploads\/2023\/02\/3.jpg 381w, https:\/\/atecordoba.org\/wp-content\/uploads\/2023\/02\/3-300x201.jpg 300w\" sizes=\"auto, (max-width: 381px) 100vw, 381px\" \/><\/figure>\n\n\n\n<figure class=\"wp-block-image size-large\"><img loading=\"lazy\" decoding=\"async\" width=\"382\" height=\"256\" data-id=\"35720\" src=\"https:\/\/atecordoba.org\/wp-content\/uploads\/2023\/02\/1-1.jpg\" alt=\"\" class=\"wp-image-35720\" srcset=\"https:\/\/atecordoba.org\/wp-content\/uploads\/2023\/02\/1-1.jpg 382w, https:\/\/atecordoba.org\/wp-content\/uploads\/2023\/02\/1-1-300x201.jpg 300w\" sizes=\"auto, (max-width: 382px) 100vw, 382px\" \/><\/figure>\n\n\n\n<figure class=\"wp-block-image size-large\"><img loading=\"lazy\" decoding=\"async\" width=\"376\" height=\"253\" data-id=\"35721\" src=\"https:\/\/atecordoba.org\/wp-content\/uploads\/2023\/02\/2-1.jpg\" alt=\"\" class=\"wp-image-35721\" srcset=\"https:\/\/atecordoba.org\/wp-content\/uploads\/2023\/02\/2-1.jpg 376w, https:\/\/atecordoba.org\/wp-content\/uploads\/2023\/02\/2-1-300x202.jpg 300w\" sizes=\"auto, (max-width: 376px) 100vw, 376px\" \/><\/figure>\n<\/figure>\n\n\n\n<p>En el primer caso, se propone se propone poner en com\u00fan saberes, marcos normativos y estrategias de formaci\u00f3n y debate hacia un sindicato no binario, repasar una historia de organizaci\u00f3n, lucha y conquistas por la ampliaci\u00f3n de derechos y &#8220;descisheterosexualizar&#8221; los espacios de trabajo, este cuadernillo invita a generar espacios laborales y organizativos libres de discriminaci\u00f3n y violencias por orientaci\u00f3n sexual e identidad de g\u00e9nero.<\/p>\n\n\n\n<p>La segunda propuesta es la campa\u00f1a de reparaci\u00f3n, traVajo y vida digna para todes lanzada por ATE en febrero del 2021 que impuls\u00f3 la demanda por la Ley de Cupo Laboral, recientemente aprobada.<\/p>\n\n\n\n<figure class=\"wp-block-gallery has-nested-images columns-default is-cropped wp-block-gallery-2 is-layout-flex wp-block-gallery-is-layout-flex\">\n<figure class=\"wp-block-image size-large\"><img loading=\"lazy\" decoding=\"async\" width=\"381\" height=\"281\" data-id=\"35723\" src=\"https:\/\/atecordoba.org\/wp-content\/uploads\/2023\/02\/5-1.jpg\" alt=\"\" class=\"wp-image-35723\" srcset=\"https:\/\/atecordoba.org\/wp-content\/uploads\/2023\/02\/5-1.jpg 381w, https:\/\/atecordoba.org\/wp-content\/uploads\/2023\/02\/5-1-300x221.jpg 300w\" sizes=\"auto, (max-width: 381px) 100vw, 381px\" \/><\/figure>\n\n\n\n<figure class=\"wp-block-image size-large\"><img loading=\"lazy\" decoding=\"async\" width=\"383\" height=\"254\" data-id=\"35722\" src=\"https:\/\/atecordoba.org\/wp-content\/uploads\/2023\/02\/4-1.jpg\" alt=\"\" class=\"wp-image-35722\" srcset=\"https:\/\/atecordoba.org\/wp-content\/uploads\/2023\/02\/4-1.jpg 383w, https:\/\/atecordoba.org\/wp-content\/uploads\/2023\/02\/4-1-300x199.jpg 300w\" sizes=\"auto, (max-width: 383px) 100vw, 383px\" \/><\/figure>\n<\/figure>\n\n\n\n<p>La tercera opci\u00f3n es una revi-p\u00f3ster desplegable para contar el reconocimiento al aborto como un derecho. Un relato no lineal, un s\u00edmbolo en la lucha a escala global por la autonom\u00eda de nuestros cuerpos.<\/p>\n\n\n\n<p>Y por \u00faltimo, la campa\u00f1a que parte de una iniciativa conjunta del ISSTATE y el Departamento de G\u00e9nero y Diversidad contra la violencia y el acoso en el mundo del trabajo.<\/p>\n","protected":false},"excerpt":{"rendered":"<p>Se encuentran a disposici\u00f3n en la web del Consejo Directivo Nacional de ATE documentos y campa\u00f1as de difusi\u00f3n sobre tem\u00e1ticas relacionadas con la ampliaci\u00f3n de derechos e identidades de g\u00e9neros y diversidades. Para acceder al material debe ingresarse a https:\/\/ate.org.ar\/generoydiversidad\/cajaherramientas\/ All\u00ed es posible descargar materiales educativos referidos a &#8220;autoformaci\u00f3n pol\u00edtico-sindical en g\u00e9nero y diversidad&#8221; en [&hellip;]<\/p>\n","protected":false},"author":7,"featured_media":35723,"comment_status":"open","ping_status":"open","sticky":false,"template":"","format":"standard","meta":{"_exactmetrics_skip_tracking":false,"_exactmetrics_sitenote_active":false,"_exactmetrics_sitenote_note":"","_exactmetrics_sitenote_category":0,"jnews-multi-image_gallery":[],"jnews_single_post":{"subtitle":"Se trata de material educativo gratuito que ATE suministra en el marco de la pol\u00edtica de formaci\u00f3n de nuestra organizaci\u00f3n.","format":"standard","video":"","gallery":"","source_name":"","source_url":"","via_name":"","via_url":"","override_template":"0","override":[{"template":"1","single_blog_custom":"","parallax":"1","fullscreen":"1","layout":"right-sidebar","sidebar":"default-sidebar","second_sidebar":"default-sidebar","sticky_sidebar":"1","share_position":"top","share_float_style":"share-monocrhome","show_share_counter":"1","show_view_counter":"1","show_featured":"1","show_post_meta":"1","show_post_author":"1","show_post_author_image":"1","show_post_date":"1","post_date_format":"default","post_date_format_custom":"Y\/m\/d","show_post_category":"1","show_post_reading_time":"0","post_reading_time_wpm":"300","show_zoom_button":"0","zoom_button_out_step":"2","zoom_button_in_step":"3","show_post_tag":"1","show_prev_next_post":"1","show_popup_post":"1","number_popup_post":"1","show_author_box":"0","show_post_related":"0","show_inline_post_related":"0"}],"override_image_size":"0","image_override":[{"single_post_thumbnail_size":"crop-500","single_post_gallery_size":"crop-500"}],"trending_post":"0","trending_post_position":"meta","trending_post_label":"Trending","sponsored_post":"0","sponsored_post_label":"Sponsored by","sponsored_post_name":"","sponsored_post_url":"","sponsored_post_logo_enable":"0","sponsored_post_logo":"","sponsored_post_desc":"","disable_ad":"0"},"jnews_primary_category":{"id":""},"jnews_social_meta":{"fb_title":"","fb_description":"","fb_image":"","twitter_title":"","twitter_description":"","twitter_image":""},"jnews_review":[],"enable_review":"0","type":"percentage","name":"","summary":"","brand":"","sku":"","good":[{"good_text":""}],"bad":[{"bad_text":""}],"score_override":"","override_value":"","rating":[{"rating_text":"","rating_number":"10"}],"price":[{"shop":"","price":"","link":"","icon":""}],"jnews_override_counter":{"override_view_counter":"0","view_counter_number":"0","override_share_counter":"0","share_counter_number":"0","override_like_counter":"0","like_counter_number":"0","override_dislike_counter":"0","dislike_counter_number":"0"},"jnews_post_split":{"enable_post_split":"0","post_split":[{"template":"1","tag":"h2","numbering":"asc","mode":"normal","first":"0","enable_toc":"0","toc_type":"normal"}]},"footnotes":""},"categories":[401,325],"tags":[],"class_list":["post-35718","post","type-post","status-publish","format-standard","has-post-thumbnail","hentry","category-documentacion","category-generos-y-diversidades"],"jetpack_featured_media_url":"https:\/\/atecordoba.org\/wp-content\/uploads\/2023\/02\/5-1.jpg","_links":{"self":[{"href":"https:\/\/atecordoba.org\/index.php?rest_route=\/wp\/v2\/posts\/35718","targetHints":{"allow":["GET"]}}],"collection":[{"href":"https:\/\/atecordoba.org\/index.php?rest_route=\/wp\/v2\/posts"}],"about":[{"href":"https:\/\/atecordoba.org\/index.php?rest_route=\/wp\/v2\/types\/post"}],"author":[{"embeddable":true,"href":"https:\/\/atecordoba.org\/index.php?rest_route=\/wp\/v2\/users\/7"}],"replies":[{"embeddable":true,"href":"https:\/\/atecordoba.org\/index.php?rest_route=%2Fwp%2Fv2%2Fcomments&post=35718"}],"version-history":[{"count":1,"href":"https:\/\/atecordoba.org\/index.php?rest_route=\/wp\/v2\/posts\/35718\/revisions"}],"predecessor-version":[{"id":35725,"href":"https:\/\/atecordoba.org\/index.php?rest_route=\/wp\/v2\/posts\/35718\/revisions\/35725"}],"wp:featuredmedia":[{"embeddable":true,"href":"https:\/\/atecordoba.org\/index.php?rest_route=\/wp\/v2\/media\/35723"}],"wp:attachment":[{"href":"https:\/\/atecordoba.org\/index.php?rest_route=%2Fwp%2Fv2%2Fmedia&parent=35718"}],"wp:term":[{"taxonomy":"category","embeddable":true,"href":"https:\/\/atecordoba.org\/index.php?rest_route=%2Fwp%2Fv2%2Fcategories&post=35718"},{"taxonomy":"post_tag","embeddable":true,"href":"https:\/\/atecordoba.org\/index.php?rest_route=%2Fwp%2Fv2%2Ftags&post=35718"}],"curies":[{"name":"wp","href":"https:\/\/api.w.org\/{rel}","templated":true}]}}