{"id":35686,"date":"2023-02-08T10:44:45","date_gmt":"2023-02-08T13:44:45","guid":{"rendered":"https:\/\/atecordoba.org\/?p=35686"},"modified":"2023-02-08T12:44:20","modified_gmt":"2023-02-08T15:44:20","slug":"comenzaron-las-paritarias-en-rio-los-sauces","status":"publish","type":"post","link":"https:\/\/atecordoba.org\/?p=35686","title":{"rendered":"Comenzaron las paritarias en R\u00edo de los Sauces"},"content":{"rendered":"\n<div class=\"wp-block-image\"><figure class=\"aligncenter size-full\"><img loading=\"lazy\" decoding=\"async\" width=\"500\" height=\"375\" src=\"https:\/\/atecordoba.org\/wp-content\/uploads\/2023\/02\/FB_IMG_1675785809752.jpg\" alt=\"\" class=\"wp-image-35687\" srcset=\"https:\/\/atecordoba.org\/wp-content\/uploads\/2023\/02\/FB_IMG_1675785809752.jpg 500w, https:\/\/atecordoba.org\/wp-content\/uploads\/2023\/02\/FB_IMG_1675785809752-300x225.jpg 300w\" sizes=\"auto, (max-width: 500px) 100vw, 500px\" \/><\/figure><\/div>\n\n\n\n<p>Ayer dio comienzo la negociaci\u00f3n paritaria para el corriente a\u00f1o para las y los trabajadores municipales de la localidad de R\u00edo de los Sauces. La mesa de trabajo cont\u00f3 con la presencia de la secretar\u00eda General de la Seccional ATE R\u00edo Cuarto, Rafaela Alcoba, que estuvo acompa\u00f1ada por Rodrigo Olgu\u00edn, miembro de la comisi\u00f3n directiva de dicha seccional. <\/p>\n\n\n\n<p>En acuerdo con las autoridades municipales se pas\u00f3 a un cuarto intermedio a los fines que el Ejecutivo eval\u00faa la propuesta de ATE.<\/p>\n\n\n\n<p><\/p>\n","protected":false},"excerpt":{"rendered":"<p>Ayer dio comienzo la negociaci\u00f3n paritaria para el corriente a\u00f1o para las y los trabajadores municipales de la localidad de R\u00edo de los Sauces. La mesa de trabajo cont\u00f3 con la presencia de la secretar\u00eda General de la Seccional ATE R\u00edo Cuarto, Rafaela Alcoba, que estuvo acompa\u00f1ada por Rodrigo Olgu\u00edn, miembro de la comisi\u00f3n directiva [&hellip;]<\/p>\n","protected":false},"author":7,"featured_media":35687,"comment_status":"open","ping_status":"open","sticky":false,"template":"","format":"standard","meta":{"_exactmetrics_skip_tracking":false,"_exactmetrics_sitenote_active":false,"_exactmetrics_sitenote_note":"","_exactmetrics_sitenote_category":0,"jnews-multi-image_gallery":[],"jnews_single_post":{"subtitle":"Comanda las negociaciones para una mejora de los salarios municipales la secretaria General de ATE R\u00edo Cuarto Rafaela Alcoba. ","format":"standard","video":"","gallery":"","source_name":"","source_url":"","via_name":"","via_url":"","override_template":"0","override":[{"template":"1","single_blog_custom":"","parallax":"1","fullscreen":"1","layout":"right-sidebar","sidebar":"default-sidebar","second_sidebar":"default-sidebar","sticky_sidebar":"1","share_position":"top","share_float_style":"share-monocrhome","show_share_counter":"1","show_view_counter":"1","show_featured":"1","show_post_meta":"1","show_post_author":"1","show_post_author_image":"1","show_post_date":"1","post_date_format":"default","post_date_format_custom":"Y\/m\/d","show_post_category":"1","show_post_reading_time":"0","post_reading_time_wpm":"300","show_zoom_button":"0","zoom_button_out_step":"2","zoom_button_in_step":"3","show_post_tag":"1","show_prev_next_post":"1","show_popup_post":"1","number_popup_post":"1","show_author_box":"0","show_post_related":"0","show_inline_post_related":"0"}],"override_image_size":"0","image_override":[{"single_post_thumbnail_size":"crop-500","single_post_gallery_size":"crop-500"}],"trending_post":"0","trending_post_position":"meta","trending_post_label":"Trending","sponsored_post":"0","sponsored_post_label":"Sponsored by","sponsored_post_name":"","sponsored_post_url":"","sponsored_post_logo_enable":"0","sponsored_post_logo":"","sponsored_post_desc":"","disable_ad":"0"},"jnews_primary_category":{"id":""},"jnews_social_meta":{"fb_title":"","fb_description":"","fb_image":"","twitter_title":"","twitter_description":"","twitter_image":""},"jnews_review":[],"enable_review":"0","type":"percentage","name":"","summary":"","brand":"","sku":"","good":[{"good_text":""}],"bad":[{"bad_text":""}],"score_override":"","override_value":"","rating":[{"rating_text":"","rating_number":"10"}],"price":[{"shop":"","price":"","link":"","icon":""}],"jnews_override_counter":{"override_view_counter":"0","view_counter_number":"0","override_share_counter":"0","share_counter_number":"0","override_like_counter":"0","like_counter_number":"0","override_dislike_counter":"0","dislike_counter_number":"0"},"jnews_post_split":{"enable_post_split":"0","post_split":[{"template":"1","tag":"h2","numbering":"asc","mode":"normal","first":"0","enable_toc":"0","toc_type":"normal"}]},"footnotes":""},"categories":[20],"tags":[1299],"class_list":["post-35686","post","type-post","status-publish","format-standard","has-post-thumbnail","hentry","category-municipales","tag-rio-los-sauces"],"jetpack_featured_media_url":"https:\/\/atecordoba.org\/wp-content\/uploads\/2023\/02\/FB_IMG_1675785809752.jpg","_links":{"self":[{"href":"https:\/\/atecordoba.org\/index.php?rest_route=\/wp\/v2\/posts\/35686","targetHints":{"allow":["GET"]}}],"collection":[{"href":"https:\/\/atecordoba.org\/index.php?rest_route=\/wp\/v2\/posts"}],"about":[{"href":"https:\/\/atecordoba.org\/index.php?rest_route=\/wp\/v2\/types\/post"}],"author":[{"embeddable":true,"href":"https:\/\/atecordoba.org\/index.php?rest_route=\/wp\/v2\/users\/7"}],"replies":[{"embeddable":true,"href":"https:\/\/atecordoba.org\/index.php?rest_route=%2Fwp%2Fv2%2Fcomments&post=35686"}],"version-history":[{"count":2,"href":"https:\/\/atecordoba.org\/index.php?rest_route=\/wp\/v2\/posts\/35686\/revisions"}],"predecessor-version":[{"id":35697,"href":"https:\/\/atecordoba.org\/index.php?rest_route=\/wp\/v2\/posts\/35686\/revisions\/35697"}],"wp:featuredmedia":[{"embeddable":true,"href":"https:\/\/atecordoba.org\/index.php?rest_route=\/wp\/v2\/media\/35687"}],"wp:attachment":[{"href":"https:\/\/atecordoba.org\/index.php?rest_route=%2Fwp%2Fv2%2Fmedia&parent=35686"}],"wp:term":[{"taxonomy":"category","embeddable":true,"href":"https:\/\/atecordoba.org\/index.php?rest_route=%2Fwp%2Fv2%2Fcategories&post=35686"},{"taxonomy":"post_tag","embeddable":true,"href":"https:\/\/atecordoba.org\/index.php?rest_route=%2Fwp%2Fv2%2Ftags&post=35686"}],"curies":[{"name":"wp","href":"https:\/\/api.w.org\/{rel}","templated":true}]}}