{"id":35682,"date":"2023-02-07T15:54:44","date_gmt":"2023-02-07T18:54:44","guid":{"rendered":"https:\/\/atecordoba.org\/?p=35682"},"modified":"2023-02-07T15:54:45","modified_gmt":"2023-02-07T18:54:45","slug":"migraciones-20-anos-sin-inversion-en-infraestructura","status":"publish","type":"post","link":"https:\/\/atecordoba.org\/?p=35682","title":{"rendered":"Migraciones: 20 a\u00f1os sin inversi\u00f3n en infraestructura"},"content":{"rendered":"\n<div class=\"wp-block-image\"><figure class=\"aligncenter size-large is-resized\"><img loading=\"lazy\" decoding=\"async\" src=\"https:\/\/atecordoba.org\/wp-content\/uploads\/2023\/02\/IMG-20230207-WA0018-1024x576.jpg\" alt=\"\" class=\"wp-image-35683\" width=\"768\" height=\"432\" \/><\/figure><\/div>\n\n\n\n<p>La semana pasada un obrero de la construcci\u00f3n que realizaba reparaciones en la delegaci\u00f3n de la calle Caseros de la Direcci\u00f3n Nacional de Migraciones sufri\u00f3 un accidente al caer a trav\u00e9s de un hueco en el techo. Se trat\u00f3 de un derrumbe de un sector donde est\u00e1 la atenci\u00f3n al p\u00fablico que podr\u00eda haber terminado en una tragedia. <\/p>\n\n\n\n<div class=\"wp-block-image\"><figure class=\"alignright size-large is-resized\"><img loading=\"lazy\" decoding=\"async\" src=\"https:\/\/atecordoba.org\/wp-content\/uploads\/2023\/02\/FB_IMG_1675788452888-576x1024.jpg\" alt=\"\" class=\"wp-image-35684\" width=\"288\" height=\"512\" srcset=\"https:\/\/atecordoba.org\/wp-content\/uploads\/2023\/02\/FB_IMG_1675788452888-576x1024.jpg 576w, https:\/\/atecordoba.org\/wp-content\/uploads\/2023\/02\/FB_IMG_1675788452888-169x300.jpg 169w, https:\/\/atecordoba.org\/wp-content\/uploads\/2023\/02\/FB_IMG_1675788452888-768x1365.jpg 768w, https:\/\/atecordoba.org\/wp-content\/uploads\/2023\/02\/FB_IMG_1675788452888-864x1536.jpg 864w, https:\/\/atecordoba.org\/wp-content\/uploads\/2023\/02\/FB_IMG_1675788452888-750x1333.jpg 750w, https:\/\/atecordoba.org\/wp-content\/uploads\/2023\/02\/FB_IMG_1675788452888.jpg 1080w\" sizes=\"auto, (max-width: 288px) 100vw, 288px\" \/><\/figure><\/div>\n\n\n\n<p>En ese marco, hoy se realiz\u00f3 una inspecci\u00f3n al edificio por parte del Departamento de Salud Laboral del Consejo Directivo Provincial a los fines de realizar una evaluaci\u00f3n completa de la infraestructura del lugar. <\/p>\n\n\n\n<p>En la oportunidad estuvieron el secretario General de ATE, Federico Giuliani, junto a la delegada sectorial Ana Aguirres, y los integrantes del Departamento mencionado, Mat\u00edas Giuliani y Javier Bracamonte. <\/p>\n\n\n\n<p>Al terminar la inspecci\u00f3n Mat\u00edas Giuliani dijo que &#8220;hoy vinimos a hacer una inspecci\u00f3n sindical de las condiciones y medio ambiente de trabajo y estuvimos relevando para luego elaborar un informe y elevarlo a las autoridades para exigir las mejoras y cumplimentar la normativa vigente en cuanto a lo que es higiene y seguridad en el trabajo&#8221;.<\/p>\n\n\n\n<p>Respecto al accidente, Giuliani se\u00f1al\u00f3 que &#8220;tuvieron toda la pandemia para llevar adelante tareas de refacci\u00f3n y acondicionamiento en las oficinas de distintos sectores y organismos de la administraci\u00f3n p\u00fablica nacional que no se han realizado&#8221;.<\/p>\n\n\n\n<p>&#8220;Hoy se encuentran llevando adelante tareas de remodelaci\u00f3n casi integrales, pero se lleg\u00f3 a ese estado es por la desidia de muchos a\u00f1os. Si bien hoy tenemos la dicha de que se hagan algunas de las obras necesarias, las y los compa\u00f1eros trabajaron as\u00ed durante much\u00edsimos a\u00f1os. De hecho, manifiestan que desde 2003 no hubo mejoras en el edificio. Estamos hablando que durante 20 a\u00f1os realizaron tareas bajo condiciones de medio ambiente de trabajo alarmantes, donde no solo se desenvuelven compa\u00f1eros y compa\u00f1eras que garantizan derecho a la poblaci\u00f3n, sino los propios usuarios que corren el riesgo de sufrir accidentes. Y ahora se suman operarios de las contratistas&#8221;, concluy\u00f3.<\/p>\n","protected":false},"excerpt":{"rendered":"<p>La semana pasada un obrero de la construcci\u00f3n que realizaba reparaciones en la delegaci\u00f3n de la calle Caseros de la Direcci\u00f3n Nacional de Migraciones sufri\u00f3 un accidente al caer a trav\u00e9s de un hueco en el techo. Se trat\u00f3 de un derrumbe de un sector donde est\u00e1 la atenci\u00f3n al p\u00fablico que podr\u00eda haber terminado [&hellip;]<\/p>\n","protected":false},"author":7,"featured_media":35683,"comment_status":"open","ping_status":"open","sticky":false,"template":"","format":"standard","meta":{"_exactmetrics_skip_tracking":false,"_exactmetrics_sitenote_active":false,"_exactmetrics_sitenote_note":"","_exactmetrics_sitenote_category":0,"jnews-multi-image_gallery":[],"jnews_single_post":{"subtitle":"A ra\u00edz del derrumbe de un techo del edificio la semana pasada el Departamento de Salud Laboral y Medio Ambiente de Trabajo realiz\u00f3 una inspecci\u00f3n para elevar un informe a las autoridades del organismo. ","format":"standard","video":"","gallery":"","source_name":"","source_url":"","via_name":"","via_url":"","override_template":"0","override":[{"template":"1","single_blog_custom":"","parallax":"1","fullscreen":"1","layout":"right-sidebar","sidebar":"default-sidebar","second_sidebar":"default-sidebar","sticky_sidebar":"1","share_position":"top","share_float_style":"share-monocrhome","show_share_counter":"1","show_view_counter":"1","show_featured":"1","show_post_meta":"1","show_post_author":"1","show_post_author_image":"1","show_post_date":"1","post_date_format":"default","post_date_format_custom":"Y\/m\/d","show_post_category":"1","show_post_reading_time":"0","post_reading_time_wpm":"300","show_zoom_button":"0","zoom_button_out_step":"2","zoom_button_in_step":"3","show_post_tag":"1","show_prev_next_post":"1","show_popup_post":"1","number_popup_post":"1","show_author_box":"0","show_post_related":"0","show_inline_post_related":"0"}],"override_image_size":"0","image_override":[{"single_post_thumbnail_size":"crop-500","single_post_gallery_size":"crop-500"}],"trending_post":"0","trending_post_position":"meta","trending_post_label":"Trending","sponsored_post":"0","sponsored_post_label":"Sponsored by","sponsored_post_name":"","sponsored_post_url":"","sponsored_post_logo_enable":"0","sponsored_post_logo":"","sponsored_post_desc":"","disable_ad":"0"},"jnews_primary_category":{"id":""},"jnews_social_meta":{"fb_title":"","fb_description":"","fb_image":"","twitter_title":"","twitter_description":"","twitter_image":""},"jnews_review":[],"enable_review":"0","type":"percentage","name":"","summary":"","brand":"","sku":"","good":[{"good_text":""}],"bad":[{"bad_text":""}],"score_override":"","override_value":"","rating":[{"rating_text":"","rating_number":"10"}],"price":[{"shop":"","price":"","link":"","icon":""}],"jnews_override_counter":{"override_view_counter":"0","view_counter_number":"0","override_share_counter":"0","share_counter_number":"0","override_like_counter":"0","like_counter_number":"0","override_dislike_counter":"0","dislike_counter_number":"0"},"jnews_post_split":{"enable_post_split":"0","post_split":[{"template":"1","tag":"h2","numbering":"asc","mode":"normal","first":"0","enable_toc":"0","toc_type":"normal"}]},"footnotes":""},"categories":[104],"tags":[69,29],"class_list":["post-35682","post","type-post","status-publish","format-standard","has-post-thumbnail","hentry","category-departamento-de-salud","tag-migraciones","tag-nacionales-2"],"jetpack_featured_media_url":"https:\/\/atecordoba.org\/wp-content\/uploads\/2023\/02\/IMG-20230207-WA0018-e1675796076634.jpg","_links":{"self":[{"href":"https:\/\/atecordoba.org\/index.php?rest_route=\/wp\/v2\/posts\/35682","targetHints":{"allow":["GET"]}}],"collection":[{"href":"https:\/\/atecordoba.org\/index.php?rest_route=\/wp\/v2\/posts"}],"about":[{"href":"https:\/\/atecordoba.org\/index.php?rest_route=\/wp\/v2\/types\/post"}],"author":[{"embeddable":true,"href":"https:\/\/atecordoba.org\/index.php?rest_route=\/wp\/v2\/users\/7"}],"replies":[{"embeddable":true,"href":"https:\/\/atecordoba.org\/index.php?rest_route=%2Fwp%2Fv2%2Fcomments&post=35682"}],"version-history":[{"count":1,"href":"https:\/\/atecordoba.org\/index.php?rest_route=\/wp\/v2\/posts\/35682\/revisions"}],"predecessor-version":[{"id":35685,"href":"https:\/\/atecordoba.org\/index.php?rest_route=\/wp\/v2\/posts\/35682\/revisions\/35685"}],"wp:featuredmedia":[{"embeddable":true,"href":"https:\/\/atecordoba.org\/index.php?rest_route=\/wp\/v2\/media\/35683"}],"wp:attachment":[{"href":"https:\/\/atecordoba.org\/index.php?rest_route=%2Fwp%2Fv2%2Fmedia&parent=35682"}],"wp:term":[{"taxonomy":"category","embeddable":true,"href":"https:\/\/atecordoba.org\/index.php?rest_route=%2Fwp%2Fv2%2Fcategories&post=35682"},{"taxonomy":"post_tag","embeddable":true,"href":"https:\/\/atecordoba.org\/index.php?rest_route=%2Fwp%2Fv2%2Ftags&post=35682"}],"curies":[{"name":"wp","href":"https:\/\/api.w.org\/{rel}","templated":true}]}}