{"id":35672,"date":"2023-02-06T11:06:10","date_gmt":"2023-02-06T14:06:10","guid":{"rendered":"https:\/\/atecordoba.org\/?p=35672"},"modified":"2023-02-06T11:06:11","modified_gmt":"2023-02-06T14:06:11","slug":"ni-un-solo-despido-en-emsur-s-a","status":"publish","type":"post","link":"https:\/\/atecordoba.org\/?p=35672","title":{"rendered":"&#8220;\u00a1Ni un solo despido en EMSUR S.A!&#8221;"},"content":{"rendered":"\n<figure class=\"wp-block-gallery has-nested-images columns-default is-cropped wp-block-gallery-1 is-layout-flex wp-block-gallery-is-layout-flex\">\n<figure class=\"wp-block-image size-large\"><a href=\"https:\/\/atecordoba.org\/wp-content\/uploads\/2023\/02\/Graficos.jpeg\" target=\"_blank\" rel=\"noopener\"><img loading=\"lazy\" decoding=\"async\" width=\"576\" height=\"1024\" data-id=\"35674\" src=\"https:\/\/atecordoba.org\/wp-content\/uploads\/2023\/02\/Graficos-576x1024.jpeg\" alt=\"\" class=\"wp-image-35674\" srcset=\"https:\/\/atecordoba.org\/wp-content\/uploads\/2023\/02\/Graficos-576x1024.jpeg 576w, https:\/\/atecordoba.org\/wp-content\/uploads\/2023\/02\/Graficos-169x300.jpeg 169w, https:\/\/atecordoba.org\/wp-content\/uploads\/2023\/02\/Graficos.jpeg 720w\" sizes=\"auto, (max-width: 576px) 100vw, 576px\" \/><\/a><\/figure>\n\n\n\n<figure class=\"wp-block-image size-medium\"><a href=\"https:\/\/atecordoba.org\/wp-content\/uploads\/2023\/02\/Cierre-EMSUR.jpg\" target=\"_blank\" rel=\"noopener\"><img loading=\"lazy\" decoding=\"async\" width=\"298\" height=\"300\" data-id=\"35673\" src=\"https:\/\/atecordoba.org\/wp-content\/uploads\/2023\/02\/Cierre-EMSUR-298x300.jpg\" alt=\"\" class=\"wp-image-35673\" srcset=\"https:\/\/atecordoba.org\/wp-content\/uploads\/2023\/02\/Cierre-EMSUR-298x300.jpg 298w, https:\/\/atecordoba.org\/wp-content\/uploads\/2023\/02\/Cierre-EMSUR-150x150.jpg 150w, https:\/\/atecordoba.org\/wp-content\/uploads\/2023\/02\/Cierre-EMSUR-75x75.jpg 75w, https:\/\/atecordoba.org\/wp-content\/uploads\/2023\/02\/Cierre-EMSUR.jpg 691w\" sizes=\"auto, (max-width: 298px) 100vw, 298px\" \/><\/a><\/figure>\n<\/figure>\n\n\n\n<p>ATE y la CTA-A C\u00f3rdoba exigen la vuelta atr\u00e1s con los despidos de 75 trabajadores y trabajadoras de la multinacional de capitales espa\u00f1oles EMSUR Argentina S.A. que realiza envases flexibles en la Ciudad de C\u00f3rdoba. Al mismo tiempo, manifiestan la solidaridad con las personas afectadas directamente y con la organizaci\u00f3n gremial que las defiende y representa, la Uni\u00f3n Obrera Gr\u00e1fica Cordobesa.<\/p>\n\n\n<p><iframe loading=\"lazy\" src=\"https:\/\/www.facebook.com\/plugins\/post.php?href=https%3A%2F%2Fwww.facebook.com%2FGremio.grafico%2Fposts%2Fpfbid0252UebkGWZm3v78uDGZghtBhvF2ssXyEnUfdgr1JkW5drWfqUP1myKgeUSwgpnwKZl&#038;show_text=true&#038;width=500\" width=\"500\" height=\"411\" style=\"border:none;overflow:hidden\" scrolling=\"no\" frameborder=\"0\" allowfullscreen=\"true\" allow=\"autoplay; clipboard-write; encrypted-media; picture-in-picture; web-share\"><\/iframe><\/p>\n\n\n\n<p>Es sabido que estas grandes empresas se han forjado al calor de la explotaci\u00f3n de sus obreros\/as quienes han entregado gran parte de sus vidas al trabajo denodado por mejorar niveles y calidad en sus producciones. El perfeccionamiento y la excelencia es una constante en nosotros y nosotras, quienes vivimos de nuestro trabajo, as\u00ed como lo es el ajuste y el traslado al polo del trabajo de las crisis que las propias grandes empresas generan. Por ello expresamos que el destino de la clase trabajadora es uno solo y la solidaridad entre compa\u00f1eras y compa\u00f1eros, el m\u00e1s alto valor de quienes construimos organizaciones gremiales que apuntan verdaderamente a acabar con las injusticias: ese es el motivo, ni la casualidad ni nada de eso, por el que nos encontramos el mi\u00e9rcoles 1 de febrero a la misma hora protestando frente al Ministerio de Trabajo de la Provincia: porque los despidos en ATANOR as\u00ed como los de EMSUR y los de cada compa\u00f1ero\/a -cualquiera sea su condici\u00f3n contractual- tienen una raiz com\u00fan y una soluci\u00f3n de conjunto. A ellas debemos apuntar si queremos verdaderamente construir esa Patria Justa, Libre y Soberana con la que tanto hemos so\u00f1ado y por la que tanto hemos luchado nuestros pueblos.<\/p>\n\n\n\n<p>\u00a1Ni un paso atr\u00e1s!<\/p>\n\n\n\n<p>\u00a1Unidad de las y los trabajadores, y al que no le gusta, se jode!<\/p>\n\n\n\n<p><\/p>\n\n\n\n<p class=\"has-text-align-center\"><strong>Asociaci\u00f3n Trabajadores del Estado Provincia de C\u00f3rdoba<\/strong><\/p>\n\n\n\n<p class=\"has-text-align-center\"><strong>Central de las y los trabajadores de la Argentina (Provincia y Ciudad de C\u00f3rdoba)<\/strong><\/p>\n\n\n<a href=\"https:\/\/atecordoba.org\/wp-content\/uploads\/2023\/02\/06-02-Despidos-EMSUR-Solidaridad-Graficos.pdf\" class=\"pdfemb-viewer\" style=\"\" data-width=\"max\" data-height=\"max\" data-toolbar=\"bottom\" data-toolbar-fixed=\"off\">06-02-Despidos-EMSUR-Solidaridad-Graficos<\/a>\n<p class=\"wp-block-pdfemb-pdf-embedder-viewer\"><\/p>\n\n\n\n<p><\/p>\n","protected":false},"excerpt":{"rendered":"<p>ATE y la CTA-A C\u00f3rdoba exigen la vuelta atr\u00e1s con los despidos de 75 trabajadores y trabajadoras de la multinacional de capitales espa\u00f1oles EMSUR Argentina S.A. que realiza envases flexibles en la Ciudad de C\u00f3rdoba. Al mismo tiempo, manifiestan la solidaridad con las personas afectadas directamente y con la organizaci\u00f3n gremial que las defiende y [&hellip;]<\/p>\n","protected":false},"author":6,"featured_media":35676,"comment_status":"open","ping_status":"open","sticky":false,"template":"","format":"standard","meta":{"_exactmetrics_skip_tracking":false,"_exactmetrics_sitenote_active":false,"_exactmetrics_sitenote_note":"","_exactmetrics_sitenote_category":0,"jnews-multi-image_gallery":[],"jnews_single_post":{"subtitle":"ATE y CTA-A manifiestan su solidaridad con la Uni\u00f3n Obrera Gr\u00e1fica Cordobesa ante la avanzada empresaria contra las fuentes de trabajo.","format":"standard","video":"","gallery":"","source_name":"","source_url":"","via_name":"","via_url":"","override_template":"0","override":[{"template":"1","single_blog_custom":"","parallax":"1","fullscreen":"1","layout":"right-sidebar","sidebar":"default-sidebar","second_sidebar":"default-sidebar","sticky_sidebar":"1","share_position":"top","share_float_style":"share-monocrhome","show_share_counter":"1","show_view_counter":"1","show_featured":"1","show_post_meta":"1","show_post_author":"1","show_post_author_image":"1","show_post_date":"1","post_date_format":"default","post_date_format_custom":"Y\/m\/d","show_post_category":"1","show_post_reading_time":"0","post_reading_time_wpm":"300","show_zoom_button":"0","zoom_button_out_step":"2","zoom_button_in_step":"3","show_post_tag":"1","show_prev_next_post":"1","show_popup_post":"1","number_popup_post":"1","show_author_box":"0","show_post_related":"0","show_inline_post_related":"0"}],"override_image_size":"0","image_override":[{"single_post_thumbnail_size":"crop-500","single_post_gallery_size":"crop-500"}],"trending_post":"0","trending_post_position":"meta","trending_post_label":"Trending","sponsored_post":"0","sponsored_post_label":"Sponsored by","sponsored_post_name":"","sponsored_post_url":"","sponsored_post_logo_enable":"0","sponsored_post_logo":"","sponsored_post_desc":"","disable_ad":"0"},"jnews_primary_category":{"id":""},"jnews_social_meta":{"fb_title":"","fb_description":"","fb_image":"","twitter_title":"","twitter_description":"","twitter_image":""},"jnews_review":[],"enable_review":"0","type":"percentage","name":"","summary":"","brand":"","sku":"","good":[{"good_text":""}],"bad":[{"bad_text":""}],"score_override":"","override_value":"","rating":[{"rating_text":"","rating_number":"10"}],"price":[{"shop":"","price":"","link":"","icon":""}],"jnews_override_counter":{"override_view_counter":"0","view_counter_number":"0","override_share_counter":"0","share_counter_number":"0","override_like_counter":"0","like_counter_number":"0","override_dislike_counter":"0","dislike_counter_number":"0"},"jnews_post_split":{"enable_post_split":"0","post_split":[{"template":"1","tag":"h2","numbering":"asc","mode":"normal","first":"0","enable_toc":"0","toc_type":"normal"}]},"footnotes":""},"categories":[10,53,341,92],"tags":[],"class_list":["post-35672","post","type-post","status-publish","format-standard","has-post-thumbnail","hentry","category-accion-politica","category-comunicados-de-prensa","category-cdp","category-cta"],"jetpack_featured_media_url":"https:\/\/atecordoba.org\/wp-content\/uploads\/2023\/02\/Despidos-EMSUR-vista-previa.jpg","_links":{"self":[{"href":"https:\/\/atecordoba.org\/index.php?rest_route=\/wp\/v2\/posts\/35672","targetHints":{"allow":["GET"]}}],"collection":[{"href":"https:\/\/atecordoba.org\/index.php?rest_route=\/wp\/v2\/posts"}],"about":[{"href":"https:\/\/atecordoba.org\/index.php?rest_route=\/wp\/v2\/types\/post"}],"author":[{"embeddable":true,"href":"https:\/\/atecordoba.org\/index.php?rest_route=\/wp\/v2\/users\/6"}],"replies":[{"embeddable":true,"href":"https:\/\/atecordoba.org\/index.php?rest_route=%2Fwp%2Fv2%2Fcomments&post=35672"}],"version-history":[{"count":1,"href":"https:\/\/atecordoba.org\/index.php?rest_route=\/wp\/v2\/posts\/35672\/revisions"}],"predecessor-version":[{"id":35677,"href":"https:\/\/atecordoba.org\/index.php?rest_route=\/wp\/v2\/posts\/35672\/revisions\/35677"}],"wp:featuredmedia":[{"embeddable":true,"href":"https:\/\/atecordoba.org\/index.php?rest_route=\/wp\/v2\/media\/35676"}],"wp:attachment":[{"href":"https:\/\/atecordoba.org\/index.php?rest_route=%2Fwp%2Fv2%2Fmedia&parent=35672"}],"wp:term":[{"taxonomy":"category","embeddable":true,"href":"https:\/\/atecordoba.org\/index.php?rest_route=%2Fwp%2Fv2%2Fcategories&post=35672"},{"taxonomy":"post_tag","embeddable":true,"href":"https:\/\/atecordoba.org\/index.php?rest_route=%2Fwp%2Fv2%2Ftags&post=35672"}],"curies":[{"name":"wp","href":"https:\/\/api.w.org\/{rel}","templated":true}]}}