{"id":35669,"date":"2023-02-03T16:03:39","date_gmt":"2023-02-03T19:03:39","guid":{"rendered":"https:\/\/atecordoba.org\/?p=35669"},"modified":"2023-02-03T16:03:40","modified_gmt":"2023-02-03T19:03:40","slug":"giuliani-hoy-las-organizaciones-populares-no-tenemos-candidato-hay-mucha-dispersion-y-nadie-lograr-generar-la-sintesis","status":"publish","type":"post","link":"https:\/\/atecordoba.org\/?p=35669","title":{"rendered":"Giuliani: &#8220;hoy las organizaciones populares no tenemos candidato, hay mucha dispersi\u00f3n y nadie lograr generar la s\u00edntesis&#8221;"},"content":{"rendered":"\n<div class=\"wp-block-image\"><figure class=\"alignright size-full\"><img loading=\"lazy\" decoding=\"async\" width=\"733\" height=\"421\" src=\"https:\/\/atecordoba.org\/wp-content\/uploads\/2022\/12\/federicorecorte.jpg\" alt=\"\" class=\"wp-image-35314\" srcset=\"https:\/\/atecordoba.org\/wp-content\/uploads\/2022\/12\/federicorecorte.jpg 733w, https:\/\/atecordoba.org\/wp-content\/uploads\/2022\/12\/federicorecorte-300x172.jpg 300w\" sizes=\"auto, (max-width: 733px) 100vw, 733px\" \/><\/figure><\/div>\n\n\n\n<p>\u201cHoy en Argentina el 50% de la poblaci\u00f3n es pobre. Estamos hablando de trabajadoras y trabajadores de los \u00e1mbitos p\u00fablicos y privados que trabajan y siguen siendo pobres\u201d, dijo Federico Giuliani en di\u00e1logo con la radio AM930. Por otra parte, se\u00f1al\u00f3 que los grandes desaf\u00edos son salariales porque seg\u00fan los trabajadores de ATE en Indec, en diciembre de 2022 un sueldo debe alcanzar los 238.000 pesos para no caer en la pobreza. <\/p>\n\n\n\n<p>Ante estos datos, Federico Giuliani manifest\u00f3 que &#8220;si uno ve el universo de los salarios en Argentina, la gran mayor\u00eda de los trabajadores del pa\u00eds est\u00e1 empobrecido, es decir, trabaja y sigue siendo pobre. Tiene un empleo, pero tiene que recurrir al pluriempleo para rascar esos n\u00fameros que no son m\u00e1s que un piso de dignidad porque para no ser pobre en Argentina necesitas 238.000 pesos con los que solamente compr\u00e1s la canasta b\u00e1sica, pag\u00e1s tu alquiler, mand\u00e1s tus hijos a la escuela, pero te olvid\u00e1s que una familia se tiene que vestir, recrear y vacacionar\u201d.Asegur\u00f3 que este tipo de situaciones \u201cnos hacen ver que, en este contexto de alt\u00edsimo empleo en negro, salarios de pobreza y en las malas condiciones de trabajo en las cuales la mayor\u00eda de los trabajadores en Argentina presta sus tareas, est\u00e1n centrados los cimientos para transformar la realidad y convertir nuestra vida laboral en algo m\u00e1s digno\u201d.<\/p>\n\n\n\n<p><strong>El techo de Massa tendr\u00e1 filtraciones<\/strong><\/p>\n\n\n\n<p>Sobre la intensi\u00f3n del ministro Sergio Massa de imponer un techo a las paritarias, el dirigente se\u00f1al\u00f3 que &#8220;en los \u00faltimos tres presupuestos del Estado nacional las proyecciones que se hicieron para ejecutarlos fueron fallidas y quedaron muy lejos de la realidad inflacionaria. El 2022 fue el peor de todos con 95% de inflaci\u00f3n anual, que es la m\u00e1s alta de los \u00faltimos 30 a\u00f1os. Esto no\u00a0 es solo fruto de la incapacidad del gobierno de controlar la inflaci\u00f3n, sino por la operaci\u00f3n permanente de los grupos econ\u00f3micos y de poder en Argentina. Por eso es impensable que se pueda llegar a cumplir en el 2023 un techo del 60% que plantea Massa, m\u00e1s teniendo en cuenta que se trata de un a\u00f1o electoral, a nivel nacional, provincial y en cada uno de los municipios argentinos&#8221;.<\/p>\n\n\n\n<p>&#8220;Ponerle un techo a la paritaria es una manera a afectar su car\u00e1cter libre y democr\u00e1tico, cercenando la posibilidad de discutir a las y los trabajadores cu\u00e1les deben ser los aumentos salariales. Por un lado le erran y por mucho las proyecciones inflacionarias y por otro fijan un techo arbitrario, todo lo cual no contribuye a la paz social en nuestro pa\u00eds. Por lo cual en ATE estamos en contra del 60% que plantea Massa, no solo por la inflaci\u00f3n que puede sucederse en 2023 sino tambi\u00e9n por el salario real que perdimos en los tres a\u00f1os de gobierno de Alberto y en los cuatro del gobierno de la oligarqu\u00eda recalcitrante que tuvo al frente a Mauricio Macri&#8221;, reflexion\u00f3.<\/p>\n\n\n\n<div class=\"wp-block-image\"><figure class=\"alignleft size-full\"><img loading=\"lazy\" decoding=\"async\" width=\"433\" height=\"607\" src=\"https:\/\/atecordoba.org\/wp-content\/uploads\/2022\/12\/federico-palestino.jpg\" alt=\"\" class=\"wp-image-35312\" srcset=\"https:\/\/atecordoba.org\/wp-content\/uploads\/2022\/12\/federico-palestino.jpg 433w, https:\/\/atecordoba.org\/wp-content\/uploads\/2022\/12\/federico-palestino-214x300.jpg 214w, https:\/\/atecordoba.org\/wp-content\/uploads\/2022\/12\/federico-palestino-360x504.jpg 360w\" sizes=\"auto, (max-width: 433px) 100vw, 433px\" \/><\/figure><\/div>\n\n\n\n<p>Para el secretario General de ATE C\u00f3rdoba, hay que poner estos puntos sobre el tapete para dejar claro que no es una discusi\u00f3n de un porcentaje mas o menos sino &#8220;entender que en el caso de los estatales nacionales hablamos de trabajadores pobres y es una falta de respeto. M\u00e1s aun teniendo en cuenta la falta de cumplimiento de las promesas de diciembre de 2020 de realizar el pase a planta permanente de 30 mil compa\u00f1eros que aun hoy est\u00e1n precarizados y que ser\u00e1n carne de ca\u00f1\u00f3n del gobierno que venga&#8221;.<\/p>\n\n\n\n<p><strong>El riesgo que vuelva el macrismo<\/strong><\/p>\n\n\n\n<p>Sobre la posible vuelta al gobierno del espacio de Mauricio Macri, Giuliani alert\u00f3 que &#8220;genera preocupaci\u00f3n por lo que signific\u00f3 el intento de la tercer reforma del Estado que pretendi\u00f3 hacer Cambiemos y no lo logr\u00f3 gracias a la resistencia del campo popular en la calle. Esta tercer reforma viene despu\u00e9s de la de Videla y Mart\u00ednez de Hoz, la segunda con Menem y Cavallo y esta tercera que no pudo ejecutar gracias, principalmente, a la lucha de ATE, a pesar que sufrimos 35 mil despidos en el Estado nacional. Si uno lee el libro de este personaje que fue Presidente la derecha en posible alianza con sectores neofascistas como el de Javier Milei proponen hacer en 100 d\u00edas lo que no pudieron hacer en cuatro a\u00f1os de gobierno en el mandato pasado. Es muy grave porque hablan de un ajuste brutal que todos saben que consiste en achicar el Estado, no solo despidiendo sino tambi\u00e9n privatizando \u00e1reas esenciales y estrat\u00e9gicas del Estado nacional. Eso es lo peor y m\u00e1s nefasto que nos puede ocurrir&#8221;.<\/p>\n\n\n\n<p>Pero el dirigente apunt\u00f3 tambi\u00e9n hacia adentro del Frente de Todos ya que &#8220;hay distintos espacios en juego, como el del Presidente Alberto Fern\u00e1ndez, otro de la Vicepresidenta Cristina Kirchner y otro del superministro Massa, que hoy se presenta como el adalid del la transformaci\u00f3n econ\u00f3mica nacional, pero todos sabemos su origen. Viene de la Ucede, con pasado en el cavallismo, con m\u00faltiples idas y vueltas en la pol\u00edtica nacional y que est\u00e1 bendecido pro la embajada yanky, con el visto bueno del FMI porque le sigue prestando plata y es un buen candidato para los empresarios, ligado a la oligarqu\u00eda terrateniente, que no lo ve con malos ojos si no le dan los n\u00fameros a Macri y su grupo&#8221;.<\/p>\n\n\n\n<p><strong>El rol de las organizaciones y la salida pol\u00edtica<\/strong><\/p>\n\n\n\n<p>&#8220;Por lo cual, continu\u00f3 Giuliani, si bien se dirime en el terreno electoral gran parte del destino de las y los argentinos no olvidemos el rol protag\u00f3nico que tenemos las organizaciones del campo nacional popular. Hablamos de los movimientos sociales y la pelea en el territorio, de los ambientalistas, de los campesinos que luchan por una agricultura distinta y de los sindicatos&#8221;.<\/p>\n\n\n\n<p>&#8220;Si no generamos nuestra propia referencia y tenemos un protagonismo principal en la etapa que se viene seguramente con las pol\u00edticas de ajuste que ya se est\u00e1n aplicando por medio del acuerdo con el FMI la vamos a pasar muy mal. Aceitar las organizaciones, ponerlas en gimnasia y en la pr\u00e1ctica de lucha es fundamental para la resistencia ante un posible escenario de un ajuste mucho mayor al actual&#8221;, se preocup\u00f3 el estatal.<\/p>\n\n\n\n<p>&#8220;<strong>\u00bfHay candidato para estas organizaciones?<\/strong>&#8220;, consult\u00f3 el periodista.<\/p>\n\n\n\n<p>&#8211; Hay una gran dispersi\u00f3n y ning\u00fan espacio pol\u00edtica genera la sintesis para las organizaciones que hoy est\u00e1n dando vueltas en la calle. Nos juntamos\u00a0 para hacer la unidad en la acci\u00f3n para decir lo que no queremos pero no encontramos los espacios de reflexi\u00f3n de encuentro y debate, aun con disensos, para poder encontrar tres puntos en com\u00fan que permitan realizar un programa. La clase obrera lo hizo en su momento con Huerta Grande y La Falda. Ahi las y los trabajadores y el movimiento obrero organizado no solo habl\u00e1bamos de salario y los convenios colectivos, sino proponiendo que pa\u00eds queremos y tocando puntos centrales relacionados con lo que queremos para Argentina.<\/p>\n","protected":false},"excerpt":{"rendered":"<p>\u201cHoy en Argentina el 50% de la poblaci\u00f3n es pobre. Estamos hablando de trabajadoras y trabajadores de los \u00e1mbitos p\u00fablicos y privados que trabajan y siguen siendo pobres\u201d, dijo Federico Giuliani en di\u00e1logo con la radio AM930. Por otra parte, se\u00f1al\u00f3 que los grandes desaf\u00edos son salariales porque seg\u00fan los trabajadores de ATE en Indec, [&hellip;]<\/p>\n","protected":false},"author":7,"featured_media":35313,"comment_status":"open","ping_status":"open","sticky":false,"template":"","format":"standard","meta":{"_exactmetrics_skip_tracking":false,"_exactmetrics_sitenote_active":false,"_exactmetrics_sitenote_note":"","_exactmetrics_sitenote_category":0,"jnews-multi-image_gallery":[],"jnews_single_post":{"subtitle":"En una entrevista concedida a la radio AM 930 de Villa Mar\u00eda el secretario General de ATE C\u00f3rdoba Federico Giuliani expres\u00f3 su mirada sobre la coyuntura pol\u00edtica actual, la pol\u00e9mica en torno a los techos salariales, la inflaci\u00f3n, el riesgo de que el macrismo vuelta al gobierno y las perspectivas frustradas hasta hoy de una propuesta que sintetice los anhelos del campo nacional y popular.","format":"standard","video":"","gallery":"","source_name":"","source_url":"","via_name":"","via_url":"","override_template":"0","override":[{"template":"1","single_blog_custom":"","parallax":"1","fullscreen":"1","layout":"right-sidebar","sidebar":"default-sidebar","second_sidebar":"default-sidebar","sticky_sidebar":"1","share_position":"top","share_float_style":"share-monocrhome","show_share_counter":"1","show_view_counter":"1","show_featured":"1","show_post_meta":"1","show_post_author":"1","show_post_author_image":"1","show_post_date":"1","post_date_format":"default","post_date_format_custom":"Y\/m\/d","show_post_category":"1","show_post_reading_time":"0","post_reading_time_wpm":"300","show_zoom_button":"0","zoom_button_out_step":"2","zoom_button_in_step":"3","show_post_tag":"1","show_prev_next_post":"1","show_popup_post":"1","number_popup_post":"1","show_author_box":"0","show_post_related":"0","show_inline_post_related":"0"}],"override_image_size":"0","image_override":[{"single_post_thumbnail_size":"crop-500","single_post_gallery_size":"crop-500"}],"trending_post":"0","trending_post_position":"meta","trending_post_label":"Trending","sponsored_post":"0","sponsored_post_label":"Sponsored by","sponsored_post_name":"","sponsored_post_url":"","sponsored_post_logo_enable":"0","sponsored_post_logo":"","sponsored_post_desc":"","disable_ad":"0"},"jnews_primary_category":{"id":""},"jnews_social_meta":{"fb_title":"","fb_description":"","fb_image":"","twitter_title":"","twitter_description":"","twitter_image":""},"jnews_review":[],"enable_review":"0","type":"percentage","name":"","summary":"","brand":"","sku":"","good":[{"good_text":""}],"bad":[{"bad_text":""}],"score_override":"","override_value":"","rating":[{"rating_text":"","rating_number":"10"}],"price":[{"shop":"","price":"","link":"","icon":""}],"jnews_override_counter":{"override_view_counter":"0","view_counter_number":"0","override_share_counter":"0","share_counter_number":"0","override_like_counter":"0","like_counter_number":"0","override_dislike_counter":"0","dislike_counter_number":"0"},"jnews_post_split":{"enable_post_split":"0","post_split":[{"template":"1","tag":"h2","numbering":"asc","mode":"normal","first":"0","enable_toc":"0","toc_type":"normal"}]},"footnotes":""},"categories":[10],"tags":[],"class_list":["post-35669","post","type-post","status-publish","format-standard","has-post-thumbnail","hentry","category-accion-politica"],"jetpack_featured_media_url":"https:\/\/atecordoba.org\/wp-content\/uploads\/2022\/12\/fedrico-pechera-e1672239113358.jpg","_links":{"self":[{"href":"https:\/\/atecordoba.org\/index.php?rest_route=\/wp\/v2\/posts\/35669","targetHints":{"allow":["GET"]}}],"collection":[{"href":"https:\/\/atecordoba.org\/index.php?rest_route=\/wp\/v2\/posts"}],"about":[{"href":"https:\/\/atecordoba.org\/index.php?rest_route=\/wp\/v2\/types\/post"}],"author":[{"embeddable":true,"href":"https:\/\/atecordoba.org\/index.php?rest_route=\/wp\/v2\/users\/7"}],"replies":[{"embeddable":true,"href":"https:\/\/atecordoba.org\/index.php?rest_route=%2Fwp%2Fv2%2Fcomments&post=35669"}],"version-history":[{"count":1,"href":"https:\/\/atecordoba.org\/index.php?rest_route=\/wp\/v2\/posts\/35669\/revisions"}],"predecessor-version":[{"id":35670,"href":"https:\/\/atecordoba.org\/index.php?rest_route=\/wp\/v2\/posts\/35669\/revisions\/35670"}],"wp:featuredmedia":[{"embeddable":true,"href":"https:\/\/atecordoba.org\/index.php?rest_route=\/wp\/v2\/media\/35313"}],"wp:attachment":[{"href":"https:\/\/atecordoba.org\/index.php?rest_route=%2Fwp%2Fv2%2Fmedia&parent=35669"}],"wp:term":[{"taxonomy":"category","embeddable":true,"href":"https:\/\/atecordoba.org\/index.php?rest_route=%2Fwp%2Fv2%2Fcategories&post=35669"},{"taxonomy":"post_tag","embeddable":true,"href":"https:\/\/atecordoba.org\/index.php?rest_route=%2Fwp%2Fv2%2Ftags&post=35669"}],"curies":[{"name":"wp","href":"https:\/\/api.w.org\/{rel}","templated":true}]}}