{"id":35654,"date":"2023-02-03T13:59:56","date_gmt":"2023-02-03T16:59:56","guid":{"rendered":"https:\/\/atecordoba.org\/?p=35654"},"modified":"2023-02-03T13:59:58","modified_gmt":"2023-02-03T16:59:58","slug":"srt-otra-tragedia-con-suerte-en-una-oficina-del-estado-nacional-en-cordoba","status":"publish","type":"post","link":"https:\/\/atecordoba.org\/?p=35654","title":{"rendered":"SRT: Otra &#8220;tragedia con suerte&#8221; en una oficina del Estado Nacional en C\u00f3rdoba"},"content":{"rendered":"\n<figure class=\"wp-block-gallery has-nested-images columns-4 is-cropped wp-block-gallery-1 is-layout-flex wp-block-gallery-is-layout-flex\">\n<figure class=\"wp-block-image size-large\"><a href=\"https:\/\/atecordoba.org\/wp-content\/uploads\/2023\/02\/CaidaCielorrasoSRT.jpg\" target=\"_blank\" rel=\"noopener\"><img loading=\"lazy\" decoding=\"async\" width=\"576\" height=\"1024\" data-id=\"35662\" src=\"https:\/\/atecordoba.org\/wp-content\/uploads\/2023\/02\/CaidaCielorrasoSRT-576x1024.jpg\" alt=\"\" class=\"wp-image-35662\" srcset=\"https:\/\/atecordoba.org\/wp-content\/uploads\/2023\/02\/CaidaCielorrasoSRT-576x1024.jpg 576w, https:\/\/atecordoba.org\/wp-content\/uploads\/2023\/02\/CaidaCielorrasoSRT-169x300.jpg 169w, https:\/\/atecordoba.org\/wp-content\/uploads\/2023\/02\/CaidaCielorrasoSRT.jpg 720w\" sizes=\"auto, (max-width: 576px) 100vw, 576px\" \/><\/a><\/figure>\n\n\n\n<figure class=\"wp-block-image size-large\"><a href=\"https:\/\/atecordoba.org\/wp-content\/uploads\/2023\/02\/CaidaCielorrasoSRT_2.jpg\" target=\"_blank\" rel=\"noopener\"><img loading=\"lazy\" decoding=\"async\" width=\"461\" height=\"1024\" data-id=\"35664\" src=\"https:\/\/atecordoba.org\/wp-content\/uploads\/2023\/02\/CaidaCielorrasoSRT_2-461x1024.jpg\" alt=\"\" class=\"wp-image-35664\" srcset=\"https:\/\/atecordoba.org\/wp-content\/uploads\/2023\/02\/CaidaCielorrasoSRT_2-461x1024.jpg 461w, https:\/\/atecordoba.org\/wp-content\/uploads\/2023\/02\/CaidaCielorrasoSRT_2-135x300.jpg 135w, https:\/\/atecordoba.org\/wp-content\/uploads\/2023\/02\/CaidaCielorrasoSRT_2-691x1536.jpg 691w, https:\/\/atecordoba.org\/wp-content\/uploads\/2023\/02\/CaidaCielorrasoSRT_2.jpg 720w\" sizes=\"auto, (max-width: 461px) 100vw, 461px\" \/><\/a><\/figure>\n\n\n\n<figure class=\"wp-block-image size-large\"><a href=\"https:\/\/atecordoba.org\/wp-content\/uploads\/2023\/02\/CaidaCielorrasoSRT_3.jpg\" target=\"_blank\" rel=\"noopener\"><img loading=\"lazy\" decoding=\"async\" width=\"461\" height=\"1024\" data-id=\"35665\" src=\"https:\/\/atecordoba.org\/wp-content\/uploads\/2023\/02\/CaidaCielorrasoSRT_3-461x1024.jpg\" alt=\"\" class=\"wp-image-35665\" srcset=\"https:\/\/atecordoba.org\/wp-content\/uploads\/2023\/02\/CaidaCielorrasoSRT_3-461x1024.jpg 461w, https:\/\/atecordoba.org\/wp-content\/uploads\/2023\/02\/CaidaCielorrasoSRT_3-135x300.jpg 135w, https:\/\/atecordoba.org\/wp-content\/uploads\/2023\/02\/CaidaCielorrasoSRT_3-691x1536.jpg 691w, https:\/\/atecordoba.org\/wp-content\/uploads\/2023\/02\/CaidaCielorrasoSRT_3.jpg 720w\" sizes=\"auto, (max-width: 461px) 100vw, 461px\" \/><\/a><\/figure>\n\n\n\n<figure class=\"wp-block-image size-large\"><a href=\"https:\/\/atecordoba.org\/wp-content\/uploads\/2023\/02\/CaidaCielorrasoSRT_4.jpg\" target=\"_blank\" rel=\"noopener\"><img loading=\"lazy\" decoding=\"async\" width=\"461\" height=\"1024\" data-id=\"35658\" src=\"https:\/\/atecordoba.org\/wp-content\/uploads\/2023\/02\/CaidaCielorrasoSRT_4-461x1024.jpg\" alt=\"\" class=\"wp-image-35658\" srcset=\"https:\/\/atecordoba.org\/wp-content\/uploads\/2023\/02\/CaidaCielorrasoSRT_4-461x1024.jpg 461w, https:\/\/atecordoba.org\/wp-content\/uploads\/2023\/02\/CaidaCielorrasoSRT_4-135x300.jpg 135w, https:\/\/atecordoba.org\/wp-content\/uploads\/2023\/02\/CaidaCielorrasoSRT_4-691x1536.jpg 691w, https:\/\/atecordoba.org\/wp-content\/uploads\/2023\/02\/CaidaCielorrasoSRT_4.jpg 720w\" sizes=\"auto, (max-width: 461px) 100vw, 461px\" \/><\/a><\/figure>\n\n\n\n<figure class=\"wp-block-image size-large\"><a href=\"https:\/\/atecordoba.org\/wp-content\/uploads\/2023\/02\/CaidaCielorrasoSRT_5.jpg\" target=\"_blank\" rel=\"noopener\"><img loading=\"lazy\" decoding=\"async\" width=\"461\" height=\"1024\" data-id=\"35659\" src=\"https:\/\/atecordoba.org\/wp-content\/uploads\/2023\/02\/CaidaCielorrasoSRT_5-461x1024.jpg\" alt=\"\" class=\"wp-image-35659\" srcset=\"https:\/\/atecordoba.org\/wp-content\/uploads\/2023\/02\/CaidaCielorrasoSRT_5-461x1024.jpg 461w, https:\/\/atecordoba.org\/wp-content\/uploads\/2023\/02\/CaidaCielorrasoSRT_5-135x300.jpg 135w, https:\/\/atecordoba.org\/wp-content\/uploads\/2023\/02\/CaidaCielorrasoSRT_5-691x1536.jpg 691w, https:\/\/atecordoba.org\/wp-content\/uploads\/2023\/02\/CaidaCielorrasoSRT_5.jpg 720w\" sizes=\"auto, (max-width: 461px) 100vw, 461px\" \/><\/a><\/figure>\n\n\n\n<figure class=\"wp-block-image size-large\"><a href=\"https:\/\/atecordoba.org\/wp-content\/uploads\/2023\/02\/CaidaCielorrasoSRT_6.jpg\" target=\"_blank\" rel=\"noopener\"><img loading=\"lazy\" decoding=\"async\" width=\"576\" height=\"1024\" data-id=\"35663\" src=\"https:\/\/atecordoba.org\/wp-content\/uploads\/2023\/02\/CaidaCielorrasoSRT_6-576x1024.jpg\" alt=\"\" class=\"wp-image-35663\" srcset=\"https:\/\/atecordoba.org\/wp-content\/uploads\/2023\/02\/CaidaCielorrasoSRT_6-576x1024.jpg 576w, https:\/\/atecordoba.org\/wp-content\/uploads\/2023\/02\/CaidaCielorrasoSRT_6-169x300.jpg 169w, https:\/\/atecordoba.org\/wp-content\/uploads\/2023\/02\/CaidaCielorrasoSRT_6.jpg 720w\" sizes=\"auto, (max-width: 576px) 100vw, 576px\" \/><\/a><\/figure>\n\n\n\n<figure class=\"wp-block-image size-large\"><a href=\"https:\/\/atecordoba.org\/wp-content\/uploads\/2023\/02\/CaidaCielorrasoSRT_7.jpg\" target=\"_blank\" rel=\"noopener\"><img loading=\"lazy\" decoding=\"async\" width=\"461\" height=\"1024\" data-id=\"35661\" src=\"https:\/\/atecordoba.org\/wp-content\/uploads\/2023\/02\/CaidaCielorrasoSRT_7-461x1024.jpg\" alt=\"\" class=\"wp-image-35661\" srcset=\"https:\/\/atecordoba.org\/wp-content\/uploads\/2023\/02\/CaidaCielorrasoSRT_7-461x1024.jpg 461w, https:\/\/atecordoba.org\/wp-content\/uploads\/2023\/02\/CaidaCielorrasoSRT_7-135x300.jpg 135w, https:\/\/atecordoba.org\/wp-content\/uploads\/2023\/02\/CaidaCielorrasoSRT_7-691x1536.jpg 691w, https:\/\/atecordoba.org\/wp-content\/uploads\/2023\/02\/CaidaCielorrasoSRT_7.jpg 720w\" sizes=\"auto, (max-width: 461px) 100vw, 461px\" \/><\/a><\/figure>\n\n\n\n<figure class=\"wp-block-image size-large\"><a href=\"https:\/\/atecordoba.org\/wp-content\/uploads\/2023\/02\/CaidaCielorrasoSRT_8.jpg\" target=\"_blank\" rel=\"noopener\"><img loading=\"lazy\" decoding=\"async\" width=\"461\" height=\"1024\" data-id=\"35660\" src=\"https:\/\/atecordoba.org\/wp-content\/uploads\/2023\/02\/CaidaCielorrasoSRT_8-461x1024.jpg\" alt=\"\" class=\"wp-image-35660\" srcset=\"https:\/\/atecordoba.org\/wp-content\/uploads\/2023\/02\/CaidaCielorrasoSRT_8-461x1024.jpg 461w, https:\/\/atecordoba.org\/wp-content\/uploads\/2023\/02\/CaidaCielorrasoSRT_8-135x300.jpg 135w, https:\/\/atecordoba.org\/wp-content\/uploads\/2023\/02\/CaidaCielorrasoSRT_8-691x1536.jpg 691w, https:\/\/atecordoba.org\/wp-content\/uploads\/2023\/02\/CaidaCielorrasoSRT_8.jpg 720w\" sizes=\"auto, (max-width: 461px) 100vw, 461px\" \/><\/a><\/figure>\n<\/figure>\n\n\n\n<p>La higiene y seguridad en el trabajo est\u00e1n en crisis en las oficinas p\u00fablicas nacionales en nuestra provincia: solo en las \u00faltimas semanas, <a rel=\"noreferrer noopener\" href=\"https:\/\/atecordoba.org\/?p=35321\" data-type=\"post\" data-id=\"35321\" target=\"_blank\">trabajadoras\/es de ANSES de Alta Gracia<\/a>, y quienes trabajan en las sedes de C\u00f3rdoba Capital del <a rel=\"noreferrer noopener\" href=\"https:\/\/atecordoba.org\/?p=35103\" data-type=\"post\" data-id=\"35103\" target=\"_blank\">Ministerio de Salud<\/a>, de <a rel=\"noreferrer noopener\" href=\"https:\/\/atecordoba.org\/?p=35637\" data-type=\"post\" data-id=\"35637\" target=\"_blank\">Migraciones <\/a>y, ahora tambi\u00e9n, de la Superintendencia de Riesgos del Trabajo (SRT) se encuentran en alerta por grav\u00edsimas deficiencias estructurales en los lugares de trabajo. &#8220;La falta de inversi\u00f3n en mantenimiento durante a\u00f1os y espacios que quedaron obsoletos por la mayor afluencia de ciudadanos, son la constante de un Estado que no cuida a sus trabajadoras y trabajadores ni a quienes concurren a estas oficinas p\u00fablicas a realizar gestiones&#8221;, expres\u00f3 Federico Giuliani, Secretario General de ATE C\u00f3rdoba. &#8220;Como sindicato estamos en alerta ante estas situaciones que son la imagen m\u00e1s palpable de un Estado que muchas veces se preocupa m\u00e1s por juntar dinero para pagarle a los que se benefician con la usura -como el FMI, los bonistas y dem\u00e1s- que por garantizar derechos de calidad a sus poblaciones, con condiciones de trabajo, de contrataci\u00f3n y salariales dignas para las y los trabajadores que sostienen al Estado&#8221;, sentenci\u00f3 Giuliani. &#8220;Como remarc\u00f3 siempre nuestro compa\u00f1ero V\u00edctor De Gennaro: &#8220;que el trabajo no nos cueste la vida&#8221;. En esa senda seguiremos insistiendo desde ATE&#8221;, concluy\u00f3 el m\u00e1ximo referente de ATE en la Provincia.<\/p>\n\n\n\n<p><strong>Derrumbe en SRT<\/strong><\/p>\n\n\n\n<p>El d\u00eda martes 31 a las 14:30 en el edificio de Rivadavia 767 de C\u00f3rdoba Capital -sede de la Superintendencia de Riesgos del Trabajo, donde funciona la Comisi\u00f3n M\u00e9dica 05- se derrumb\u00f3 un cielorraso en una de las oficinas donde trabajan 4 administrativos\/as. &#8220;Por el siniestro result\u00f3 levemente herida una compa\u00f1era&#8221;, informaron las y los compa\u00f1eros de SRT. &#8220;El infortunio pudo ser mayor si hubiera estado el cuarto administrativo en su lugar de trabajo, ya que fue la zona de mayor impacto, pero gracias a la buenaventura se encontraba de vacaciones&#8221;, remarcan. Desde el sector informaron que &#8220;es el tercer techo que se derrumba en 3 a\u00f1os&#8221; y calificaron de &#8220;inaceptable, repudiable y denunciable que en la SRT, ente encargado de la Seguridad de los y los trabajadores, sucedan estos accidentes absolutamente prevenibles&#8221;. &#8220;El desamparo de las comisiones del interior es cada vez m\u00e1s visible aunque las autoridades que residen en Capital Federal no reparen en ello&#8221; protestaron e informaron que en los \u00faltimos meses en el Anexo Sunchales y en la Comisi\u00f3n M\u00e9dica 07 de Rosario, tambi\u00e9n sufrieron derrumbes. &#8220;Las comisiones, delegaciones y anexos de la SRT sufren desabastecimiento de mobiliario, de insumos, de controles&#8221; es por ello que, &#8220;como gremio y como trabajadoras y trabajadores exigiremos a las autoridades de la SRT que cumplan con la normativa de Seguridad y garanticen la salud de los trabajadores para que este hecho lamentable no vuelva a repetirse&#8221;. <\/p>\n\n\n\n<figure class=\"wp-block-video\"><video height=\"640\" style=\"aspect-ratio: 352 \/ 640;\" width=\"352\" controls src=\"https:\/\/atecordoba.org\/wp-content\/uploads\/2023\/02\/Caida-Cielloraso-SRT.mp4\"><\/video><\/figure>\n","protected":false},"excerpt":{"rendered":"<p>La higiene y seguridad en el trabajo est\u00e1n en crisis en las oficinas p\u00fablicas nacionales en nuestra provincia: solo en las \u00faltimas semanas, trabajadoras\/es de ANSES de Alta Gracia, y quienes trabajan en las sedes de C\u00f3rdoba Capital del Ministerio de Salud, de Migraciones y, ahora tambi\u00e9n, de la Superintendencia de Riesgos del Trabajo (SRT) [&hellip;]<\/p>\n","protected":false},"author":6,"featured_media":35667,"comment_status":"open","ping_status":"open","sticky":false,"template":"","format":"standard","meta":{"_exactmetrics_skip_tracking":false,"_exactmetrics_sitenote_active":false,"_exactmetrics_sitenote_note":"","_exactmetrics_sitenote_category":0,"jnews-multi-image_gallery":[],"jnews_single_post":{"subtitle":"Este martes, en el edificio de la Superintendencia de Riesgos del Trabajo (SRT) de C\u00f3rdoba Capital -donde funciona la Comisi\u00f3n M\u00e9dica 05-, se derrumb\u00f3 un pedazo de cielorraso en una de las oficinas donde 4 personas realizan tareas administrativas, con el saldo de una trabajadora herida. Es la tercera vez en 3 a\u00f1os que se desprende una parte del techo del organismo que funciona en Rivadavia 767.","format":"standard","video":"","gallery":"","source_name":"","source_url":"","via_name":"","via_url":"","override_template":"0","override":[{"template":"1","single_blog_custom":"","parallax":"1","fullscreen":"1","layout":"right-sidebar","sidebar":"default-sidebar","second_sidebar":"default-sidebar","sticky_sidebar":"1","share_position":"top","share_float_style":"share-monocrhome","show_share_counter":"1","show_view_counter":"1","show_featured":"1","show_post_meta":"1","show_post_author":"1","show_post_author_image":"1","show_post_date":"1","post_date_format":"default","post_date_format_custom":"Y\/m\/d","show_post_category":"1","show_post_reading_time":"0","post_reading_time_wpm":"300","show_zoom_button":"0","zoom_button_out_step":"2","zoom_button_in_step":"3","show_post_tag":"1","show_prev_next_post":"1","show_popup_post":"1","number_popup_post":"1","show_author_box":"0","show_post_related":"0","show_inline_post_related":"0"}],"override_image_size":"0","image_override":[{"single_post_thumbnail_size":"crop-500","single_post_gallery_size":"crop-500"}],"trending_post":"0","trending_post_position":"meta","trending_post_label":"Trending","sponsored_post":"0","sponsored_post_label":"Sponsored by","sponsored_post_name":"","sponsored_post_url":"","sponsored_post_logo_enable":"0","sponsored_post_logo":"","sponsored_post_desc":"","disable_ad":"0"},"jnews_primary_category":{"id":""},"jnews_social_meta":{"fb_title":"","fb_description":"","fb_image":"","twitter_title":"","twitter_description":"","twitter_image":""},"jnews_review":[],"enable_review":"0","type":"percentage","name":"","summary":"","brand":"","sku":"","good":[{"good_text":""}],"bad":[{"bad_text":""}],"score_override":"","override_value":"","rating":[{"rating_text":"","rating_number":"10"}],"price":[{"shop":"","price":"","link":"","icon":""}],"jnews_override_counter":{"override_view_counter":"0","view_counter_number":"0","override_share_counter":"0","share_counter_number":"0","override_like_counter":"0","like_counter_number":"0","override_dislike_counter":"0","dislike_counter_number":"0"},"jnews_post_split":{"enable_post_split":"0","post_split":[{"template":"1","tag":"h2","numbering":"asc","mode":"normal","first":"0","enable_toc":"0","toc_type":"normal"}]},"footnotes":""},"categories":[341,104,18],"tags":[],"class_list":["post-35654","post","type-post","status-publish","format-standard","has-post-thumbnail","hentry","category-cdp","category-departamento-de-salud","category-nacionales"],"jetpack_featured_media_url":"https:\/\/atecordoba.org\/wp-content\/uploads\/2023\/02\/CaidaCielorrasoSRT_7portada.jpg","_links":{"self":[{"href":"https:\/\/atecordoba.org\/index.php?rest_route=\/wp\/v2\/posts\/35654","targetHints":{"allow":["GET"]}}],"collection":[{"href":"https:\/\/atecordoba.org\/index.php?rest_route=\/wp\/v2\/posts"}],"about":[{"href":"https:\/\/atecordoba.org\/index.php?rest_route=\/wp\/v2\/types\/post"}],"author":[{"embeddable":true,"href":"https:\/\/atecordoba.org\/index.php?rest_route=\/wp\/v2\/users\/6"}],"replies":[{"embeddable":true,"href":"https:\/\/atecordoba.org\/index.php?rest_route=%2Fwp%2Fv2%2Fcomments&post=35654"}],"version-history":[{"count":1,"href":"https:\/\/atecordoba.org\/index.php?rest_route=\/wp\/v2\/posts\/35654\/revisions"}],"predecessor-version":[{"id":35668,"href":"https:\/\/atecordoba.org\/index.php?rest_route=\/wp\/v2\/posts\/35654\/revisions\/35668"}],"wp:featuredmedia":[{"embeddable":true,"href":"https:\/\/atecordoba.org\/index.php?rest_route=\/wp\/v2\/media\/35667"}],"wp:attachment":[{"href":"https:\/\/atecordoba.org\/index.php?rest_route=%2Fwp%2Fv2%2Fmedia&parent=35654"}],"wp:term":[{"taxonomy":"category","embeddable":true,"href":"https:\/\/atecordoba.org\/index.php?rest_route=%2Fwp%2Fv2%2Fcategories&post=35654"},{"taxonomy":"post_tag","embeddable":true,"href":"https:\/\/atecordoba.org\/index.php?rest_route=%2Fwp%2Fv2%2Ftags&post=35654"}],"curies":[{"name":"wp","href":"https:\/\/api.w.org\/{rel}","templated":true}]}}