{"id":35653,"date":"2023-02-03T13:26:30","date_gmt":"2023-02-03T16:26:30","guid":{"rendered":"https:\/\/atecordoba.org\/?p=35653"},"modified":"2023-02-03T13:26:31","modified_gmt":"2023-02-03T16:26:31","slug":"rio-cuarto-por-desperfectos-de-un-autobomba-de-anac-no-pudo-aterrizar-un-vuelo-procedente-de-caba","status":"publish","type":"post","link":"https:\/\/atecordoba.org\/?p=35653","title":{"rendered":"R\u00edo Cuarto: por desperfectos de un autobomba de ANAC no pudo aterrizar un vuelo procedente de CABA"},"content":{"rendered":"\n<div class=\"wp-block-image\"><figure class=\"aligncenter size-full\"><img decoding=\"async\" src=\"https:\/\/atecordoba.org\/wp-content\/uploads\/2023\/02\/las-higueras.jpg\" alt=\"\" class=\"wp-image-35656\" \/><\/figure><\/div>\n\n\n\n<p>En aplicaci\u00f3n del protocolo de actuaci\u00f3n del Servicio de Salvamiento y Extinci\u00f3n de Incendios \u2013 Bomberos Aeron\u00e1uticos (SSEI) un vuelo de Aerol\u00edneas Argentinas que parti\u00f3 de Aeroparque con destino a Las Higueras debi\u00f3 suspenderse el lunes pasado, impidiendo su aterrizaje ya que el autobomba del aeropuerto cercano a la ciudad de R\u00edo Cuarto qued\u00f3 fuera de servicio por un desperfecto.  <\/p>\n\n\n\n<p>En ese marco, el delegado de ATE, Carlos Ferreti, afirm\u00f3 &#8220;el piloto actu\u00f3 bien, no pod\u00eda aterrizar porque no hab\u00eda servicio de salvamento&#8221; y remarc\u00f3 que Bomberos Voluntarios de la localidad no puede reemplazar al personal de ANAC ni tampoco a sus veh\u00edculos \u201cporque los procedimientos y elementos son diferentes\u201d. <\/p>\n\n\n\n<p>Ferreti detall\u00f3 a Puntal que a una hora de la llegada del avi\u00f3n a la ciudad se produjo la rotura del cami\u00f3n de autobomba y la reparaci\u00f3n no se pudo concretar a corto plazo, situaci\u00f3n que imped\u00eda por protocolo que la aeronave pudiera descender.<\/p>\n\n\n\n<p>El delegado de ATE defendi\u00f3 el procedimiento que realizan los bomberos dependientes de la ANAC y expres\u00f3: \u201cHacemos turnos de 8 de la ma\u00f1ana a 8 de la noche. Cuando llegamos a las 8 controlamos todo el sistema y equipamiento, y despu\u00e9s cada vez que sabemos que hay aterrizaje o despegue o que alguna aeronave cruza el espacio a\u00e9reo de R\u00edo Cuarto tambi\u00e9n se hacen todos esos procedimientos. Se pone en marcha el cami\u00f3n, se chequea que el sistema funcione, eso es algo normal\u201d.<\/p>\n\n\n\n<p>As\u00ed, puntualiz\u00f3 que el pasado lunes \u201cdurante todo el d\u00eda se hicieron todos esos procesos, pero cuando me pongo a hacer el procedimiento, a una hora de que el avi\u00f3n llegara a R\u00edo Cuarto se me rompe el cable del acelerador del cami\u00f3n. Tenemos protocolos a seguir en esos casos\u201d. \u201cSe informa a la Aerol\u00ednea, se busca solucionar en el corto plazo, pero con el horario que era no lo iba a poder solucionar. Era imposible conseguir un cable de acelerador a las 7 de la tarde, no hab\u00eda forma. Mientras se hace todo eso, se hacen todas las comunicaciones para informar que el veh\u00edculo queda fuera de servicio. Por esa raz\u00f3n el piloto despeg\u00f3 de Buenos Aires y cuando recibe la informaci\u00f3n decide volver a Aeroparque. Fue un imprevisto\u201d, recalc\u00f3 el referente de los trabajadores.<\/p>\n","protected":false},"excerpt":{"rendered":"<p>En aplicaci\u00f3n del protocolo de actuaci\u00f3n del Servicio de Salvamiento y Extinci\u00f3n de Incendios \u2013 Bomberos Aeron\u00e1uticos (SSEI) un vuelo de Aerol\u00edneas Argentinas que parti\u00f3 de Aeroparque con destino a Las Higueras debi\u00f3 suspenderse el lunes pasado, impidiendo su aterrizaje ya que el autobomba del aeropuerto cercano a la ciudad de R\u00edo Cuarto qued\u00f3 fuera [&hellip;]<\/p>\n","protected":false},"author":7,"featured_media":35656,"comment_status":"open","ping_status":"open","sticky":false,"template":"","format":"standard","meta":{"_exactmetrics_skip_tracking":false,"_exactmetrics_sitenote_active":false,"_exactmetrics_sitenote_note":"","_exactmetrics_sitenote_category":0,"jnews-multi-image_gallery":[],"jnews_single_post":{"subtitle":"El Servicio de Salvamiento y Extinci\u00f3n de Incendios no contaba con el coche para apagar incendios y por protocolo no est\u00e1 permitida la intervenci\u00f3n de los bomberos voluntarios de Las Higueras, localidad cercana a R\u00edo Cuarto donde est\u00e1 el aeropuerto.","format":"standard","video":"","gallery":"","source_name":"","source_url":"","via_name":"","via_url":"","override_template":"0","override":[{"template":"1","single_blog_custom":"","parallax":"1","fullscreen":"1","layout":"right-sidebar","sidebar":"default-sidebar","second_sidebar":"default-sidebar","sticky_sidebar":"1","share_position":"top","share_float_style":"share-monocrhome","show_share_counter":"1","show_view_counter":"1","show_featured":"1","show_post_meta":"1","show_post_author":"1","show_post_author_image":"1","show_post_date":"1","post_date_format":"default","post_date_format_custom":"Y\/m\/d","show_post_category":"1","show_post_reading_time":"0","post_reading_time_wpm":"300","show_zoom_button":"0","zoom_button_out_step":"2","zoom_button_in_step":"3","show_post_tag":"1","show_prev_next_post":"1","show_popup_post":"1","number_popup_post":"1","show_author_box":"0","show_post_related":"0","show_inline_post_related":"0"}],"override_image_size":"0","image_override":[{"single_post_thumbnail_size":"crop-500","single_post_gallery_size":"crop-500"}],"trending_post":"0","trending_post_position":"meta","trending_post_label":"Trending","sponsored_post":"0","sponsored_post_label":"Sponsored by","sponsored_post_name":"","sponsored_post_url":"","sponsored_post_logo_enable":"0","sponsored_post_logo":"","sponsored_post_desc":"","disable_ad":"0"},"jnews_primary_category":{"id":""},"jnews_social_meta":{"fb_title":"","fb_description":"","fb_image":"","twitter_title":"","twitter_description":"","twitter_image":""},"jnews_review":[],"enable_review":"0","type":"percentage","name":"","summary":"","brand":"","sku":"","good":[{"good_text":""}],"bad":[{"bad_text":""}],"score_override":"","override_value":"","rating":[{"rating_text":"","rating_number":"10"}],"price":[{"shop":"","price":"","link":"","icon":""}],"jnews_override_counter":{"override_view_counter":"0","view_counter_number":"0","override_share_counter":"0","share_counter_number":"0","override_like_counter":"0","like_counter_number":"0","override_dislike_counter":"0","dislike_counter_number":"0"},"jnews_post_split":{"enable_post_split":"0","post_split":[{"template":"1","tag":"h2","numbering":"asc","mode":"normal","first":"0","enable_toc":"0","toc_type":"normal"}]},"footnotes":""},"categories":[18,12],"tags":[],"class_list":["post-35653","post","type-post","status-publish","format-standard","has-post-thumbnail","hentry","category-nacionales","category-rio-cuarto"],"jetpack_featured_media_url":"https:\/\/atecordoba.org\/wp-content\/uploads\/2023\/02\/las-higueras-e1675441448651.jpg","_links":{"self":[{"href":"https:\/\/atecordoba.org\/index.php?rest_route=\/wp\/v2\/posts\/35653","targetHints":{"allow":["GET"]}}],"collection":[{"href":"https:\/\/atecordoba.org\/index.php?rest_route=\/wp\/v2\/posts"}],"about":[{"href":"https:\/\/atecordoba.org\/index.php?rest_route=\/wp\/v2\/types\/post"}],"author":[{"embeddable":true,"href":"https:\/\/atecordoba.org\/index.php?rest_route=\/wp\/v2\/users\/7"}],"replies":[{"embeddable":true,"href":"https:\/\/atecordoba.org\/index.php?rest_route=%2Fwp%2Fv2%2Fcomments&post=35653"}],"version-history":[{"count":1,"href":"https:\/\/atecordoba.org\/index.php?rest_route=\/wp\/v2\/posts\/35653\/revisions"}],"predecessor-version":[{"id":35657,"href":"https:\/\/atecordoba.org\/index.php?rest_route=\/wp\/v2\/posts\/35653\/revisions\/35657"}],"wp:featuredmedia":[{"embeddable":true,"href":"https:\/\/atecordoba.org\/index.php?rest_route=\/wp\/v2\/media\/35656"}],"wp:attachment":[{"href":"https:\/\/atecordoba.org\/index.php?rest_route=%2Fwp%2Fv2%2Fmedia&parent=35653"}],"wp:term":[{"taxonomy":"category","embeddable":true,"href":"https:\/\/atecordoba.org\/index.php?rest_route=%2Fwp%2Fv2%2Fcategories&post=35653"},{"taxonomy":"post_tag","embeddable":true,"href":"https:\/\/atecordoba.org\/index.php?rest_route=%2Fwp%2Fv2%2Ftags&post=35653"}],"curies":[{"name":"wp","href":"https:\/\/api.w.org\/{rel}","templated":true}]}}