{"id":3564,"date":"2013-11-08T19:40:41","date_gmt":"2013-11-08T22:40:41","guid":{"rendered":"http:\/\/www.atecordoba.org\/?p=3564"},"modified":"2013-11-08T19:40:41","modified_gmt":"2013-11-08T22:40:41","slug":"felicidades-a-los-trabajadores-provinciales-en-su-dia","status":"publish","type":"post","link":"https:\/\/atecordoba.org\/?p=3564","title":{"rendered":"Felicidades a los trabajadores provinciales en su d\u00eda"},"content":{"rendered":"<div><em>El Concejo Directivo Provincial de ATE C\u00f3rdoba env\u00eda a todos los compa\u00f1eros provinciales el m\u00e1s c\u00e1lido saludo, con motivo de celebrarse el pr\u00f3ximo lunes 11 de noviembre el D\u00eda del Trabajador del Estado Provincial.<\/em><\/div>\n<div><a href=\"http:\/\/www.atecordoba.org\/wp-content\/uploads\/2013\/11\/BANDERA-ATE-FRENTE-AL-PANAL-web.jpg\"><img loading=\"lazy\" decoding=\"async\" class=\"aligncenter size-full wp-image-3565\" alt=\"BANDERA ATE FRENTE AL PANAL web\" src=\"http:\/\/www.atecordoba.org\/wp-content\/uploads\/2013\/11\/BANDERA-ATE-FRENTE-AL-PANAL-web.jpg\" width=\"653\" height=\"490\" \/><\/a><\/div>\n<div><\/div>\n<div>En momentos que se desarrolla un duro plan de lucha en los hospitales provinciales, reivindicamos a estos compa\u00f1eros comprometido con la defensa de la salud p\u00fablica gratuita y de calidad, sabiendo que all\u00ed se atienden los sectores m\u00e1s postergados del pueblo de nuestra provincia.<\/div>\n<div><\/div>\n<div>Es importante destacar en este marco, que ATE avanz\u00f3 mucho este a\u00f1o en el reconocimiento de nuestro \u00e1mbito de representaci\u00f3n en C\u00f3rdoba, como consecuencia de las resoluciones judiciales que nos dieron la raz\u00f3n en la controversia que nos envolv\u00eda con el gobierno provincial. Este avance vio como resultado que una gran cantidad de compa\u00f1eros de diversas dependencias se est\u00e1n acercando a nuestro gremio para afiliarse, reconociendo la coherencia y compromiso de ATE en la defensa de los derechos de todos y cada uno de los compa\u00f1eros provinciales.<\/div>\n<div><\/div>\n<div>En esta oportunidad, festejamos conjuntamente nuestro d\u00eda y refrendamos nuestra convicci\u00f3n en la lucha por salarios dignos para los trabajadores y sus familias, as\u00ed como en la mejora de las condiciones de trabajo, el pase a planta de los miles de contratados y monotributos con que el gobierno ha venido precarizando as los trabajadores.<\/div>\n<div><\/div>\n<div>Sabemos que s\u00f3lo con la genuina representaci\u00f3n de los intereses de la clase trabajadora y de los estatales, lograremos un Estado que construya cada d\u00eda una argentina pol\u00edticamente independiente, socialmente justa e econ\u00f3micamente soberana. Ser\u00e1 ese el objetivo de ATE en el futuro, como lo ha sido en la larga historia de nuestro gremio, desde su fundaci\u00f3n en 1925.<\/div>\n<div><strong>\u00a0<\/strong><\/div>\n<div><strong>\u00a1El lunes, a festejar compa\u00f1eros!\u00a0<\/strong><\/div>\n<div><strong>\u00a0<\/strong><\/div>\n<div>Mar\u00eda Teresa Romero<\/div>\n<div>Secretaria General<\/div>\n<div>ATE C\u00f3rdoba<\/div>\n","protected":false},"excerpt":{"rendered":"<p>El Concejo Directivo Provincial de ATE C\u00f3rdoba env\u00eda a todos los compa\u00f1eros provinciales el m\u00e1s c\u00e1lido saludo, con motivo de celebrarse el pr\u00f3ximo lunes 11 de noviembre el D\u00eda del Trabajador del Estado Provincial. En momentos que se desarrolla un duro plan de lucha en los hospitales provinciales, reivindicamos a estos compa\u00f1eros comprometido con la [&hellip;]<\/p>\n","protected":false},"author":1,"featured_media":19220,"comment_status":"open","ping_status":"open","sticky":false,"template":"","format":"standard","meta":{"_exactmetrics_skip_tracking":false,"_exactmetrics_sitenote_active":false,"_exactmetrics_sitenote_note":"","_exactmetrics_sitenote_category":0,"jnews-multi-image_gallery":[],"jnews_single_post":[],"jnews_primary_category":[],"jnews_social_meta":[],"jnews_review":[],"enable_review":"","type":"","name":"","summary":"","brand":"","sku":"","good":[],"bad":[],"score_override":"","override_value":"","rating":[],"price":[],"jnews_override_counter":[],"jnews_post_split":[],"footnotes":""},"categories":[53,8],"tags":[],"class_list":["post-3564","post","type-post","status-publish","format-standard","has-post-thumbnail","hentry","category-comunicados-de-prensa","category-provinciales"],"jetpack_featured_media_url":"https:\/\/atecordoba.org\/wp-content\/uploads\/2020\/05\/logo-nuevochico-e1561581322808.png","_links":{"self":[{"href":"https:\/\/atecordoba.org\/index.php?rest_route=\/wp\/v2\/posts\/3564","targetHints":{"allow":["GET"]}}],"collection":[{"href":"https:\/\/atecordoba.org\/index.php?rest_route=\/wp\/v2\/posts"}],"about":[{"href":"https:\/\/atecordoba.org\/index.php?rest_route=\/wp\/v2\/types\/post"}],"author":[{"embeddable":true,"href":"https:\/\/atecordoba.org\/index.php?rest_route=\/wp\/v2\/users\/1"}],"replies":[{"embeddable":true,"href":"https:\/\/atecordoba.org\/index.php?rest_route=%2Fwp%2Fv2%2Fcomments&post=3564"}],"version-history":[{"count":0,"href":"https:\/\/atecordoba.org\/index.php?rest_route=\/wp\/v2\/posts\/3564\/revisions"}],"wp:featuredmedia":[{"embeddable":true,"href":"https:\/\/atecordoba.org\/index.php?rest_route=\/wp\/v2\/media\/19220"}],"wp:attachment":[{"href":"https:\/\/atecordoba.org\/index.php?rest_route=%2Fwp%2Fv2%2Fmedia&parent=3564"}],"wp:term":[{"taxonomy":"category","embeddable":true,"href":"https:\/\/atecordoba.org\/index.php?rest_route=%2Fwp%2Fv2%2Fcategories&post=3564"},{"taxonomy":"post_tag","embeddable":true,"href":"https:\/\/atecordoba.org\/index.php?rest_route=%2Fwp%2Fv2%2Ftags&post=3564"}],"curies":[{"name":"wp","href":"https:\/\/api.w.org\/{rel}","templated":true}]}}