{"id":35637,"date":"2023-02-02T10:31:28","date_gmt":"2023-02-02T13:31:28","guid":{"rendered":"https:\/\/atecordoba.org\/?p=35637"},"modified":"2023-02-03T13:13:04","modified_gmt":"2023-02-03T16:13:04","slug":"migraciones-conflicto-ante-gravisimos-problemas-de-infraestructura-en-la-delegacion-local","status":"publish","type":"post","link":"https:\/\/atecordoba.org\/?p=35637","title":{"rendered":"Migraciones: asamblea permanente ante grav\u00edsimos problemas de infraestructura en la delegaci\u00f3n local"},"content":{"rendered":"\n<figure class=\"wp-block-gallery has-nested-images columns-default is-cropped wp-block-gallery-1 is-layout-flex wp-block-gallery-is-layout-flex\">\n<figure class=\"wp-block-image size-large\"><a href=\"https:\/\/atecordoba.org\/wp-content\/uploads\/2023\/02\/WhatsApp-Image-2023-02-02-at-10.01.41.jpeg\" target=\"_blank\" rel=\"noopener\"><img loading=\"lazy\" decoding=\"async\" width=\"576\" height=\"1024\" data-id=\"35640\" src=\"https:\/\/atecordoba.org\/wp-content\/uploads\/2023\/02\/WhatsApp-Image-2023-02-02-at-10.01.41-576x1024.jpeg\" alt=\"\" class=\"wp-image-35640\" srcset=\"https:\/\/atecordoba.org\/wp-content\/uploads\/2023\/02\/WhatsApp-Image-2023-02-02-at-10.01.41-576x1024.jpeg 576w, https:\/\/atecordoba.org\/wp-content\/uploads\/2023\/02\/WhatsApp-Image-2023-02-02-at-10.01.41-169x300.jpeg 169w, https:\/\/atecordoba.org\/wp-content\/uploads\/2023\/02\/WhatsApp-Image-2023-02-02-at-10.01.41-768x1365.jpeg 768w, https:\/\/atecordoba.org\/wp-content\/uploads\/2023\/02\/WhatsApp-Image-2023-02-02-at-10.01.41-750x1333.jpeg 750w, https:\/\/atecordoba.org\/wp-content\/uploads\/2023\/02\/WhatsApp-Image-2023-02-02-at-10.01.41.jpeg 864w\" sizes=\"auto, (max-width: 576px) 100vw, 576px\" \/><\/a><\/figure>\n\n\n\n<figure class=\"wp-block-image size-large\"><a href=\"https:\/\/atecordoba.org\/wp-content\/uploads\/2023\/02\/pasillo.jpg\" target=\"_blank\" rel=\"noopener\"><img loading=\"lazy\" decoding=\"async\" width=\"287\" height=\"510\" data-id=\"35638\" src=\"https:\/\/atecordoba.org\/wp-content\/uploads\/2023\/02\/pasillo.jpg\" alt=\"\" class=\"wp-image-35638\" srcset=\"https:\/\/atecordoba.org\/wp-content\/uploads\/2023\/02\/pasillo.jpg 287w, https:\/\/atecordoba.org\/wp-content\/uploads\/2023\/02\/pasillo-169x300.jpg 169w\" sizes=\"auto, (max-width: 287px) 100vw, 287px\" \/><\/a><\/figure>\n\n\n\n<figure class=\"wp-block-image size-large\"><a href=\"https:\/\/atecordoba.org\/wp-content\/uploads\/2023\/02\/WhatsApp-Image-2023-02-02-at-10.01.41-1-e1675344622236.jpeg\" target=\"_blank\" rel=\"noopener\"><img loading=\"lazy\" decoding=\"async\" width=\"769\" height=\"1024\" data-id=\"35639\" src=\"https:\/\/atecordoba.org\/wp-content\/uploads\/2023\/02\/WhatsApp-Image-2023-02-02-at-10.01.41-1-769x1024.jpeg\" alt=\"\" class=\"wp-image-35639\"\/><\/a><\/figure>\n<\/figure>\n\n\n\n<p>Ayer un obrero de la construcci\u00f3n que realizaba reparaciones en la delegaci\u00f3n de la calle Caseros de la Direcci\u00f3n Nacional de Migraciones sufri\u00f3 un accidente al caer a trav\u00e9s de un hueco en el techo. Frente a esta situaci\u00f3n, ATE declar\u00f3 el estado de asamblea permanente alerta en reclamo de medidas efectivas qeue eviten nuevos accidentes. <\/p>\n\n\n\n<p>La Direcci\u00f3n Nacional del organismo pretendi\u00f3 que la oficina contin\u00fae en operaciones a pesar de los riesgos para el personal y el p\u00fablico usuario, generando el rechazo de las y los compa\u00f1eros del lugar. Por otro lado, el corte en el servicio el\u00e9ctrico por una obra que se realiza impidi\u00f3 hasta el momento la atenci\u00f3n al p\u00fablico.<\/p>\n\n\n\n<p>En ese marco, ATE exige a los funcionarios una intervenci\u00f3n que garantice el trabajo sin riesgos para la salud y se solidariza con el obrero accidentado. <\/p>\n\n\n\n<p>Federico Giuliani, Secretario General de ATE C\u00f3rdoba, remarc\u00f3 que &#8220;las condiciones y medio ambiente de trabajo deben ser una prioridad en cada sector. Tuvimos una pandemia entera para organizar y modernizar las infraestructuras: que no se haya hecho es una decisi\u00f3n pol\u00edtica y tiene responsables en los funcionarios a cargo&#8221;.<\/p>\n\n\n<a href=\"https:\/\/atecordoba.org\/wp-content\/uploads\/2023\/02\/Migraciones.pdf\" class=\"pdfemb-viewer\" style=\"\" data-width=\"max\" data-height=\"max\" data-toolbar=\"bottom\" data-toolbar-fixed=\"off\">Migraciones<\/a>\n<p class=\"wp-block-pdfemb-pdf-embedder-viewer\"><\/p>\n","protected":false},"excerpt":{"rendered":"<p>Ayer un obrero de la construcci\u00f3n que realizaba reparaciones en la delegaci\u00f3n de la calle Caseros de la Direcci\u00f3n Nacional de Migraciones sufri\u00f3 un accidente al caer a trav\u00e9s de un hueco en el techo. Frente a esta situaci\u00f3n, ATE declar\u00f3 el estado de asamblea permanente alerta en reclamo de medidas efectivas qeue eviten nuevos [&hellip;]<\/p>\n","protected":false},"author":7,"featured_media":35639,"comment_status":"open","ping_status":"open","sticky":false,"template":"","format":"standard","meta":{"_exactmetrics_skip_tracking":false,"_exactmetrics_sitenote_active":false,"_exactmetrics_sitenote_note":"","_exactmetrics_sitenote_category":0,"jnews-multi-image_gallery":[],"jnews_single_post":{"subtitle":"La afluencia de p\u00fablico es constante en el lugar y los usuarios est\u00e1n en riesgo f\u00edsico al igual que el personal.","format":"standard","video":"","gallery":"","source_name":"","source_url":"","via_name":"","via_url":"","override_template":"0","override":[{"template":"1","single_blog_custom":"","parallax":"1","fullscreen":"1","layout":"right-sidebar","sidebar":"default-sidebar","second_sidebar":"default-sidebar","sticky_sidebar":"1","share_position":"top","share_float_style":"share-monocrhome","show_share_counter":"1","show_view_counter":"1","show_featured":"1","show_post_meta":"1","show_post_author":"1","show_post_author_image":"1","show_post_date":"1","post_date_format":"default","post_date_format_custom":"Y\/m\/d","show_post_category":"1","show_post_reading_time":"0","post_reading_time_wpm":"300","show_zoom_button":"0","zoom_button_out_step":"2","zoom_button_in_step":"3","show_post_tag":"1","show_prev_next_post":"1","show_popup_post":"1","number_popup_post":"1","show_author_box":"0","show_post_related":"0","show_inline_post_related":"0"}],"override_image_size":"0","image_override":[{"single_post_thumbnail_size":"crop-500","single_post_gallery_size":"crop-500"}],"trending_post":"0","trending_post_position":"meta","trending_post_label":"Trending","sponsored_post":"0","sponsored_post_label":"Sponsored by","sponsored_post_name":"","sponsored_post_url":"","sponsored_post_logo_enable":"0","sponsored_post_logo":"","sponsored_post_desc":"","disable_ad":"0"},"jnews_primary_category":{"id":""},"jnews_social_meta":{"fb_title":"","fb_description":"","fb_image":"","twitter_title":"","twitter_description":"","twitter_image":""},"jnews_review":[],"enable_review":"0","type":"percentage","name":"","summary":"","brand":"","sku":"","good":[{"good_text":""}],"bad":[{"bad_text":""}],"score_override":"","override_value":"","rating":[{"rating_text":"","rating_number":"10"}],"price":[{"shop":"","price":"","link":"","icon":""}],"jnews_override_counter":{"override_view_counter":"0","view_counter_number":"0","override_share_counter":"0","share_counter_number":"0","override_like_counter":"0","like_counter_number":"0","override_dislike_counter":"0","dislike_counter_number":"0"},"jnews_post_split":{"enable_post_split":"0","post_split":[{"template":"1","tag":"h2","numbering":"asc","mode":"normal","first":"0","enable_toc":"0","toc_type":"normal"}]},"footnotes":""},"categories":[18],"tags":[],"class_list":["post-35637","post","type-post","status-publish","format-standard","has-post-thumbnail","hentry","category-nacionales"],"jetpack_featured_media_url":"https:\/\/atecordoba.org\/wp-content\/uploads\/2023\/02\/WhatsApp-Image-2023-02-02-at-10.01.41-1-e1675344622236.jpeg","_links":{"self":[{"href":"https:\/\/atecordoba.org\/index.php?rest_route=\/wp\/v2\/posts\/35637","targetHints":{"allow":["GET"]}}],"collection":[{"href":"https:\/\/atecordoba.org\/index.php?rest_route=\/wp\/v2\/posts"}],"about":[{"href":"https:\/\/atecordoba.org\/index.php?rest_route=\/wp\/v2\/types\/post"}],"author":[{"embeddable":true,"href":"https:\/\/atecordoba.org\/index.php?rest_route=\/wp\/v2\/users\/7"}],"replies":[{"embeddable":true,"href":"https:\/\/atecordoba.org\/index.php?rest_route=%2Fwp%2Fv2%2Fcomments&post=35637"}],"version-history":[{"count":6,"href":"https:\/\/atecordoba.org\/index.php?rest_route=\/wp\/v2\/posts\/35637\/revisions"}],"predecessor-version":[{"id":35655,"href":"https:\/\/atecordoba.org\/index.php?rest_route=\/wp\/v2\/posts\/35637\/revisions\/35655"}],"wp:featuredmedia":[{"embeddable":true,"href":"https:\/\/atecordoba.org\/index.php?rest_route=\/wp\/v2\/media\/35639"}],"wp:attachment":[{"href":"https:\/\/atecordoba.org\/index.php?rest_route=%2Fwp%2Fv2%2Fmedia&parent=35637"}],"wp:term":[{"taxonomy":"category","embeddable":true,"href":"https:\/\/atecordoba.org\/index.php?rest_route=%2Fwp%2Fv2%2Fcategories&post=35637"},{"taxonomy":"post_tag","embeddable":true,"href":"https:\/\/atecordoba.org\/index.php?rest_route=%2Fwp%2Fv2%2Ftags&post=35637"}],"curies":[{"name":"wp","href":"https:\/\/api.w.org\/{rel}","templated":true}]}}