{"id":35622,"date":"2023-02-01T12:37:32","date_gmt":"2023-02-01T15:37:32","guid":{"rendered":"https:\/\/atecordoba.org\/?p=35622"},"modified":"2023-02-01T12:37:33","modified_gmt":"2023-02-01T15:37:33","slug":"ate-y-ctaa-se-movilizaron-hoy-al-ministerio-de-trabajo-en-apoyo-a-la-lucha-de-los-petroquimicos-contra-los-despidos-en-atanor","status":"publish","type":"post","link":"https:\/\/atecordoba.org\/?p=35622","title":{"rendered":"ATE y CTAA se movilizaron hoy al Ministerio de Trabajo en apoyo a la lucha de los Petroqu\u00edmicos contra los despidos en Atanor"},"content":{"rendered":"\n<div class=\"wp-block-image\"><figure class=\"aligncenter size-large is-resized\"><img loading=\"lazy\" decoding=\"async\" src=\"https:\/\/atecordoba.org\/wp-content\/uploads\/2023\/02\/IMG_20230201_100812241-1024x576.jpg\" alt=\"\" class=\"wp-image-35623\" width=\"768\" height=\"432\" \/><\/figure><\/div>\n\n\n\n<p>Compa\u00f1eros y compa\u00f1eros de ATE y la FENAT se movilizaron hoy hasta la sede del Ministerio de Trabajo provincial para solidarizarse con la lucha del Sindicato de Qu\u00edmicos y Petroqu\u00edmicos de R\u00edo Tercero, en el conflicto derivado de los 24 trabajadores despedidos sin causa en la planta de la f\u00e1brica de Atanor. <\/p>\n\n\n\n<p>Los compa\u00f1eros del sector denuncian que se trata de una medida de corte netamente antisindical que impulsa la due\u00f1a de Atanor, la trasnacional holandesa Albaugh Netherlands B.V, como ya lo hiciera anteriormente en 2017.<\/p>\n\n\n\n<div class=\"wp-block-image\"><figure class=\"aligncenter size-large is-resized\"><img loading=\"lazy\" decoding=\"async\" src=\"https:\/\/atecordoba.org\/wp-content\/uploads\/2023\/02\/IMG_20230201_104805452_HDR-1024x576.jpg\" alt=\"\" class=\"wp-image-35624\" width=\"768\" height=\"432\" srcset=\"https:\/\/atecordoba.org\/wp-content\/uploads\/2023\/02\/IMG_20230201_104805452_HDR-1024x576.jpg 1024w, https:\/\/atecordoba.org\/wp-content\/uploads\/2023\/02\/IMG_20230201_104805452_HDR-300x169.jpg 300w, https:\/\/atecordoba.org\/wp-content\/uploads\/2023\/02\/IMG_20230201_104805452_HDR-768x432.jpg 768w, https:\/\/atecordoba.org\/wp-content\/uploads\/2023\/02\/IMG_20230201_104805452_HDR-1536x864.jpg 1536w, https:\/\/atecordoba.org\/wp-content\/uploads\/2023\/02\/IMG_20230201_104805452_HDR-2048x1152.jpg 2048w, https:\/\/atecordoba.org\/wp-content\/uploads\/2023\/02\/IMG_20230201_104805452_HDR-750x422.jpg 750w, https:\/\/atecordoba.org\/wp-content\/uploads\/2023\/02\/IMG_20230201_104805452_HDR-1140x641.jpg 1140w\" sizes=\"auto, (max-width: 768px) 100vw, 768px\" \/><\/figure><\/div>\n\n\n\n<p>A ra\u00edz de los despidos el gremio lanz\u00f3 un fuerte plan de lucha por lo que la cartera laboral dict\u00f3 una conciliaci\u00f3n obligatoria de dos semanas, que concluye el viernes pr\u00f3ximo,  retrotrayendo la situaci\u00f3n al estado previo a los despidos. En ese marco, los petroqu\u00edmicos exigen la reincorporaci\u00f3n definitiva del personal cesanteado y plantean la continuidad de la conciliaci\u00f3n obligatoria de Trabajo hasta que se llegue a un acuerdo.<\/p>\n\n\n\n<p>En representaci\u00f3n de ATE y la CTA estuvieron presentes compa\u00f1eros y compa\u00f1eras de diversos sectores del Estado nacional y provincial, encabezados por la secretaria Adjunta de la CTAA Provincia, Silvia Alcoba, y el secretario General de la junta CTAA C\u00f3rdoba Capital Jorge Chalup. <\/p>\n\n\n\n<div class=\"wp-block-image\"><figure class=\"aligncenter size-large is-resized\"><img loading=\"lazy\" decoding=\"async\" src=\"https:\/\/atecordoba.org\/wp-content\/uploads\/2023\/02\/IMG_20230201_105923687-1024x576.jpg\" alt=\"\" class=\"wp-image-35625\" width=\"768\" height=\"432\" srcset=\"https:\/\/atecordoba.org\/wp-content\/uploads\/2023\/02\/IMG_20230201_105923687-1024x576.jpg 1024w, https:\/\/atecordoba.org\/wp-content\/uploads\/2023\/02\/IMG_20230201_105923687-300x169.jpg 300w, https:\/\/atecordoba.org\/wp-content\/uploads\/2023\/02\/IMG_20230201_105923687-768x432.jpg 768w, https:\/\/atecordoba.org\/wp-content\/uploads\/2023\/02\/IMG_20230201_105923687-1536x864.jpg 1536w, https:\/\/atecordoba.org\/wp-content\/uploads\/2023\/02\/IMG_20230201_105923687-2048x1152.jpg 2048w, https:\/\/atecordoba.org\/wp-content\/uploads\/2023\/02\/IMG_20230201_105923687-750x422.jpg 750w, https:\/\/atecordoba.org\/wp-content\/uploads\/2023\/02\/IMG_20230201_105923687-1140x641.jpg 1140w\" sizes=\"auto, (max-width: 768px) 100vw, 768px\" \/><\/figure><\/div>\n\n\n\n<p>\u201cVenimos a expresar nuestro apoyo a los compa\u00f1eros petroqu\u00edmicos por los 24 despidos de Atanor. Entendemos que la unidad se construye en la calle y as\u00ed como los petroqu\u00edmicos se solidarizaron con las compa\u00f1eras auxiliares del Paicor, nosotros estamos hoy correspondiente con nuestra solidaridad. No es casual que estemos ac\u00e1 y esperamos revertir los despidos que realiz\u00f3 la patronal\u201d, dijo Chalup a la prensa que se encontraba en el lugar.<\/p>\n\n\n\n<p>&#8220;No hay razones de peso de la patronal para los despidos. Es la manera de aleccionar a los trabajadores y por eso entendemos que los despidos son injustos. Con la lucha organizada de los compa\u00f1eros los vamos a revertir&#8221;, concluy\u00f3 el dirigente.<\/p>\n\n\n\n<figure class=\"wp-block-gallery has-nested-images columns-default is-cropped wp-block-gallery-1 is-layout-flex wp-block-gallery-is-layout-flex\">\n<figure class=\"wp-block-image size-large\"><a href=\"https:\/\/atecordoba.org\/wp-content\/uploads\/2023\/02\/IMG_20230201_102049256_HDR-scaled.jpg\"><img loading=\"lazy\" decoding=\"async\" width=\"1024\" height=\"576\" data-id=\"35627\" src=\"https:\/\/atecordoba.org\/wp-content\/uploads\/2023\/02\/IMG_20230201_102049256_HDR-1024x576.jpg\" alt=\"\" class=\"wp-image-35627\" srcset=\"https:\/\/atecordoba.org\/wp-content\/uploads\/2023\/02\/IMG_20230201_102049256_HDR-1024x576.jpg 1024w, https:\/\/atecordoba.org\/wp-content\/uploads\/2023\/02\/IMG_20230201_102049256_HDR-300x169.jpg 300w, https:\/\/atecordoba.org\/wp-content\/uploads\/2023\/02\/IMG_20230201_102049256_HDR-768x432.jpg 768w, https:\/\/atecordoba.org\/wp-content\/uploads\/2023\/02\/IMG_20230201_102049256_HDR-1536x864.jpg 1536w, https:\/\/atecordoba.org\/wp-content\/uploads\/2023\/02\/IMG_20230201_102049256_HDR-2048x1152.jpg 2048w, https:\/\/atecordoba.org\/wp-content\/uploads\/2023\/02\/IMG_20230201_102049256_HDR-750x422.jpg 750w, https:\/\/atecordoba.org\/wp-content\/uploads\/2023\/02\/IMG_20230201_102049256_HDR-1140x641.jpg 1140w\" sizes=\"auto, (max-width: 1024px) 100vw, 1024px\" \/><\/a><\/figure>\n\n\n\n<figure class=\"wp-block-image size-large\"><a href=\"https:\/\/atecordoba.org\/wp-content\/uploads\/2023\/02\/IMG_20230201_1021278372-scaled.jpg\"><img loading=\"lazy\" decoding=\"async\" width=\"1024\" height=\"576\" data-id=\"35626\" src=\"https:\/\/atecordoba.org\/wp-content\/uploads\/2023\/02\/IMG_20230201_1021278372-1024x576.jpg\" alt=\"\" class=\"wp-image-35626\" srcset=\"https:\/\/atecordoba.org\/wp-content\/uploads\/2023\/02\/IMG_20230201_1021278372-1024x576.jpg 1024w, https:\/\/atecordoba.org\/wp-content\/uploads\/2023\/02\/IMG_20230201_1021278372-300x169.jpg 300w, https:\/\/atecordoba.org\/wp-content\/uploads\/2023\/02\/IMG_20230201_1021278372-768x432.jpg 768w, https:\/\/atecordoba.org\/wp-content\/uploads\/2023\/02\/IMG_20230201_1021278372-1536x864.jpg 1536w, https:\/\/atecordoba.org\/wp-content\/uploads\/2023\/02\/IMG_20230201_1021278372-2048x1152.jpg 2048w, https:\/\/atecordoba.org\/wp-content\/uploads\/2023\/02\/IMG_20230201_1021278372-750x422.jpg 750w, https:\/\/atecordoba.org\/wp-content\/uploads\/2023\/02\/IMG_20230201_1021278372-1140x641.jpg 1140w\" sizes=\"auto, (max-width: 1024px) 100vw, 1024px\" \/><\/a><\/figure>\n\n\n\n<figure class=\"wp-block-image size-large\"><a href=\"https:\/\/atecordoba.org\/wp-content\/uploads\/2023\/02\/IMG_20230201_102523710-scaled.jpg\"><img loading=\"lazy\" decoding=\"async\" width=\"1024\" height=\"576\" data-id=\"35628\" src=\"https:\/\/atecordoba.org\/wp-content\/uploads\/2023\/02\/IMG_20230201_102523710-1024x576.jpg\" alt=\"\" class=\"wp-image-35628\" srcset=\"https:\/\/atecordoba.org\/wp-content\/uploads\/2023\/02\/IMG_20230201_102523710-1024x576.jpg 1024w, https:\/\/atecordoba.org\/wp-content\/uploads\/2023\/02\/IMG_20230201_102523710-300x169.jpg 300w, https:\/\/atecordoba.org\/wp-content\/uploads\/2023\/02\/IMG_20230201_102523710-768x432.jpg 768w, https:\/\/atecordoba.org\/wp-content\/uploads\/2023\/02\/IMG_20230201_102523710-1536x864.jpg 1536w, https:\/\/atecordoba.org\/wp-content\/uploads\/2023\/02\/IMG_20230201_102523710-2048x1152.jpg 2048w, https:\/\/atecordoba.org\/wp-content\/uploads\/2023\/02\/IMG_20230201_102523710-750x422.jpg 750w, https:\/\/atecordoba.org\/wp-content\/uploads\/2023\/02\/IMG_20230201_102523710-1140x641.jpg 1140w\" sizes=\"auto, (max-width: 1024px) 100vw, 1024px\" \/><\/a><\/figure>\n<\/figure>\n\n\n\n<p>Chalup llev\u00f3 a la protesta la solidaridad del secretario General de ATE C\u00f3rdoba y la CTAA provincia de C\u00f3rdoba, Federico Giuliani, que no pudo estar en la oportunidad. <\/p>\n\n\n\n<p><strong>Petroqu\u00edmicos<\/strong><\/p>\n\n\n\n<p>Por su parte, secretario de Prensa del Sindicato de Qu\u00edmicos y Petroqu\u00edmicos, C\u00e9sar Arias, explic\u00f3 que &#8220;hace una semana nos desayunamos a las 5 de la ma\u00f1ana, como es costumbre de esta patronal internacional, con un cartel en al puerta de la f\u00e1brica con 24 despidos sin causa ni motivo. Esto nos llev\u00f3 a parar la planta y movilizarnos en R\u00edo Tercero. All\u00e1 el Ministerio de Trabajo dict\u00f3 una conciliaci\u00f3n obligatoria de 15 d\u00edas que se termina el viernes pr\u00f3ximo. Estamos peleando ac\u00e1 y de ac\u00e1 no nos vamos hasta que los 24 compa\u00f1eros tengan garantizada su continuidad labora&#8221;l.<\/p>\n\n\n\n<p>Arias remarc\u00f3 que &#8220;en el 2017 hicieron lo mismo, perdimos 24 compa\u00f1eros pero esta vez estamos organizados, con una nueva comisi\u00f3n directiva en el sindicato y vamos a dar la lucha para revertir estos despidos y enfrentar los conflictos que vengan. Estamos sufriendo una persecuci\u00f3n antisindical de parte de esta empresa y otras m\u00e1s&#8221;.<\/p>\n","protected":false},"excerpt":{"rendered":"<p>Compa\u00f1eros y compa\u00f1eros de ATE y la FENAT se movilizaron hoy hasta la sede del Ministerio de Trabajo provincial para solidarizarse con la lucha del Sindicato de Qu\u00edmicos y Petroqu\u00edmicos de R\u00edo Tercero, en el conflicto derivado de los 24 trabajadores despedidos sin causa en la planta de la f\u00e1brica de Atanor. Los compa\u00f1eros del [&hellip;]<\/p>\n","protected":false},"author":7,"featured_media":35623,"comment_status":"open","ping_status":"open","sticky":false,"template":"","format":"standard","meta":{"_exactmetrics_skip_tracking":false,"_exactmetrics_sitenote_active":false,"_exactmetrics_sitenote_note":"","_exactmetrics_sitenote_category":0,"jnews-multi-image_gallery":[],"jnews_single_post":{"subtitle":"Se trata de 24 despidos sin causa que el gremio del sector enrola en una campa\u00f1a antisindical de la patronal multinacional propietaria de Atanor.","format":"standard","video":"","gallery":"","source_name":"","source_url":"","via_name":"","via_url":"","override_template":"0","override":[{"template":"1","single_blog_custom":"","parallax":"1","fullscreen":"1","layout":"right-sidebar","sidebar":"default-sidebar","second_sidebar":"default-sidebar","sticky_sidebar":"1","share_position":"top","share_float_style":"share-monocrhome","show_share_counter":"1","show_view_counter":"1","show_featured":"1","show_post_meta":"1","show_post_author":"1","show_post_author_image":"1","show_post_date":"1","post_date_format":"default","post_date_format_custom":"Y\/m\/d","show_post_category":"1","show_post_reading_time":"0","post_reading_time_wpm":"300","show_zoom_button":"0","zoom_button_out_step":"2","zoom_button_in_step":"3","show_post_tag":"1","show_prev_next_post":"1","show_popup_post":"1","number_popup_post":"1","show_author_box":"0","show_post_related":"0","show_inline_post_related":"0"}],"override_image_size":"0","image_override":[{"single_post_thumbnail_size":"crop-500","single_post_gallery_size":"crop-500"}],"trending_post":"0","trending_post_position":"meta","trending_post_label":"Trending","sponsored_post":"0","sponsored_post_label":"Sponsored by","sponsored_post_name":"","sponsored_post_url":"","sponsored_post_logo_enable":"0","sponsored_post_logo":"","sponsored_post_desc":"","disable_ad":"0"},"jnews_primary_category":{"id":""},"jnews_social_meta":{"fb_title":"","fb_description":"","fb_image":"","twitter_title":"","twitter_description":"","twitter_image":""},"jnews_review":[],"enable_review":"0","type":"percentage","name":"","summary":"","brand":"","sku":"","good":[{"good_text":""}],"bad":[{"bad_text":""}],"score_override":"","override_value":"","rating":[{"rating_text":"","rating_number":"10"}],"price":[{"shop":"","price":"","link":"","icon":""}],"jnews_override_counter":{"override_view_counter":"0","view_counter_number":"0","override_share_counter":"0","share_counter_number":"0","override_like_counter":"0","like_counter_number":"0","override_dislike_counter":"0","dislike_counter_number":"0"},"jnews_post_split":{"enable_post_split":"0","post_split":[{"template":"1","tag":"h2","numbering":"asc","mode":"normal","first":"0","enable_toc":"0","toc_type":"normal"}]},"footnotes":""},"categories":[10,92],"tags":[],"class_list":["post-35622","post","type-post","status-publish","format-standard","has-post-thumbnail","hentry","category-accion-politica","category-cta"],"jetpack_featured_media_url":"https:\/\/atecordoba.org\/wp-content\/uploads\/2023\/02\/IMG_20230201_100812241-scaled-e1675265847260.jpg","_links":{"self":[{"href":"https:\/\/atecordoba.org\/index.php?rest_route=\/wp\/v2\/posts\/35622","targetHints":{"allow":["GET"]}}],"collection":[{"href":"https:\/\/atecordoba.org\/index.php?rest_route=\/wp\/v2\/posts"}],"about":[{"href":"https:\/\/atecordoba.org\/index.php?rest_route=\/wp\/v2\/types\/post"}],"author":[{"embeddable":true,"href":"https:\/\/atecordoba.org\/index.php?rest_route=\/wp\/v2\/users\/7"}],"replies":[{"embeddable":true,"href":"https:\/\/atecordoba.org\/index.php?rest_route=%2Fwp%2Fv2%2Fcomments&post=35622"}],"version-history":[{"count":1,"href":"https:\/\/atecordoba.org\/index.php?rest_route=\/wp\/v2\/posts\/35622\/revisions"}],"predecessor-version":[{"id":35629,"href":"https:\/\/atecordoba.org\/index.php?rest_route=\/wp\/v2\/posts\/35622\/revisions\/35629"}],"wp:featuredmedia":[{"embeddable":true,"href":"https:\/\/atecordoba.org\/index.php?rest_route=\/wp\/v2\/media\/35623"}],"wp:attachment":[{"href":"https:\/\/atecordoba.org\/index.php?rest_route=%2Fwp%2Fv2%2Fmedia&parent=35622"}],"wp:term":[{"taxonomy":"category","embeddable":true,"href":"https:\/\/atecordoba.org\/index.php?rest_route=%2Fwp%2Fv2%2Fcategories&post=35622"},{"taxonomy":"post_tag","embeddable":true,"href":"https:\/\/atecordoba.org\/index.php?rest_route=%2Fwp%2Fv2%2Ftags&post=35622"}],"curies":[{"name":"wp","href":"https:\/\/api.w.org\/{rel}","templated":true}]}}