{"id":35613,"date":"2023-01-31T14:35:00","date_gmt":"2023-01-31T17:35:00","guid":{"rendered":"https:\/\/atecordoba.org\/?p=35613"},"modified":"2023-01-31T14:56:15","modified_gmt":"2023-01-31T17:56:15","slug":"reunion-organizativa-en-cruz-del-eje","status":"publish","type":"post","link":"https:\/\/atecordoba.org\/?p=35613","title":{"rendered":"Reuni\u00f3n organizativa en Cruz del Eje"},"content":{"rendered":"\n<figure class=\"wp-block-gallery has-nested-images columns-default is-cropped wp-block-gallery-1 is-layout-flex wp-block-gallery-is-layout-flex\">\n<figure class=\"wp-block-image size-large\"><a href=\"https:\/\/atecordoba.org\/wp-content\/uploads\/2023\/01\/cruzdeleje1.jpg\"><img loading=\"lazy\" decoding=\"async\" width=\"1080\" height=\"1350\" data-id=\"35614\" src=\"https:\/\/atecordoba.org\/wp-content\/uploads\/2023\/01\/cruzdeleje1.jpg\" alt=\"\" class=\"wp-image-35614\" srcset=\"https:\/\/atecordoba.org\/wp-content\/uploads\/2023\/01\/cruzdeleje1.jpg 1080w, https:\/\/atecordoba.org\/wp-content\/uploads\/2023\/01\/cruzdeleje1-240x300.jpg 240w, https:\/\/atecordoba.org\/wp-content\/uploads\/2023\/01\/cruzdeleje1-819x1024.jpg 819w, https:\/\/atecordoba.org\/wp-content\/uploads\/2023\/01\/cruzdeleje1-768x960.jpg 768w, https:\/\/atecordoba.org\/wp-content\/uploads\/2023\/01\/cruzdeleje1-750x938.jpg 750w\" sizes=\"auto, (max-width: 1080px) 100vw, 1080px\" \/><\/a><\/figure>\n\n\n\n<figure class=\"wp-block-image size-large\"><a href=\"https:\/\/atecordoba.org\/wp-content\/uploads\/2023\/01\/cruzdeleje2.jpg\"><img loading=\"lazy\" decoding=\"async\" width=\"239\" height=\"300\" data-id=\"35615\" src=\"https:\/\/atecordoba.org\/wp-content\/uploads\/2023\/01\/cruzdeleje2.jpg\" alt=\"\" class=\"wp-image-35615\"\/><\/a><\/figure>\n<\/figure>\n\n\n\n<p><sup>(fuente ctacordoba.org)<\/sup><\/p>\n\n\n\n<p>Con la presencia de la Secretaria Adjunta de la CTA Aut\u00f3noma de la provincia de C\u00f3rdoba y Coordinadora Provincial de la Federaci\u00f3n Nacional Territorial (FeNaT-CTAA), Silvia Alcoba, tuvo lugar la semana pasada una reuni\u00f3n organizativa en el local de ATE y la CTA-A de Cruz del Eje.<\/p>\n\n\n\n<p>\u201cLa Verde de Germ\u00e1n Abdala\u201d, Agrupaci\u00f3n de la Asociaci\u00f3n Trabajadores del Estado (ATE-CTAA) C\u00f3rdoba, coment\u00f3 por las redes sociales que \u201cparticiparon del encuentro la Secretaria General de la Central Regional Norte y candidata a Secretaria General de ATE de esa localidad, M\u00f3nica Rodr\u00edguez y el Delegado Municipal de ATE, Ricardo Rodr\u00edguez.<\/p>\n\n\n\n<p>\u201cEn la reuni\u00f3n, avanzaron en planificar actividades en pos de participar activamente en las elecciones del Sindicato de este a\u00f1o, en donde apuntamos a recuperarlo de la burocracia y entrega de su actual conducci\u00f3n\u201d, concluye la nota de la Agrupaci\u00f3n Nacional Unidad y Solidaridad de la Asociaci\u00f3n Trabajadores del Estado (ANUSATE) C\u00f3rdoba.<\/p>\n","protected":false},"excerpt":{"rendered":"<p>(fuente ctacordoba.org) Con la presencia de la Secretaria Adjunta de la CTA Aut\u00f3noma de la provincia de C\u00f3rdoba y Coordinadora Provincial de la Federaci\u00f3n Nacional Territorial (FeNaT-CTAA), Silvia Alcoba, tuvo lugar la semana pasada una reuni\u00f3n organizativa en el local de ATE y la CTA-A de Cruz del Eje. \u201cLa Verde de Germ\u00e1n Abdala\u201d, Agrupaci\u00f3n [&hellip;]<\/p>\n","protected":false},"author":7,"featured_media":35614,"comment_status":"open","ping_status":"open","sticky":false,"template":"","format":"standard","meta":{"_exactmetrics_skip_tracking":false,"_exactmetrics_sitenote_active":false,"_exactmetrics_sitenote_note":"","_exactmetrics_sitenote_category":0,"jnews-multi-image_gallery":[],"jnews_single_post":{"subtitle":"Participaron del encuentro la Secretaria General de la Central Regional Norte y candidata a Secretaria General de ATE de esa localidad, M\u00f3nica Rodr\u00edguez y el Delegado Municipal de ATE, Ricardo Rodr\u00edguez.","format":"standard","video":"","gallery":"","source_name":"","source_url":"","via_name":"","via_url":"","override_template":"0","override":[{"template":"1","single_blog_custom":"","parallax":"1","fullscreen":"1","layout":"right-sidebar","sidebar":"default-sidebar","second_sidebar":"default-sidebar","sticky_sidebar":"1","share_position":"top","share_float_style":"share-monocrhome","show_share_counter":"1","show_view_counter":"1","show_featured":"1","show_post_meta":"1","show_post_author":"1","show_post_author_image":"1","show_post_date":"1","post_date_format":"default","post_date_format_custom":"Y\/m\/d","show_post_category":"1","show_post_reading_time":"0","post_reading_time_wpm":"300","show_zoom_button":"0","zoom_button_out_step":"2","zoom_button_in_step":"3","show_post_tag":"1","show_prev_next_post":"1","show_popup_post":"1","number_popup_post":"1","show_author_box":"0","show_post_related":"0","show_inline_post_related":"0"}],"override_image_size":"0","image_override":[{"single_post_thumbnail_size":"crop-500","single_post_gallery_size":"crop-500"}],"trending_post":"0","trending_post_position":"meta","trending_post_label":"Trending","sponsored_post":"0","sponsored_post_label":"Sponsored by","sponsored_post_name":"","sponsored_post_url":"","sponsored_post_logo_enable":"0","sponsored_post_logo":"","sponsored_post_desc":"","disable_ad":"0"},"jnews_primary_category":{"id":""},"jnews_social_meta":{"fb_title":"","fb_description":"","fb_image":"","twitter_title":"","twitter_description":"","twitter_image":""},"jnews_review":[],"enable_review":"0","type":"percentage","name":"","summary":"","brand":"","sku":"","good":[{"good_text":""}],"bad":[{"bad_text":""}],"score_override":"","override_value":"","rating":[{"rating_text":"","rating_number":"10"}],"price":[{"shop":"","price":"","link":"","icon":""}],"jnews_override_counter":{"override_view_counter":"0","view_counter_number":"0","override_share_counter":"0","share_counter_number":"0","override_like_counter":"0","like_counter_number":"0","override_dislike_counter":"0","dislike_counter_number":"0"},"jnews_post_split":{"enable_post_split":"0","post_split":[{"template":"1","tag":"h2","numbering":"asc","mode":"normal","first":"0","enable_toc":"0","toc_type":"normal"}]},"footnotes":""},"categories":[150,92],"tags":[],"class_list":["post-35613","post","type-post","status-publish","format-standard","has-post-thumbnail","hentry","category-cruz-del-eje","category-cta"],"jetpack_featured_media_url":"https:\/\/atecordoba.org\/wp-content\/uploads\/2023\/01\/cruzdeleje1.jpg","_links":{"self":[{"href":"https:\/\/atecordoba.org\/index.php?rest_route=\/wp\/v2\/posts\/35613","targetHints":{"allow":["GET"]}}],"collection":[{"href":"https:\/\/atecordoba.org\/index.php?rest_route=\/wp\/v2\/posts"}],"about":[{"href":"https:\/\/atecordoba.org\/index.php?rest_route=\/wp\/v2\/types\/post"}],"author":[{"embeddable":true,"href":"https:\/\/atecordoba.org\/index.php?rest_route=\/wp\/v2\/users\/7"}],"replies":[{"embeddable":true,"href":"https:\/\/atecordoba.org\/index.php?rest_route=%2Fwp%2Fv2%2Fcomments&post=35613"}],"version-history":[{"count":2,"href":"https:\/\/atecordoba.org\/index.php?rest_route=\/wp\/v2\/posts\/35613\/revisions"}],"predecessor-version":[{"id":35617,"href":"https:\/\/atecordoba.org\/index.php?rest_route=\/wp\/v2\/posts\/35613\/revisions\/35617"}],"wp:featuredmedia":[{"embeddable":true,"href":"https:\/\/atecordoba.org\/index.php?rest_route=\/wp\/v2\/media\/35614"}],"wp:attachment":[{"href":"https:\/\/atecordoba.org\/index.php?rest_route=%2Fwp%2Fv2%2Fmedia&parent=35613"}],"wp:term":[{"taxonomy":"category","embeddable":true,"href":"https:\/\/atecordoba.org\/index.php?rest_route=%2Fwp%2Fv2%2Fcategories&post=35613"},{"taxonomy":"post_tag","embeddable":true,"href":"https:\/\/atecordoba.org\/index.php?rest_route=%2Fwp%2Fv2%2Ftags&post=35613"}],"curies":[{"name":"wp","href":"https:\/\/api.w.org\/{rel}","templated":true}]}}