{"id":35608,"date":"2023-01-31T14:25:43","date_gmt":"2023-01-31T17:25:43","guid":{"rendered":"https:\/\/atecordoba.org\/?p=35608"},"modified":"2023-02-02T10:03:53","modified_gmt":"2023-02-02T13:03:53","slug":"salud-ate-intimo-a-la-provincia-a-conformar-la-mesa-de-trabajo-sectorial-prometida-en-noviembre","status":"publish","type":"post","link":"https:\/\/atecordoba.org\/?p=35608","title":{"rendered":"Salud: ATE intim\u00f3 a la Provincia a conformar la mesa de trabajo sectorial prometida en noviembre"},"content":{"rendered":"\n<div class=\"wp-block-image\"><figure class=\"aligncenter size-full is-resized\"><img loading=\"lazy\" decoding=\"async\" src=\"https:\/\/atecordoba.org\/wp-content\/uploads\/2023\/01\/banderas.jpg\" alt=\"\" class=\"wp-image-35610\" width=\"720\" height=\"405\" \/><figcaption>Banderas de ATE en el ingreso al Ministerio de Salud provincial (archivo).<\/figcaption><\/figure><\/div>\n\n\n\n<p>En una nota dirigida hoy a la ministra de Salud, Gabriela Barb\u00e1s, el secretario General de ATE C\u00f3rdoba, Federico Giuliani, intim\u00f3 al Gobierno Provincial para que conforme la Mesa de Trabajo donde canalizar las problem\u00e1ticas gremiales del sector sanitario p\u00fablico de C\u00f3rdoba, tal como prometi\u00f3 en u<a href=\"https:\/\/atecordoba.org\/?p=34812\">na audiencia celebrada el 18 de noviembre pasado <\/a>el secretario de Salud, Sergio Metrebi\u00e1n.<\/p>\n\n\n\n<p>Giuliani fundament\u00f3 el pedido, citando el compromiso oficial para constituir un espacio a los fines de &#8220;consensuar distintos temas de impostergable necesidad&#8221; que requieren las y los trabajadores de salud de nuestra provincia.<\/p>\n\n\n\n<p>En esa l\u00ednea, ATE solicit\u00f3 una audiencia con la ministra y que arbitre los medios necesarios para la apertura de la Mesa de Trabajo. <\/p>\n\n\n\n<p>&#8220;El gobierno debe cumplir los compromisos asumidos en su oportunidad y convocarnos para impulsar este espacio de di\u00e1logo. ATE tiene la legalidad y legitimidad suficientes para ser interlocutor del sector y eso no lo desconoce nadie. Que el gobierno siga privilegiando el v\u00ednculo con el gremio amarillo oficialista que no representa a los hospitales pone en tela de juicio la supuesta vocaci\u00f3n por el di\u00e1logo que nos transmitieron los funcionarios provinciales a fines del a\u00f1o pasado. Esperamos que el gobierno env\u00ede se\u00f1ales concretas y convoque al di\u00e1logo&#8221;, explic\u00f3 Giuliani. <\/p>\n\n\n<a href=\"https:\/\/atecordoba.org\/wp-content\/uploads\/2023\/01\/Audiencia-Apertura-de-Mesa-de-Trabajo.pdf\" class=\"pdfemb-viewer\" style=\"\" data-width=\"max\" data-height=\"max\" data-toolbar=\"bottom\" data-toolbar-fixed=\"off\">Audiencia-Apertura-de-Mesa-de-Trabajo<\/a>\n<p class=\"wp-block-pdfemb-pdf-embedder-viewer\"><\/p>\n","protected":false},"excerpt":{"rendered":"<p>En una nota dirigida hoy a la ministra de Salud, Gabriela Barb\u00e1s, el secretario General de ATE C\u00f3rdoba, Federico Giuliani, intim\u00f3 al Gobierno Provincial para que conforme la Mesa de Trabajo donde canalizar las problem\u00e1ticas gremiales del sector sanitario p\u00fablico de C\u00f3rdoba, tal como prometi\u00f3 en una audiencia celebrada el 18 de noviembre pasado el [&hellip;]<\/p>\n","protected":false},"author":7,"featured_media":35610,"comment_status":"open","ping_status":"open","sticky":false,"template":"","format":"standard","meta":{"_exactmetrics_skip_tracking":false,"_exactmetrics_sitenote_active":false,"_exactmetrics_sitenote_note":"","_exactmetrics_sitenote_category":0,"jnews-multi-image_gallery":[],"jnews_single_post":{"subtitle":"El pedido se funda en el compromiso oficial asumido para constituir un espacio a los fines de \"consensuar distintos temas de impostergable necesidad\" que requieren las y los trabajadores de salud de nuestra provincia.","format":"standard","video":"","gallery":"","source_name":"","source_url":"","via_name":"","via_url":"","override_template":"0","override":[{"template":"1","single_blog_custom":"","parallax":"1","fullscreen":"1","layout":"right-sidebar","sidebar":"default-sidebar","second_sidebar":"default-sidebar","sticky_sidebar":"1","share_position":"top","share_float_style":"share-monocrhome","show_share_counter":"1","show_view_counter":"1","show_featured":"1","show_post_meta":"1","show_post_author":"1","show_post_author_image":"1","show_post_date":"1","post_date_format":"default","post_date_format_custom":"Y\/m\/d","show_post_category":"1","show_post_reading_time":"0","post_reading_time_wpm":"300","show_zoom_button":"0","zoom_button_out_step":"2","zoom_button_in_step":"3","show_post_tag":"1","show_prev_next_post":"1","show_popup_post":"1","number_popup_post":"1","show_author_box":"0","show_post_related":"0","show_inline_post_related":"0"}],"override_image_size":"0","image_override":[{"single_post_thumbnail_size":"crop-500","single_post_gallery_size":"crop-500"}],"trending_post":"0","trending_post_position":"meta","trending_post_label":"Trending","sponsored_post":"0","sponsored_post_label":"Sponsored by","sponsored_post_name":"","sponsored_post_url":"","sponsored_post_logo_enable":"0","sponsored_post_logo":"","sponsored_post_desc":"","disable_ad":"0"},"jnews_primary_category":{"id":""},"jnews_social_meta":{"fb_title":"","fb_description":"","fb_image":"","twitter_title":"","twitter_description":"","twitter_image":""},"jnews_review":[],"enable_review":"0","type":"percentage","name":"","summary":"","brand":"","sku":"","good":[{"good_text":""}],"bad":[{"bad_text":""}],"score_override":"","override_value":"","rating":[{"rating_text":"","rating_number":"10"}],"price":[{"shop":"","price":"","link":"","icon":""}],"jnews_override_counter":{"override_view_counter":"0","view_counter_number":"0","override_share_counter":"0","share_counter_number":"0","override_like_counter":"0","like_counter_number":"0","override_dislike_counter":"0","dislike_counter_number":"0"},"jnews_post_split":{"enable_post_split":"0","post_split":[{"template":"1","tag":"h2","numbering":"asc","mode":"normal","first":"0","enable_toc":"0","toc_type":"normal"}]},"footnotes":""},"categories":[8],"tags":[154,469],"class_list":["post-35608","post","type-post","status-publish","format-standard","has-post-thumbnail","hentry","category-provinciales","tag-cordoba","tag-ministerio-de-salud"],"jetpack_featured_media_url":"https:\/\/atecordoba.org\/wp-content\/uploads\/2023\/01\/banderas-e1675185871915.jpg","_links":{"self":[{"href":"https:\/\/atecordoba.org\/index.php?rest_route=\/wp\/v2\/posts\/35608","targetHints":{"allow":["GET"]}}],"collection":[{"href":"https:\/\/atecordoba.org\/index.php?rest_route=\/wp\/v2\/posts"}],"about":[{"href":"https:\/\/atecordoba.org\/index.php?rest_route=\/wp\/v2\/types\/post"}],"author":[{"embeddable":true,"href":"https:\/\/atecordoba.org\/index.php?rest_route=\/wp\/v2\/users\/7"}],"replies":[{"embeddable":true,"href":"https:\/\/atecordoba.org\/index.php?rest_route=%2Fwp%2Fv2%2Fcomments&post=35608"}],"version-history":[{"count":1,"href":"https:\/\/atecordoba.org\/index.php?rest_route=\/wp\/v2\/posts\/35608\/revisions"}],"predecessor-version":[{"id":35612,"href":"https:\/\/atecordoba.org\/index.php?rest_route=\/wp\/v2\/posts\/35608\/revisions\/35612"}],"wp:featuredmedia":[{"embeddable":true,"href":"https:\/\/atecordoba.org\/index.php?rest_route=\/wp\/v2\/media\/35610"}],"wp:attachment":[{"href":"https:\/\/atecordoba.org\/index.php?rest_route=%2Fwp%2Fv2%2Fmedia&parent=35608"}],"wp:term":[{"taxonomy":"category","embeddable":true,"href":"https:\/\/atecordoba.org\/index.php?rest_route=%2Fwp%2Fv2%2Fcategories&post=35608"},{"taxonomy":"post_tag","embeddable":true,"href":"https:\/\/atecordoba.org\/index.php?rest_route=%2Fwp%2Fv2%2Ftags&post=35608"}],"curies":[{"name":"wp","href":"https:\/\/api.w.org\/{rel}","templated":true}]}}